{"id":10130,"date":"2021-04-13T12:04:54","date_gmt":"2021-04-13T10:04:54","guid":{"rendered":"https:\/\/www.sarisarkomaa.fi\/?p=10130"},"modified":"2021-04-13T12:04:57","modified_gmt":"2021-04-13T10:04:57","slug":"sari-sarkomaa-miksi-tama-ei-kay-demareille-verkkouutiset-12-4-2021","status":"publish","type":"post","link":"https:\/\/www.sarisarkomaa.fi\/?p=10130","title":{"rendered":"Sari Sarkomaa: Miksi t\u00e4m\u00e4 ei k\u00e4y demareille? (Verkkouutiset 12.4.2021)"},"content":{"rendered":"\n<p><strong>VILLE M\u00c4KIL\u00c4 |\u00a012.04.2021 | 08:50- p\u00e4ivitetty\u00a012.04.2021 | 10:24<\/strong><\/p>\n\n\n\n<p><strong>Kansanedustaja ihmettelee, miksei SDP:n puoluevaltuusto vaadi rokotuspassia.<\/strong><\/p>\n\n\n\n<p>Kansanedustaja&nbsp;<strong>Sari Sarkomaa<\/strong>&nbsp;(kok.) kysyy, voisiko p\u00e4\u00e4ministeri&nbsp;<strong>Sanna Marinin<\/strong>&nbsp;johtama SDP vaatia tuen lis\u00e4ksi rokotuspassia, jotta yritt\u00e4j\u00e4t, tapahtuma-ala ja kulttuurin tekij\u00e4t p\u00e4\u00e4isisiv\u00e4t tekem\u00e4\u00e4n ty\u00f6t\u00e4.<\/p>\n\n\n\n<p>\u2013 Suomi avattaisiin ennen yleisten rajoitusten purkua. Miksi se ei demareille k\u00e4y?, Sari Sarkomaa kysyy Twitteriss\u00e4.<\/p>\n\n\n\n<p>H\u00e4n viittaa\u00a0<em>Verkkouutisten<\/em>\u00a0<a rel=\"noreferrer noopener\" href=\"https:\/\/www.verkkouutiset.fi\/sdpn-valtuusto-vaatii-pikaista-tukea-tapahtuma-alalle\/#3459dfaa\" target=\"_blank\">artikkeliin<\/a>, jonka mukaan SDP:n puoluevaltuusto vaatii pikaista tukea tapahtuma-alalle. SDP:n puoluevaltuusto vaatii, ett\u00e4 asiasta linjataan mahdollisimman nopeasti ja ett\u00e4 tukikokonaisuus saadaan nopeasti liikkeelle.<\/p>\n","protected":false},"excerpt":{"rendered":"<p>VILLE M\u00c4KIL\u00c4 |\u00a012.04.2021 | 08:50- p\u00e4ivitetty\u00a012.04.2021 | 10:24 Kansanedustaja ihmettelee, miksei SDP:n puoluevaltuusto vaadi rokotuspassia. Kansanedustaja&nbsp;Sari Sarkomaa&nbsp;(kok.) kysyy, voisiko p\u00e4\u00e4ministeri&nbsp;Sanna Marinin&nbsp;johtama SDP vaatia tuen lis\u00e4ksi rokotuspassia, jotta yritt\u00e4j\u00e4t, tapahtuma-ala ja kulttuurin tekij\u00e4t p\u00e4\u00e4isisiv\u00e4t tekem\u00e4\u00e4n ty\u00f6t\u00e4. \u2013 Suomi avattaisiin ennen yleisten rajoitusten purkua. Miksi se ei demareille k\u00e4y?, Sari Sarkomaa kysyy Twitteriss\u00e4. H\u00e4n viittaa\u00a0Verkkouutisten\u00a0artikkeliin, jonka mukaan <a href=\"https:\/\/www.sarisarkomaa.fi\/?p=10130\" class=\"more-link\">...jatka lukemista<span class=\"screen-reader-text\"> \"Sari Sarkomaa: Miksi t\u00e4m\u00e4 ei k\u00e4y demareille? (Verkkouutiset 12.4.2021)\"<\/span><\/a><\/p>\n","protected":false},"author":1,"featured_media":0,"comment_status":"closed","ping_status":"open","sticky":false,"template":"","format":"standard","meta":[],"categories":[1],"tags":[],"_links":{"self":[{"href":"https:\/\/www.sarisarkomaa.fi\/index.php?rest_route=\/wp\/v2\/posts\/10130"}],"collection":[{"href":"https:\/\/www.sarisarkomaa.fi\/index.php?rest_route=\/wp\/v2\/posts"}],"about":[{"href":"https:\/\/www.sarisarkomaa.fi\/index.php?rest_route=\/wp\/v2\/types\/post"}],"author":[{"embeddable":true,"href":"https:\/\/www.sarisarkomaa.fi\/index.php?rest_route=\/wp\/v2\/users\/1"}],"replies":[{"embeddable":true,"href":"https:\/\/www.sarisarkomaa.fi\/index.php?rest_route=%2Fwp%2Fv2%2Fcomments&post=10130"}],"version-history":[{"count":1,"href":"https:\/\/www.sarisarkomaa.fi\/index.php?rest_route=\/wp\/v2\/posts\/10130\/revisions"}],"predecessor-version":[{"id":10131,"href":"https:\/\/www.sarisarkomaa.fi\/index.php?rest_route=\/wp\/v2\/posts\/10130\/revisions\/10131"}],"wp:attachment":[{"href":"https:\/\/www.sarisarkomaa.fi\/index.php?rest_route=%2Fwp%2Fv2%2Fmedia&parent=10130"}],"wp:term":[{"taxonomy":"category","embeddable":true,"href":"https:\/\/www.sarisarkomaa.fi\/index.php?rest_route=%2Fwp%2Fv2%2Fcategories&post=10130"},{"taxonomy":"post_tag","embeddable":true,"href":"https:\/\/www.sarisarkomaa.fi\/index.php?rest_route=%2Fwp%2Fv2%2Ftags&post=10130"}],"curies":[{"name":"wp","href":"https:\/\/api.w.org\/{rel}","templated":true}]}}