{"id":10189,"date":"2021-04-22T09:26:50","date_gmt":"2021-04-22T07:26:50","guid":{"rendered":"https:\/\/www.sarisarkomaa.fi\/?p=10189"},"modified":"2021-04-22T09:44:26","modified_gmt":"2021-04-22T07:44:26","slug":"hatahuuto-maakuntasoten-vakavista-valuvioista","status":"publish","type":"post","link":"https:\/\/www.sarisarkomaa.fi\/?p=10189","title":{"rendered":"H\u00e4t\u00e4huuto maakuntasoten vakavista valuvioista!"},"content":{"rendered":"\n<p><\/p>\n\n\n\n<p>Johtamani Helsingin ja Uudenmaan kansanedustajien neuvottelukunnan puheenjohtajiston h\u00e4t\u00e4huuto soten vakavista valuvioista alueemme ihmisten palveluihin ja kaupunkiemme elinvoimaan on julkistettu aamulla Uudenmaan liiton sivuilla.<\/p>\n\n\n\n<p>Huolet soten ongelmista ovat eduskunnan asiantuntijakuulemisissa\nmielest\u00e4ni mittavasti syventyneet. Kannan vakavaa huolta, ett\u00e4 esitys runnotaan\neduskunnassa l\u00e4pi tekem\u00e4tt\u00e4 muutoksia. Pidin t\u00e4rke\u00e4n\u00e4, ett\u00e4 johtamani\nneuvottelukunnan puheenjohtajisto otti selv\u00e4n kannan ja edellytt\u00e4\u00e4 muutoksia.\nN\u00e4en, ett\u00e4 t\u00e4m\u00e4 on yhteinen h\u00e4t\u00e4huuto.<\/p>\n\n\n\n<p><a href=\"https:\/\/www.uudenmaanliitto.fi\/uudenmaan_liitto\/uutishuone\/tiedotteet\/helsingin_ja_uudenmaan_kansanedustajien_puheenjohtajisto_uudenmaan_erityiskysymykset_huomioitava_sote-uudistuksessa.37448.blog\">https:\/\/www.uudenmaanliitto.fi\/uudenmaan_liitto\/uutishuone\/tiedotteet\/helsingin_ja_uudenmaan_kansanedustajien_puheenjohtajisto_uudenmaan_erityiskysymykset_huomioitava_sote-uudistuksessa.37448.blog<\/a><\/p>\n\n\n\n<p>Taistelen naarasleijonan lailla, ettei alueemme ihmisten palveluja\nheikennet\u00e4, ettei kotikaupunkiani ry\u00f6stet\u00e4 eik\u00e4 sen elinvoimaa nitistet\u00e4.\nElinvoimainen Helsinki ja Uusimaa on koko Suomen hyvinvoinnin ja kasvun veturi.&nbsp;<\/p>\n\n\n\n<p>Nostamme yhdess\u00e4 esille vakavan huolen huolen sote-esityksen vaikutuksista kasvavien kaupunkien investointikykyyn ja elinvoiman turvaamiseen.<\/p>\n\n\n\n<figure class=\"wp-block-image\"><img src=\"https:\/\/www.uudenmaanliitto.fi\/files\/23726\/525\/Kenk2.jpg\" alt=\"Kenk-j\u00e4rjest\u00e4ytymiskokous 7.5.2019. Kuvaaja Inka Kanerva.\"\/><\/figure>\n\n\n\n<p>Kannamme huolta kuntien kyvyst\u00e4 huolehtia j\u00e4ljelle j\u00e4\u00e4vist\u00e4 teht\u00e4vist\u00e4\u00e4n.&nbsp;<\/p>\n\n\n\n<p>Olen erityisen huolissani koulutuksen m\u00e4\u00e4r\u00e4rahoista. Alueemme\nkaupunkien mukaan maakuntasote-esitys sy\u00f6 mahdollisuuksia kaupungeissa\nj\u00e4rjest\u00e4\u00e4 laadukasta varhaiskasvatusta ja opetusta.<\/p>\n\n\n\n<p>Vaadimme puheenjohtajiston kanssa yhdess\u00e4 sote-esityksest\u00e4 puuttuvaa\nratkaisua Helsingin ja Uudenmaan sairaanhoitopiirin rahoitukseen sek\u00e4 opetuksen\nja tutkimuksen rahoittamiseen.&nbsp;<\/p>\n\n\n\n<p>Hallituksen esitys vaarantaisi muun muassa Helsingin ja Uudenmaan\nsairaanhoitopiirin HUS:in korkeatasoisen sy\u00f6p\u00e4tutkimuksen ja siten potilaiden\nmahdollisuuden saada parasta mahdollista hoitoa<\/p>\n\n\n\n<p>Nostamme esille vahvan huolen koko Uudenmaan sosiaali- ja terveyspalvelujen\nrahoitukseen kaavailluista leikkauksista sek\u00e4 pelastustoimen rahoituksen\nvajeista sek\u00e4 siit\u00e4, ett\u00e4 metropolialueen erityispiirteilt\u00e4 on monin osin\nsuljettu silm\u00e4t.<\/p>\n\n\n\n<p>Kokoomus ei voi hallituksen monin tavoin vahingollista sote- esityst\u00e4\nkannattaa. Jos&nbsp;eduskunnassa esityst\u00e4 runnotaan eteenp\u00e4in ja\nhallituspuolueet viev\u00e4t esityksen l\u00e4pi, on t\u00e4ysin v\u00e4ltt\u00e4m\u00e4t\u00f6nt\u00e4 kuulla\nHelsingin ja Uudenmaan kansanedustajien neuvottelukunnan puheenjohtajiston\nvaateet. Edellyt\u00e4mme yhdess\u00e4 esille nostamiemme ep\u00e4kohtien korjaamista.<\/p>\n\n\n\n<p>Vastuullisinta olisi vet\u00e4\u00e4 esitys pois eduskunnasta ja suunnata\nvoimavarat lis\u00e4hallinnon ja massiivisen j\u00e4rjestelm\u00e4uudistuksen sijaan ihmisten\npalveluihin sek\u00e4 koronan takia syntyneen valtavan hoitovelan korjaamiseen.<\/p>\n\n\n\n<p>Sari\nSarkomaa<\/p>\n\n\n\n<p>Kansanedustaja<\/p>\n\n\n\n<p>Kokoomuksen\neduskuntaryhm\u00e4n varapuheenjohtaja<\/p>\n","protected":false},"excerpt":{"rendered":"<p>Johtamani Helsingin ja Uudenmaan kansanedustajien neuvottelukunnan puheenjohtajiston h\u00e4t\u00e4huuto soten vakavista valuvioista alueemme ihmisten palveluihin ja kaupunkiemme elinvoimaan on julkistettu aamulla Uudenmaan liiton sivuilla. Huolet soten ongelmista ovat eduskunnan asiantuntijakuulemisissa mielest\u00e4ni mittavasti syventyneet. Kannan vakavaa huolta, ett\u00e4 esitys runnotaan eduskunnassa l\u00e4pi tekem\u00e4tt\u00e4 muutoksia. Pidin t\u00e4rke\u00e4n\u00e4, ett\u00e4 johtamani neuvottelukunnan puheenjohtajisto otti selv\u00e4n kannan ja edellytt\u00e4\u00e4 muutoksia. N\u00e4en, <a href=\"https:\/\/www.sarisarkomaa.fi\/?p=10189\" class=\"more-link\">...jatka lukemista<span class=\"screen-reader-text\"> \"H\u00e4t\u00e4huuto maakuntasoten vakavista valuvioista!\"<\/span><\/a><\/p>\n","protected":false},"author":1,"featured_media":0,"comment_status":"closed","ping_status":"open","sticky":false,"template":"","format":"standard","meta":[],"categories":[8],"tags":[],"_links":{"self":[{"href":"https:\/\/www.sarisarkomaa.fi\/index.php?rest_route=\/wp\/v2\/posts\/10189"}],"collection":[{"href":"https:\/\/www.sarisarkomaa.fi\/index.php?rest_route=\/wp\/v2\/posts"}],"about":[{"href":"https:\/\/www.sarisarkomaa.fi\/index.php?rest_route=\/wp\/v2\/types\/post"}],"author":[{"embeddable":true,"href":"https:\/\/www.sarisarkomaa.fi\/index.php?rest_route=\/wp\/v2\/users\/1"}],"replies":[{"embeddable":true,"href":"https:\/\/www.sarisarkomaa.fi\/index.php?rest_route=%2Fwp%2Fv2%2Fcomments&post=10189"}],"version-history":[{"count":3,"href":"https:\/\/www.sarisarkomaa.fi\/index.php?rest_route=\/wp\/v2\/posts\/10189\/revisions"}],"predecessor-version":[{"id":10195,"href":"https:\/\/www.sarisarkomaa.fi\/index.php?rest_route=\/wp\/v2\/posts\/10189\/revisions\/10195"}],"wp:attachment":[{"href":"https:\/\/www.sarisarkomaa.fi\/index.php?rest_route=%2Fwp%2Fv2%2Fmedia&parent=10189"}],"wp:term":[{"taxonomy":"category","embeddable":true,"href":"https:\/\/www.sarisarkomaa.fi\/index.php?rest_route=%2Fwp%2Fv2%2Fcategories&post=10189"},{"taxonomy":"post_tag","embeddable":true,"href":"https:\/\/www.sarisarkomaa.fi\/index.php?rest_route=%2Fwp%2Fv2%2Ftags&post=10189"}],"curies":[{"name":"wp","href":"https:\/\/api.w.org\/{rel}","templated":true}]}}