{"id":10286,"date":"2021-05-21T12:12:58","date_gmt":"2021-05-21T10:12:58","guid":{"rendered":"https:\/\/www.sarisarkomaa.fi\/?p=10286"},"modified":"2021-05-21T12:12:59","modified_gmt":"2021-05-21T10:12:59","slug":"kokoomuksen-kansanedustajat-paaministeri-marinin-veronkiristyslinjauksesta-kasvu-ja-hyvinvointi-eivat-synny-kiristamalla-maailman-kireimpiin-kuuluvaa-tyon-verotusta","status":"publish","type":"post","link":"https:\/\/www.sarisarkomaa.fi\/?p=10286","title":{"rendered":"Kokoomuksen kansanedustajat p\u00e4\u00e4ministeri Marinin veronkiristyslinjauksesta: \u201cKasvu ja hyvinvointi eiv\u00e4t synny kirist\u00e4m\u00e4ll\u00e4 maailman kireimpiin kuuluvaa ty\u00f6n verotusta\u201d"},"content":{"rendered":"\n<p>Tiedote 21.5.2021<\/p>\n\n\n\n<p>Julkaisuvapaa\nheti<\/p>\n\n\n\n<p><br><\/p>\n\n\n\n<p>Kokoomuksen\nkansanedustajat Anna-Kaisa Ikonen, Sari Multala ja Sari Sarkomaa ovat huolissaan\np\u00e4\u00e4ministeri Marinin johtamien Sosialidemokraattien kallistumisesta yh\u00e4 enemm\u00e4n\nvasemmistoon. P\u00e4\u00e4ministeri Marin kertoi eilen YLE:n vaalitentiss\u00e4 SDP:n\nhaluavan muuttaa kunnallisveron progressiiviseksi. Kokoomusedustajien mukaan\nty\u00f6n verotusta tulisi p\u00e4invastoin kevent\u00e4\u00e4, ei kirist\u00e4\u00e4.<\/p>\n\n\n\n<p>&nbsp;Kokoomuksen\nvarapuheenjohtaja Anna-Kaisa Ikosen mukaan Sosialidemokraattien kanssa on tehty\nmonissa kaupunginvaltuustoissa hyv\u00e4\u00e4 yhteisty\u00f6t\u00e4, jotta ahkeruutta ei\njouduttaisi rokottamaan liikaa.<\/p>\n\n\n\n<p>&nbsp;\u201cEi Marinin\njohtamilla demareilla ole ollut edes Tampereella n\u00e4in rajua halua kirist\u00e4\u00e4\nverotusta. Olemme yhteisymm\u00e4rryksess\u00e4 tehneet ty\u00f6t\u00e4 pit\u00e4\u00e4ksemme veroasteet\nmaltillisina. Olemme jakaneet demareiden kanssa ajatuksen, ettei laajaa\nhyvinvointiyhteiskuntaa pystyt\u00e4 yll\u00e4pit\u00e4m\u00e4\u00e4n, jos tapamme kannustimet\nahkeruuteen\u201d, Ikonen harmittelee.<\/p>\n\n\n\n<p>Kansanedustaja ja\nVantaan kaupunginhallituksen puheenjohtaja Sari Multalan mukaan sama on p\u00e4tenyt\nVantaalla \u2013 SDP on ymm\u00e4rt\u00e4nyt ty\u00f6n verotuksen vaikuttavan ty\u00f6nteon\nkannustavuuteen. Multala huomauttaa, ett\u00e4 sit\u00e4 pit\u00e4isi verottaa v\u00e4hemm\u00e4n, mit\u00e4\nhalutaan enemm\u00e4n.<\/p>\n\n\n\n<p>\u201cVain p\u00e4ivi\u00e4\nsitten julkaistun OECD:n selvityksen mukaan j\u00e4\u00e4mme suvereenisti muiden\nPohjoismaiden ja Baltian maiden jalkoihin investointien houkuttelussa.\nRuotsissa demarihallituksen johdolla kevennettiin verotusta kriisin keskell\u00e4 ja\nvuoden alusta viel\u00e4 ylimpi\u00e4 veroasteita. Palkansaajan verotus on nyt\nl\u00e4nsinaapurissa selv\u00e4sti kevyemp\u00e4\u00e4 jo tavallisella keskituloisella. Miten\nkuvittelemme p\u00e4rj\u00e4\u00e4v\u00e4mme naapurimaille jatkossa? Marinin hallitus pident\u00e4\u00e4\ntakamatkaamme kasaamalla velkavuorta holtittomasti sek\u00e4 tappamalla v\u00e4h\u00e4isetkin\nahkeruuden kannustimet.\u201d<\/p>\n\n\n\n<p>Kokoomuksen\neduskuntaryhm\u00e4n varapuheenjohtaja Sari Sarkomaan mukaan maailman kireimpiin\nkuuluvan verotuksen progression kirist\u00e4minen olisi myrkky\u00e4 ty\u00f6llisyydelle ja\nkoronasta elpymiselle. Suomalaisten vertailumaita heikompi ostovoima\nkurjistuisi edelleen. Progression kiristys olisi t\u00e4ystyrm\u00e4ys korkeiden asumis-\nja elinkustannusten kanssa kamppaileville tavallisille helsinkil\u00e4isille\npalkansaajille, yritt\u00e4jille ja el\u00e4kel\u00e4isille.<\/p>\n\n\n\n<p>\u201cProgression\nkirist\u00e4minen leikkaisi rujosti ty\u00f6n teon kannattavuutta ja se on t\u00e4ysin v\u00e4\u00e4r\u00e4\nsuunta. Se kutistaisi Suomen mahdollisuuksia houkutella osaavaa ty\u00f6voimaa ja\ninvestointeja. Keskituloinen suomalainen maksaa muihin eurooppalaisiin n\u00e4hden\njopa kolme prosenttiyksikk\u00f6\u00e4 kire\u00e4mp\u00e4\u00e4 veroa jo nyt. Moni veronmaksaja kysyy\neik\u00f6 mik\u00e4\u00e4n verojen m\u00e4\u00e4r\u00e4 riit\u00e4.\u201d Sarkomaa huomauttaa.<\/p>\n\n\n\n<p>Kokoomuksen\nkansanedustajat huomauttavat, ett\u00e4 ty\u00f6n verotus ja v\u00e4lilliset verot ovat jo\nkiristyneet vaalikauden aikana. Hallitus vihjailee yritysverojen kirist\u00e4misell\u00e4\nsek\u00e4 ajaa ty\u00f6n verotusta kirist\u00e4v\u00e4\u00e4 maakuntaveroa.<\/p>\n\n\n\n<p>\u201cJos jotain\nhaluaa lis\u00e4\u00e4, sit\u00e4 pit\u00e4\u00e4 verottaa v\u00e4hemm\u00e4n. Siksi kokoomus on ehdottanut ty\u00f6n\nja yritt\u00e4jyyden verotuksen kevent\u00e4mist\u00e4. Verotuksen painopiste tulisi siirt\u00e4\u00e4\nkulutukseen ja haittoihin. L\u00e4nsimaiden kireimpiin kuuluvaa kokonaisveroastetta\non v\u00e4ltt\u00e4m\u00e4t\u00f6nt\u00e4 kevent\u00e4\u00e4 pitk\u00e4ll\u00e4 aikav\u00e4lill\u00e4.\u201d, kokoomusedustajat p\u00e4\u00e4tt\u00e4v\u00e4t.<\/p>\n\n\n\n<p><strong>Lis\u00e4tiedot ja\nhaastattelupyynn\u00f6t<\/strong><\/p>\n\n\n\n<p>Anna-Kaisa\nIkonen, anna-kaisa.ikonen (at) eduskunta.fi, puh. 09 432 3062<\/p>\n\n\n\n<p>Sari Multala,\nsari.multala (at) eduskunta.fi, puh. 09 432 3101<\/p>\n\n\n\n<p>Sari Sarkomaa,\nsari.sarkomaa (at) eduskunta.fi, puh. 09 432 3033<\/p>\n","protected":false},"excerpt":{"rendered":"<p>Tiedote 21.5.2021 Julkaisuvapaa heti Kokoomuksen kansanedustajat Anna-Kaisa Ikonen, Sari Multala ja Sari Sarkomaa ovat huolissaan p\u00e4\u00e4ministeri Marinin johtamien Sosialidemokraattien kallistumisesta yh\u00e4 enemm\u00e4n vasemmistoon. P\u00e4\u00e4ministeri Marin kertoi eilen YLE:n vaalitentiss\u00e4 SDP:n haluavan muuttaa kunnallisveron progressiiviseksi. Kokoomusedustajien mukaan ty\u00f6n verotusta tulisi p\u00e4invastoin kevent\u00e4\u00e4, ei kirist\u00e4\u00e4. &nbsp;Kokoomuksen varapuheenjohtaja Anna-Kaisa Ikosen mukaan Sosialidemokraattien kanssa on tehty monissa kaupunginvaltuustoissa hyv\u00e4\u00e4 <a href=\"https:\/\/www.sarisarkomaa.fi\/?p=10286\" class=\"more-link\">...jatka lukemista<span class=\"screen-reader-text\"> \"Kokoomuksen kansanedustajat p\u00e4\u00e4ministeri Marinin veronkiristyslinjauksesta: \u201cKasvu ja hyvinvointi eiv\u00e4t synny kirist\u00e4m\u00e4ll\u00e4 maailman kireimpiin kuuluvaa ty\u00f6n verotusta\u201d\"<\/span><\/a><\/p>\n","protected":false},"author":1,"featured_media":0,"comment_status":"closed","ping_status":"open","sticky":false,"template":"","format":"standard","meta":[],"categories":[4],"tags":[],"_links":{"self":[{"href":"https:\/\/www.sarisarkomaa.fi\/index.php?rest_route=\/wp\/v2\/posts\/10286"}],"collection":[{"href":"https:\/\/www.sarisarkomaa.fi\/index.php?rest_route=\/wp\/v2\/posts"}],"about":[{"href":"https:\/\/www.sarisarkomaa.fi\/index.php?rest_route=\/wp\/v2\/types\/post"}],"author":[{"embeddable":true,"href":"https:\/\/www.sarisarkomaa.fi\/index.php?rest_route=\/wp\/v2\/users\/1"}],"replies":[{"embeddable":true,"href":"https:\/\/www.sarisarkomaa.fi\/index.php?rest_route=%2Fwp%2Fv2%2Fcomments&post=10286"}],"version-history":[{"count":1,"href":"https:\/\/www.sarisarkomaa.fi\/index.php?rest_route=\/wp\/v2\/posts\/10286\/revisions"}],"predecessor-version":[{"id":10287,"href":"https:\/\/www.sarisarkomaa.fi\/index.php?rest_route=\/wp\/v2\/posts\/10286\/revisions\/10287"}],"wp:attachment":[{"href":"https:\/\/www.sarisarkomaa.fi\/index.php?rest_route=%2Fwp%2Fv2%2Fmedia&parent=10286"}],"wp:term":[{"taxonomy":"category","embeddable":true,"href":"https:\/\/www.sarisarkomaa.fi\/index.php?rest_route=%2Fwp%2Fv2%2Fcategories&post=10286"},{"taxonomy":"post_tag","embeddable":true,"href":"https:\/\/www.sarisarkomaa.fi\/index.php?rest_route=%2Fwp%2Fv2%2Ftags&post=10286"}],"curies":[{"name":"wp","href":"https:\/\/api.w.org\/{rel}","templated":true}]}}