{"id":10327,"date":"2021-05-31T07:30:03","date_gmt":"2021-05-31T05:30:03","guid":{"rendered":"https:\/\/www.sarisarkomaa.fi\/?p=10327"},"modified":"2021-05-31T09:59:20","modified_gmt":"2021-05-31T07:59:20","slug":"tanaan-on-hyva-paiva-aanestaa","status":"publish","type":"post","link":"https:\/\/www.sarisarkomaa.fi\/?p=10327","title":{"rendered":"T\u00e4n\u00e4\u00e4n on hyv\u00e4 p\u00e4iv\u00e4 \u00e4\u00e4nest\u00e4\u00e4 &#x1f49a;"},"content":{"rendered":"\n<div class=\"wp-block-image\"><figure class=\"aligncenter is-resized\"><img loading=\"lazy\" src=\"https:\/\/www.sarisarkomaa.fi\/wp-content\/uploads\/blogi.jpg\" alt=\"\" class=\"wp-image-10334\" width=\"414\" height=\"414\" srcset=\"https:\/\/www.sarisarkomaa.fi\/wp-content\/uploads\/blogi.jpg 640w, https:\/\/www.sarisarkomaa.fi\/wp-content\/uploads\/blogi-150x150.jpg 150w, https:\/\/www.sarisarkomaa.fi\/wp-content\/uploads\/blogi-300x300.jpg 300w\" sizes=\"(max-width: 414px) 100vw, 414px\" \/><\/figure><\/div>\n\n\n\n<p><\/p>\n\n\n\n<p>T\u00e4n\u00e4\u00e4n on hyv\u00e4 p\u00e4iv\u00e4 \u00e4\u00e4nest\u00e4\u00e4.&#x1f49a;<\/p>\n\n\n\n<p>Vahva motivaatio ja tahto ty\u00f6skennell\u00e4 toimivamman kaupungin ja helsinkil\u00e4isten eteen on syttynyt haluksi palata valtuustoty\u00f6h\u00f6n kansanedustajan ty\u00f6n lis\u00e4ksi. <\/p>\n\n\n\n<p>Olen ollut useamman valtuustokauden tauolla valtuustoty\u00f6st\u00e4 mutta nyt j\u00e4lleen ehdolla. N\u00e4en, ett\u00e4 kotikaupunkimme on nyt isojen kysymysten edess\u00e4.<\/p>\n\n\n\n<p>Kolmen nuoren \u00e4itin\u00e4 ja ik\u00e4\u00e4ntyvi\u00e4 vanhempiani arjessa\ntukevana ajattelen vahvasti, ett\u00e4 kaupunkia on rakennettava kaiken ik\u00e4isille\nmonien mahdollisuuksien kotikaupungiksi.<\/p>\n\n\n\n<p>Helsingin on oltava turvallinen ja hyv\u00e4 paikka kasvaa,\noppia, asua, tehd\u00e4 ty\u00f6t\u00e4,&nbsp; yritt\u00e4\u00e4 ja\nnauttia kauniin kaupunkimme tarjoamista mahdollisuuksista ihan jokaiselle. <\/p>\n\n\n\n<p>Olen el\u00e4m\u00e4ss\u00e4 ja politiikassa ehtinyt olla monessa.\nVuodet ovat kerrytt\u00e4\u00e4 osaamista, kyky\u00e4 tehd\u00e4 p\u00e4\u00e4t\u00f6ksi\u00e4 ja yhteisty\u00f6taitoa.\nPolitiikka on yhdess\u00e4 tekemist\u00e4 ja sitkeytt\u00e4 vied\u00e4 asioita eteenp\u00e4in.\nP\u00e4\u00e4tt\u00e4jien on tunnettava tosiasiat, p\u00e4\u00e4t\u00f6sten on oltava oikeudenmukaisia ja\nniiden on my\u00f6s tunnuttava oikeilta. T\u00e4st\u00e4 ajatuksesta on syntynyt mottoni j\u00e4rki\nja tunteet.<\/p>\n\n\n\n<p>Tuki kampanjassa l\u00e4mpim\u00e4sti tervetullut. Hyv\u00e4 tapa on\nkannustaa tuttuja \u00e4\u00e4nest\u00e4m\u00e4\u00e4n. Mukaan kampanjan lopukiriin p\u00e4\u00e4see ottamalla\nminuun yhteytt\u00e4. Pieni apu, on suuri ilo.<\/p>\n\n\n\n<p>Ennakko\u00e4\u00e4nestys on kotimaassa vauhdissa 8.6.2021 asti.\nUlkomailla ennakkoon voi \u00e4\u00e4nest\u00e4\u00e4 2.\u20135.6.2021. Vaalip\u00e4iv\u00e4 on sunnuntai\n13.6.2021.<\/p>\n\n\n\n<p>Haluan kehitt\u00e4\u00e4 kotikaupunkiani&nbsp; ihmisten ja asuinalueiden \u00e4\u00e4nt\u00e4 kuullen.<\/p>\n\n\n\n<p>&#x1f49a; Vauhditan uutta ty\u00f6t\u00e4,\npalveluja ja kulttuuria luovaa yritt\u00e4jyytt\u00e4. Helsingin on oltava ty\u00f6nantajana\nedell\u00e4k\u00e4vij\u00e4. Elinvoimainen Helsinki on koko Suomen hyvinvoinnin ja talouden\nveturi. <\/p>\n\n\n\n<p>&#x1f49a; Asumista ja el\u00e4mist\u00e4 Helsingiss\u00e4 ei saa tehd\u00e4 kalliimmaksi. Asuu yksin, kaksin tai lasten kanssa, Helsingiss\u00e4 on oltava varaa asua. <\/p>\n\n\n\n<p>&#x1f49a; Ehdoton ei\nveronkorotuksille, maakuntaverolle ja -hallinnolle. Ruuhkista on p\u00e4\u00e4st\u00e4v\u00e4\nsujuvaan liikenteeseen ja toimivaan joukkoliikenteeseen. Helsinkiin kuuluvat\neri kulkumuodot ja my\u00f6s parkkipaikat.<\/p>\n\n\n\n<p>&#x1f49a; Helsinkil\u00e4isten on\nsaatava vastinetta verorahoilleen. Terveysasemalle on p\u00e4\u00e4st\u00e4v\u00e4 sujuvasti.\nJonojen sijaan k\u00e4ytt\u00f6\u00f6n on otettava vahvemmin my\u00f6s palvelusetelit. Senioreiden\nja omaishoitajien palveluihin on luotava inhimillisi\u00e4 vaihtoehtoja.<\/p>\n\n\n\n<p>&#x1f49a; T\u00e4rke\u00e4 investointimme\novat lapset ja nuoret sek\u00e4 laadukkaat koulut ja p\u00e4iv\u00e4kodit l\u00e4hell\u00e4 kotia.\nOpettajalla on oltava aikaa oppilaalle.<\/p>\n\n\n\n<p>&#x1f49a; Ihmisten valinnat ja\nkest\u00e4v\u00e4 kehitys on valjastettava muutosvoimaksi. Puhdas It\u00e4meri ja\nl\u00e4hiluontomme sek\u00e4 terve talous ovat paras perint\u00f6 lapsillemme.<\/p>\n\n\n\n<p>Ajattelen, ett\u00e4 aina on oikea hetki mietti\u00e4, miten asiat\nvoi tehd\u00e4 paremmin. Vastaan mielell\u00e4si kysymyksiin. Saa olla yhteydess\u00e4.<\/p>\n\n\n\n<p>L\u00e4het\u00e4n tuoreimpia politiikan kuulumisia eduskuntaterveisiss\u00e4 noin kerran kuukaudessa.&nbsp;Voit tilata eduskuntaterveiset l\u00e4hett\u00e4m\u00e4ll\u00e4 minulle s\u00e4hk\u00f6postia osoitteeseen sari.sarkomaa(at)eduskunta.fi tai soittamalla 050 511 3033. <\/p>\n\n\n\n<p>Sari Sarkomaa<\/p>\n\n\n\n<p>Kansanedustaja<\/p>\n\n\n\n<p>Kokoomuksen eduskuntaryhm\u00e4n varapuheenjohtaja<\/p>\n","protected":false},"excerpt":{"rendered":"<p>T\u00e4n\u00e4\u00e4n on hyv\u00e4 p\u00e4iv\u00e4 \u00e4\u00e4nest\u00e4\u00e4.&#x1f49a; Vahva motivaatio ja tahto ty\u00f6skennell\u00e4 toimivamman kaupungin ja helsinkil\u00e4isten eteen on syttynyt haluksi palata valtuustoty\u00f6h\u00f6n kansanedustajan ty\u00f6n lis\u00e4ksi. Olen ollut useamman valtuustokauden tauolla valtuustoty\u00f6st\u00e4 mutta nyt j\u00e4lleen ehdolla. N\u00e4en, ett\u00e4 kotikaupunkimme on nyt isojen kysymysten edess\u00e4. Kolmen nuoren \u00e4itin\u00e4 ja ik\u00e4\u00e4ntyvi\u00e4 vanhempiani arjessa tukevana ajattelen vahvasti, ett\u00e4 kaupunkia on rakennettava <a href=\"https:\/\/www.sarisarkomaa.fi\/?p=10327\" class=\"more-link\">...jatka lukemista<span class=\"screen-reader-text\"> \"T\u00e4n\u00e4\u00e4n on hyv\u00e4 p\u00e4iv\u00e4 \u00e4\u00e4nest\u00e4\u00e4 &#x1f49a;\"<\/span><\/a><\/p>\n","protected":false},"author":1,"featured_media":0,"comment_status":"closed","ping_status":"open","sticky":false,"template":"","format":"standard","meta":[],"categories":[8],"tags":[],"_links":{"self":[{"href":"https:\/\/www.sarisarkomaa.fi\/index.php?rest_route=\/wp\/v2\/posts\/10327"}],"collection":[{"href":"https:\/\/www.sarisarkomaa.fi\/index.php?rest_route=\/wp\/v2\/posts"}],"about":[{"href":"https:\/\/www.sarisarkomaa.fi\/index.php?rest_route=\/wp\/v2\/types\/post"}],"author":[{"embeddable":true,"href":"https:\/\/www.sarisarkomaa.fi\/index.php?rest_route=\/wp\/v2\/users\/1"}],"replies":[{"embeddable":true,"href":"https:\/\/www.sarisarkomaa.fi\/index.php?rest_route=%2Fwp%2Fv2%2Fcomments&post=10327"}],"version-history":[{"count":5,"href":"https:\/\/www.sarisarkomaa.fi\/index.php?rest_route=\/wp\/v2\/posts\/10327\/revisions"}],"predecessor-version":[{"id":10337,"href":"https:\/\/www.sarisarkomaa.fi\/index.php?rest_route=\/wp\/v2\/posts\/10327\/revisions\/10337"}],"wp:attachment":[{"href":"https:\/\/www.sarisarkomaa.fi\/index.php?rest_route=%2Fwp%2Fv2%2Fmedia&parent=10327"}],"wp:term":[{"taxonomy":"category","embeddable":true,"href":"https:\/\/www.sarisarkomaa.fi\/index.php?rest_route=%2Fwp%2Fv2%2Fcategories&post=10327"},{"taxonomy":"post_tag","embeddable":true,"href":"https:\/\/www.sarisarkomaa.fi\/index.php?rest_route=%2Fwp%2Fv2%2Ftags&post=10327"}],"curies":[{"name":"wp","href":"https:\/\/api.w.org\/{rel}","templated":true}]}}