{"id":10346,"date":"2021-06-03T07:48:37","date_gmt":"2021-06-03T05:48:37","guid":{"rendered":"https:\/\/www.sarisarkomaa.fi\/?p=10346"},"modified":"2021-06-03T07:48:40","modified_gmt":"2021-06-03T05:48:40","slug":"sari-sarkomaa-paaministerin-on-puhallettava-peli-poikki-verkkouutiset-2-6-2021","status":"publish","type":"post","link":"https:\/\/www.sarisarkomaa.fi\/?p=10346","title":{"rendered":"Sari Sarkomaa: P\u00e4\u00e4ministerin on puhallettava peli poikki (Verkkouutiset 2.6.2021)"},"content":{"rendered":"\n<p><strong>ANTTI KIRKKALA<\/strong><\/p>\n\n\n\n<p>Kansanedustajan mukaan maakuntamallia kaupataan eduskunnalle kuin sikaa s\u00e4kiss\u00e4.<\/p>\n\n\n\n<p>Kokoomuksen kansanedustaja&nbsp;<strong>Sari Sarkomaa<\/strong>&nbsp;painottaa, ett\u00e4 hallituksella voi olla vain yksi kanta maakuntaveroon liittyen.<\/p>\n\n\n\n<p>Asiasta oli erimielisyytt\u00e4 my\u00f6s keskiviikkona j\u00e4rjestetyss\u00e4&nbsp;<a href=\"https:\/\/www.iltalehti.fi\/politiikka\/a\/0be7e644-dedf-4515-82ba-435a0f86eba1\" target=\"_blank\" rel=\"noreferrer noopener\"><em>Iltalehden<\/em><\/a>&nbsp;kuntavaalitentiss\u00e4. Vasemmistoliiton&nbsp;<strong>Li Andersson<\/strong>&nbsp;ja vihreiden&nbsp;<strong>Maria Ohisalo<\/strong>&nbsp;pitiv\u00e4t veron k\u00e4ytt\u00f6\u00f6nottoa itsest\u00e4\u00e4nselv\u00e4n\u00e4, sill\u00e4 asiasta l\u00f6ytyy kirjaus hallitusohjelmasta.<\/p>\n\n\n\n<p>Anderssonin mukaan sote- ja maakuntauudistukseen liittyv\u00e4 itsehallinto ei k\u00e4yt\u00e4nn\u00f6ss\u00e4 toteutuisi ilman maakuntaveroa. H\u00e4n sanoi, ett\u00e4 uudistus j\u00e4isi muuten vain vallansiirroksi \u201dHelsingin virkamiehille\u201d, mik\u00e4 tuskin on keskustan tavoitteena.<\/p>\n\n\n\n<p>Keskustan puheenjohtaja&nbsp;<strong>Annika Saarikko<\/strong>&nbsp;asetti useita ehtoja maakuntaveron toteuttamiselle. H\u00e4nen mukaansa rakenneuudistus on viet\u00e4v\u00e4 ensin l\u00e4pi eduskunnassa, mink\u00e4 j\u00e4lkeen veroasiaan voidaan palata my\u00f6hemmin. Keskustasta on kuultu jo aiemmin ep\u00e4ilevi\u00e4 kommentteja maakuntaverosta siihen liittyvien&nbsp;<a href=\"https:\/\/www.verkkouutiset.fi\/matti-vanhanen-maakuntaveroon-liittyy-todella-suuria-ongelmia\/\" target=\"_blank\" rel=\"noreferrer noopener\">merkitt\u00e4vien ongelmien<\/a>&nbsp;vuoksi.<\/p>\n\n\n\n<p>P\u00e4\u00e4ministeri&nbsp;<strong>Sanna Marin<\/strong>&nbsp;(sd.) oli vaalikeskustelussa Saarikon linjoilla ja totesi, ettei kaikkea tarvitse vied\u00e4 kerralla l\u00e4pi.<\/p>\n\n\n\n<p>Sari Sarkomaa h\u00e4mm\u00e4stelee tilannetta.<\/p>\n\n\n\n<p>\u2013 P\u00e4\u00e4ministeri Marinin on syyt\u00e4 astua esiin ja puhaltaa peli poikki. Vasemmistovihre\u00e4t ministerit ovat l\u00e4hes toistensa tukissa kiinni kiistelless\u00e4\u00e4n hallituksen maakuntaverokannasta. Hallituksella voi olla vain yksi kanta, ja p\u00e4\u00e4ministerin on se nyt viivyttelem\u00e4tt\u00e4 kerrottava, Sarkomaa kirjoittaa Facebookissa.<\/p>\n\n\n\n<p>H\u00e4n huomauttaa Annika Saarikon v\u00e4ltelleen suoran vastauksen antamista asiaan my\u00f6s viime viikon kyselytunnilla eduskunnassa.<\/p>\n\n\n\n<p>\u2013 Eduskunnalla ja suomalaisilla on oikeus tiet\u00e4\u00e4. Maakuntamalliesityst\u00e4 on eduskunnan mahdoton k\u00e4sitell\u00e4, kun edes hallituksella ei ole yhteist\u00e4 n\u00e4kemyst\u00e4 historiallisen suuren hallintouudistuksen rahoituksesta, Sarkomaa sanoo.<\/p>\n\n\n\n<p>\u2013 Maakuntamallia kaupataan eduskunnalle kuin sikaa s\u00e4kiss\u00e4. Kokoomus ei sit\u00e4 osta. Kuopataan maakuntamalli ja -vero. Laitetaan verorahat ihmisten palveluihin.<\/p>\n\n\n","protected":false},"excerpt":{"rendered":"<p>ANTTI KIRKKALA Kansanedustajan mukaan maakuntamallia kaupataan eduskunnalle kuin sikaa s\u00e4kiss\u00e4. Kokoomuksen kansanedustaja&nbsp;Sari Sarkomaa&nbsp;painottaa, ett\u00e4 hallituksella voi olla vain yksi kanta maakuntaveroon liittyen. Asiasta oli erimielisyytt\u00e4 my\u00f6s keskiviikkona j\u00e4rjestetyss\u00e4&nbsp;Iltalehden&nbsp;kuntavaalitentiss\u00e4. Vasemmistoliiton&nbsp;Li Andersson&nbsp;ja vihreiden&nbsp;Maria Ohisalo&nbsp;pitiv\u00e4t veron k\u00e4ytt\u00f6\u00f6nottoa itsest\u00e4\u00e4nselv\u00e4n\u00e4, sill\u00e4 asiasta l\u00f6ytyy kirjaus hallitusohjelmasta. Anderssonin mukaan sote- ja maakuntauudistukseen liittyv\u00e4 itsehallinto ei k\u00e4yt\u00e4nn\u00f6ss\u00e4 toteutuisi ilman maakuntaveroa. H\u00e4n sanoi, ett\u00e4 <a href=\"https:\/\/www.sarisarkomaa.fi\/?p=10346\" class=\"more-link\">...jatka lukemista<span class=\"screen-reader-text\"> \"Sari Sarkomaa: P\u00e4\u00e4ministerin on puhallettava peli poikki (Verkkouutiset 2.6.2021)\"<\/span><\/a><\/p>\n","protected":false},"author":1,"featured_media":0,"comment_status":"closed","ping_status":"open","sticky":false,"template":"","format":"standard","meta":[],"categories":[1],"tags":[],"_links":{"self":[{"href":"https:\/\/www.sarisarkomaa.fi\/index.php?rest_route=\/wp\/v2\/posts\/10346"}],"collection":[{"href":"https:\/\/www.sarisarkomaa.fi\/index.php?rest_route=\/wp\/v2\/posts"}],"about":[{"href":"https:\/\/www.sarisarkomaa.fi\/index.php?rest_route=\/wp\/v2\/types\/post"}],"author":[{"embeddable":true,"href":"https:\/\/www.sarisarkomaa.fi\/index.php?rest_route=\/wp\/v2\/users\/1"}],"replies":[{"embeddable":true,"href":"https:\/\/www.sarisarkomaa.fi\/index.php?rest_route=%2Fwp%2Fv2%2Fcomments&post=10346"}],"version-history":[{"count":1,"href":"https:\/\/www.sarisarkomaa.fi\/index.php?rest_route=\/wp\/v2\/posts\/10346\/revisions"}],"predecessor-version":[{"id":10347,"href":"https:\/\/www.sarisarkomaa.fi\/index.php?rest_route=\/wp\/v2\/posts\/10346\/revisions\/10347"}],"wp:attachment":[{"href":"https:\/\/www.sarisarkomaa.fi\/index.php?rest_route=%2Fwp%2Fv2%2Fmedia&parent=10346"}],"wp:term":[{"taxonomy":"category","embeddable":true,"href":"https:\/\/www.sarisarkomaa.fi\/index.php?rest_route=%2Fwp%2Fv2%2Fcategories&post=10346"},{"taxonomy":"post_tag","embeddable":true,"href":"https:\/\/www.sarisarkomaa.fi\/index.php?rest_route=%2Fwp%2Fv2%2Ftags&post=10346"}],"curies":[{"name":"wp","href":"https:\/\/api.w.org\/{rel}","templated":true}]}}