{"id":10350,"date":"2021-06-03T12:20:57","date_gmt":"2021-06-03T10:20:57","guid":{"rendered":"https:\/\/www.sarisarkomaa.fi\/?p=10350"},"modified":"2021-06-03T12:21:00","modified_gmt":"2021-06-03T10:21:00","slug":"kokoomuksen-sarkomaa-kulttuuri-ei-saa-kuolla-koronaan-eika-hallituksen-tekemattomyyteen","status":"publish","type":"post","link":"https:\/\/www.sarisarkomaa.fi\/?p=10350","title":{"rendered":"Kokoomuksen Sarkomaa: Kulttuuri ei saa kuolla koronaan \u2013 eik\u00e4 hallituksen tekem\u00e4tt\u00f6myyteen"},"content":{"rendered":"\n<p>Tiedote 3.6.2021<br>Julkaisuvapaa heti<\/p>\n\n\n\n<p>Kokoomuksen eduskuntaryhm\u00e4n\nvarapuheenjohtaja <strong>Sari Sarkomaa<\/strong> on huolissaan koronan kurittamasta\nkulttuuri- ja tapahtuma-alasta. Alan toiminta perustuu pitk\u00e4lti\nyleis\u00f6tilaisuuksiin, jotka ovat olleet kiellettyj\u00e4. Sarkomaa puhui t\u00e4n\u00e4\u00e4n\nkulttuuri- ja tapahtuma-alan mielenilmauksessa, joka j\u00e4rjestettiin\nEduskuntatalon portailla ja kansalaistorilla.<\/p>\n\n\n\n<p>\u201dKulttuuri- ja tapahtuma-ala on\nollut liian pitk\u00e4\u00e4n suljettuna. Alaa olisi pit\u00e4nyt avata terveysturvallisesta,\ntapahtuman j\u00e4rjest\u00e4ji\u00e4 kanssa yhdess\u00e4 ja avoimesti toimien&nbsp;samaan aikaan,\nkun muuta yhteiskuntaa ja muitakin elinkeinoja on avattu.&nbsp;Tapahtuma- ja\nkulttuurialan ep\u00e4tasa-arvoiselle kohtelulle ei ole mit\u00e4\u00e4n perusteita\u201d, Sarkomaa\nsanoi.<\/p>\n\n\n\n<p>Sarkomaan mukaan tarvitaan\nenemm\u00e4n ajattelua siit\u00e4, miten jokin on mahdollista eik\u00e4 vain, miten toimintaa\nvoidaan yh\u00e4 rajoittaa. <\/p>\n\n\n\n<p>\u201dEsimerkiksi Olympiastadionilla\nsaa olla vain 50 henke\u00e4, mutta muualla on sitten toisin. Ravintolassa\nhenkil\u00f6m\u00e4\u00e4r\u00e4 on t\u00e4ysin eri, kun levyn soittamisen sijaan paikalla on\nesiintyj\u00e4.&nbsp;Kokoomus on esitt\u00e4nyt tolkkua rajoituksiin ja muutoksia\ntartuntatautilakiin. Ne on tylysti hallituspuolueiden edustajien toimesta\n\u00e4\u00e4nestetty kumoon\u201d, Sarkomaa sanoi.<\/p>\n\n\n\n<p>\u201dMe kokoomuksen\neduskuntaryhm\u00e4ss\u00e4, kuten varmasti kaikki suomalaiset, haluamme kulttuurin ja\ntapahtumat takaisin. Kymmenet tuhannet osaavat kulttuurin ammattilaiset ja\nyritykset on p\u00e4\u00e4stett\u00e4v\u00e4 terveysturvallisesti tekem\u00e4\u00e4n ty\u00f6t\u00e4\u00e4n. N\u00e4in\nmerkitt\u00e4v\u00e4n ja valtavan joukon ollessa vailla ty\u00f6t\u00e4 ja turvaa yli vuoden, on\ntilanne hyvin vakava\u201d, Sarkomaa sanoi.<\/p>\n\n\n\n<p>Sarkomaan mukaan kulttuuri- ja\ntapahtuma-alan avaamisen viivyttely ja ammatinharjoittamisen kielt\u00e4misest\u00e4\nmaksettavien korvausten maksun viivyttely on tullut monin tavoin kalliiksi.\nSarkomaan mielest\u00e4 ala olisi ansainnut ennakoitavuutta koronarajoitustoimien\nsuhteen. Sarkomaa muistutti, ett\u00e4 kokoomus on esitt\u00e4nyt Suomen avaamista ja\ntapahtumien terveysturvallista j\u00e4rjest\u00e4mist\u00e4 esimerkiksi koronatodistusten ja\npikatestien avulla.<\/p>\n\n\n\n<p>\u201dKokoomuksen vauhdittamana\neduskunta hyv\u00e4ksyi&nbsp;lausuman, jossa edellytet\u00e4\u00e4n, ett\u00e4 taiteen ja\nkulttuurin alan ammattilaisille kohdennettujen koronatukien my\u00f6nt\u00e4misess\u00e4 on\nhallituksen huolehdittava, ettei v\u00e4liinputoajaryhmi\u00e4 p\u00e4\u00e4se syntym\u00e4\u00e4n.\nP\u00e4\u00e4t\u00f6ksenteossa on pyritt\u00e4v\u00e4 ottamaan huomioon my\u00f6s ne tahot, jotka eiv\u00e4t ole\naikaisemmin p\u00e4\u00e4sseet tuen piiriin. T\u00e4m\u00e4 oli eduskunnan vahva viesti\nhallitukselle\u201d, Sarkomaa sanoi.<\/p>\n\n\n\n<p>\u201dKulttuuri ja tapahtumat eiv\u00e4t\nsaa kuolla koronaan \u2013 eik\u00e4 hallituksen tekem\u00e4tt\u00f6myyteen\u201d, Sarkomaa sanoi.<\/p>\n\n\n\n<p><strong>Lis\u00e4tiedot:<\/strong><\/p>\n\n\n\n<p>Sari Sarkomaa, puh. 09 432 3033<\/p>\n","protected":false},"excerpt":{"rendered":"<p>Tiedote 3.6.2021Julkaisuvapaa heti Kokoomuksen eduskuntaryhm\u00e4n varapuheenjohtaja Sari Sarkomaa on huolissaan koronan kurittamasta kulttuuri- ja tapahtuma-alasta. Alan toiminta perustuu pitk\u00e4lti yleis\u00f6tilaisuuksiin, jotka ovat olleet kiellettyj\u00e4. Sarkomaa puhui t\u00e4n\u00e4\u00e4n kulttuuri- ja tapahtuma-alan mielenilmauksessa, joka j\u00e4rjestettiin Eduskuntatalon portailla ja kansalaistorilla. \u201dKulttuuri- ja tapahtuma-ala on ollut liian pitk\u00e4\u00e4n suljettuna. Alaa olisi pit\u00e4nyt avata terveysturvallisesta, tapahtuman j\u00e4rjest\u00e4ji\u00e4 kanssa yhdess\u00e4 ja <a href=\"https:\/\/www.sarisarkomaa.fi\/?p=10350\" class=\"more-link\">...jatka lukemista<span class=\"screen-reader-text\"> \"Kokoomuksen Sarkomaa: Kulttuuri ei saa kuolla koronaan \u2013 eik\u00e4 hallituksen tekem\u00e4tt\u00f6myyteen\"<\/span><\/a><\/p>\n","protected":false},"author":1,"featured_media":0,"comment_status":"closed","ping_status":"open","sticky":false,"template":"","format":"standard","meta":[],"categories":[4],"tags":[],"_links":{"self":[{"href":"https:\/\/www.sarisarkomaa.fi\/index.php?rest_route=\/wp\/v2\/posts\/10350"}],"collection":[{"href":"https:\/\/www.sarisarkomaa.fi\/index.php?rest_route=\/wp\/v2\/posts"}],"about":[{"href":"https:\/\/www.sarisarkomaa.fi\/index.php?rest_route=\/wp\/v2\/types\/post"}],"author":[{"embeddable":true,"href":"https:\/\/www.sarisarkomaa.fi\/index.php?rest_route=\/wp\/v2\/users\/1"}],"replies":[{"embeddable":true,"href":"https:\/\/www.sarisarkomaa.fi\/index.php?rest_route=%2Fwp%2Fv2%2Fcomments&post=10350"}],"version-history":[{"count":1,"href":"https:\/\/www.sarisarkomaa.fi\/index.php?rest_route=\/wp\/v2\/posts\/10350\/revisions"}],"predecessor-version":[{"id":10351,"href":"https:\/\/www.sarisarkomaa.fi\/index.php?rest_route=\/wp\/v2\/posts\/10350\/revisions\/10351"}],"wp:attachment":[{"href":"https:\/\/www.sarisarkomaa.fi\/index.php?rest_route=%2Fwp%2Fv2%2Fmedia&parent=10350"}],"wp:term":[{"taxonomy":"category","embeddable":true,"href":"https:\/\/www.sarisarkomaa.fi\/index.php?rest_route=%2Fwp%2Fv2%2Fcategories&post=10350"},{"taxonomy":"post_tag","embeddable":true,"href":"https:\/\/www.sarisarkomaa.fi\/index.php?rest_route=%2Fwp%2Fv2%2Ftags&post=10350"}],"curies":[{"name":"wp","href":"https:\/\/api.w.org\/{rel}","templated":true}]}}