{"id":10355,"date":"2021-06-03T15:08:02","date_gmt":"2021-06-03T13:08:02","guid":{"rendered":"https:\/\/www.sarisarkomaa.fi\/?p=10355"},"modified":"2021-06-03T15:16:18","modified_gmt":"2021-06-03T13:16:18","slug":"stoppi-tapahtuma-ja-kulttuurialan-epatasa-arvoiselle-kohtelulle","status":"publish","type":"post","link":"https:\/\/www.sarisarkomaa.fi\/?p=10355","title":{"rendered":"Stoppi tapahtuma- ja kulttuurialan ep\u00e4tasa-arvoiselle kohtelulle"},"content":{"rendered":"\n<div class=\"wp-block-image\"><figure class=\"aligncenter is-resized\"><img loading=\"lazy\" src=\"https:\/\/www.sarisarkomaa.fi\/wp-content\/uploads\/194661278_4442156005818111_5474121500930687259_n.jpg\" alt=\"\" class=\"wp-image-10359\" width=\"386\" height=\"515\" srcset=\"https:\/\/www.sarisarkomaa.fi\/wp-content\/uploads\/194661278_4442156005818111_5474121500930687259_n.jpg 720w, https:\/\/www.sarisarkomaa.fi\/wp-content\/uploads\/194661278_4442156005818111_5474121500930687259_n-225x300.jpg 225w, https:\/\/www.sarisarkomaa.fi\/wp-content\/uploads\/194661278_4442156005818111_5474121500930687259_n-640x853.jpg 640w\" sizes=\"(max-width: 386px) 100vw, 386px\" \/><\/figure><\/div>\n\n\n\n<p>Otin t\u00e4n\u00e4\u00e4n vastaan kulttuuri- ja\ntapahtuma-alan \u201dMitta on t\u00e4ysi\u201d -mielenilmauksessa julkilausuman kokoomuksen\neduskuntaryhm\u00e4n edustajana. Eduskunnalle luovutettiin mielenilmauksen\nyhteydess\u00e4 julkilausuma, jonka on allekirjoittanut 171 luovan alan yhteis\u00f6\u00e4 ja\ntoimijaa.<\/p>\n\n\n\n<p>Me kokoomuksen eduskuntaryhm\u00e4ss\u00e4, kuten varmasti kaikki suomalaiset,\nhaluamme kulttuurin ja tapahtumat takaisin. Kymmenettuhannet osaavat kulttuurin\nammattilaiset ja yritykset on p\u00e4\u00e4stett\u00e4v\u00e4 terveysturvallisesti tekem\u00e4\u00e4n\nty\u00f6t\u00e4\u00e4n. N\u00e4in merkitt\u00e4v\u00e4n ja valtavan joukon ollessa vailla ty\u00f6t\u00e4 ja turvaa yli\nvuoden, on tilanne hyvin vakava.<\/p>\n\n\n\n<p>Tapahtuma- ala ja kulttuuri on ollut liian pitk\u00e4\u00e4n suljettuna. Alaa\nolisi pit\u00e4nyt avata terveysturvallisesta, tapahtuman j\u00e4rjest\u00e4ji\u00e4 kuullen,\nyhdess\u00e4 ja avoimesti toimien&nbsp;samaan aikaan, kun muuta yhteiskuntaa ja\nmuitakin elinkeinoja on avattu.&nbsp;Tapahtuma- ja kulttuurialan\nep\u00e4tasa-arvoiselle kohtelulle ei ole mit\u00e4\u00e4n perusteita.<\/p>\n\n\n\n<p>Kulttuuri- ja tapahtuma-alan avaamisen viivyttely on tullut monin\ntavoin kalliiksi. Ala olisi ansainnut ennakoitavuutta koronarajoitustoimien\nsuhteen. Olemme kokoomuksessa esitt\u00e4neet Suomen avaamista ja tapahtumien\nterveysturvallisten tapahtumien j\u00e4rjest\u00e4mist\u00e4 esimerkiksi koronatodistusten ja\npikatestien avulla.<\/p>\n\n\n\n<p>Viivyttely on tullut monin tavoin liian kalliiksi. Kulttuuri- ja\ntapahtuma-ala olisi ansainnut ennakoitavuutta rajoitustoimenpiteiden osalta. Me\nkannatamme sit\u00e4, ett\u00e4 Suomi ottaisi k\u00e4ytt\u00f6\u00f6n kaikki turvalliset keinot, joilla\nmaamme avaaminen ja tapahtumien terveysturvallinen j\u00e4rjest\u00e4minen vauhdittuu.\nMy\u00f6s koronatodistukset sek\u00e4 pikatestit.<\/p>\n\n\n\n<p>Tarvitsemme enemm\u00e4n ajattelua, joka l\u00e4htee siit\u00e4, miten jokin on\nmahdollista&nbsp;eik\u00e4 vain, miten voidaan yh\u00e4 toimintaa rajoittaa. On\nymm\u00e4rrett\u00e4v\u00e4, ett\u00e4 kulttuuri- ja tapahtuma-alan ammattilaiset ovat huippuosaajia,\njotka pystyv\u00e4t j\u00e4rjest\u00e4m\u00e4\u00e4n tilaisuuksia terveysturvallisesti.<\/p>\n\n\n\n<p>Jokainen ymm\u00e4rt\u00e4\u00e4 tilanteen j\u00e4rjett\u00f6myyden. Olympiastadionilla saa\nolla vain 50 henke\u00e4, mutta muualla on sitten toisin. Ravintolassa henkil\u00f6m\u00e4\u00e4r\u00e4\non t\u00e4ysin eri, kun levyn soittamisen sijaan paikalla on\nesiintyj\u00e4.&nbsp;Kokoomus on esitt\u00e4nyt tolkkua rajoituksiin ja muutoksia\ntartuntatautilakiin. Ne on tylysti hallituspuolueet aina \u00e4\u00e4nest\u00e4neet kumoon<\/p>\n\n\n\n<p>Kun elinkeinovapautta on rajoitettu, on p\u00e4iv\u00e4nselv\u00e4\u00e4, ett\u00e4 julkisen\nvallan on korvattava t\u00e4st\u00e4 aiheutuneet vahingot. On vakavaa, ett\u00e4 hallitus on\nt\u00e4ss\u00e4 viivytellyt<\/p>\n\n\n\n<p>Kokoomuksen vauhdittamana eduskunta hyv\u00e4ksyi&nbsp;lausuman, jossa edellytet\u00e4\u00e4n, ett\u00e4 taiteen ja kulttuurin alan ammattilaisille kohdennettujen koronatukien my\u00f6nt\u00e4misess\u00e4 on hallituksen huolehdittava, ettei v\u00e4liinputoajaryhmi\u00e4 p\u00e4\u00e4se syntym\u00e4\u00e4n. <\/p>\n\n\n\n<p>P\u00e4\u00e4t\u00f6ksenteossa on pyritt\u00e4v\u00e4 ottamaan huomioon my\u00f6s ne tahot, jotka eiv\u00e4t ole aikaisemmin p\u00e4\u00e4sseet tuen piiriin. T\u00e4m\u00e4 oli eduskunnan vahva viesti hallitukselle.<\/p>\n\n\n\n<p>Kulttuuri toimialana rakentaa sivistyst\u00e4 ja hyvinvointia ja tuo ty\u00f6t\u00e4\nsek\u00e4 yritt\u00e4jyytt\u00e4. Tulevaisuuden kannalta alaan kannattaa investoida. Kokoomus\nkannattaa kulttuuri palveluiden saavutettavuuden lis\u00e4\u00e4mist\u00e4 ja alan\ntoimintamahdollisuuksien kehitt\u00e4mist\u00e4.<\/p>\n\n\n\n<p>Me kokoomuslaiset olemme huolissamme kuten kulttuuri- ja\ntapahtuma-alan toimijat v\u00e4henevien rahapelituottojen vaikutuksesta kulttuuriin.\nPid\u00e4n v\u00e4ltt\u00e4m\u00e4tt\u00f6m\u00e4n\u00e4, ett\u00e4 t\u00e4h\u00e4n l\u00f6ydet\u00e4\u00e4n kest\u00e4v\u00e4 ratkaisu. P\u00e4\u00e4tin puheeni\ntoteamalla, ett\u00e4 kokoomus on valmis v\u00e4litt\u00f6m\u00e4sti laittamaan tolkun nykyiseen\ntilanteeseen ja l\u00f6yt\u00e4m\u00e4\u00e4n ratkaisuja luovien alojen ahdinkoon.<\/p>\n\n\n\n<p>Kulttuuri eik\u00e4 tapahtumat saa kuolla koronaan \u2013 eik\u00e4 hallituksen tekem\u00e4tt\u00f6myyteen.<\/p>\n\n\n\n<p>L\u00e4het\u00e4n tuoreimpia politiikan kuulumisia eduskuntaterveisiss\u00e4 noin kerran kuukaudessa.&nbsp;Voit tilata eduskuntaterveiset l\u00e4hett\u00e4m\u00e4ll\u00e4 minulle s\u00e4hk\u00f6postia osoitteeseen sari.sarkomaa(at)eduskunta.fi tai soittamalla 050 511 3033.<\/p>\n\n\n\n<p>Sari Sarkomaa<\/p>\n\n\n\n<p>Kansanedustaja<\/p>\n\n\n\n<p>Kokoomuksen eduskuntaryhm\u00e4n varapuheenjohtaja<\/p>\n","protected":false},"excerpt":{"rendered":"<p>Otin t\u00e4n\u00e4\u00e4n vastaan kulttuuri- ja tapahtuma-alan \u201dMitta on t\u00e4ysi\u201d -mielenilmauksessa julkilausuman kokoomuksen eduskuntaryhm\u00e4n edustajana. Eduskunnalle luovutettiin mielenilmauksen yhteydess\u00e4 julkilausuma, jonka on allekirjoittanut 171 luovan alan yhteis\u00f6\u00e4 ja toimijaa. Me kokoomuksen eduskuntaryhm\u00e4ss\u00e4, kuten varmasti kaikki suomalaiset, haluamme kulttuurin ja tapahtumat takaisin. Kymmenettuhannet osaavat kulttuurin ammattilaiset ja yritykset on p\u00e4\u00e4stett\u00e4v\u00e4 terveysturvallisesti tekem\u00e4\u00e4n ty\u00f6t\u00e4\u00e4n. N\u00e4in merkitt\u00e4v\u00e4n ja valtavan <a href=\"https:\/\/www.sarisarkomaa.fi\/?p=10355\" class=\"more-link\">...jatka lukemista<span class=\"screen-reader-text\"> \"Stoppi tapahtuma- ja kulttuurialan ep\u00e4tasa-arvoiselle kohtelulle\"<\/span><\/a><\/p>\n","protected":false},"author":1,"featured_media":0,"comment_status":"closed","ping_status":"open","sticky":false,"template":"","format":"standard","meta":[],"categories":[1],"tags":[],"_links":{"self":[{"href":"https:\/\/www.sarisarkomaa.fi\/index.php?rest_route=\/wp\/v2\/posts\/10355"}],"collection":[{"href":"https:\/\/www.sarisarkomaa.fi\/index.php?rest_route=\/wp\/v2\/posts"}],"about":[{"href":"https:\/\/www.sarisarkomaa.fi\/index.php?rest_route=\/wp\/v2\/types\/post"}],"author":[{"embeddable":true,"href":"https:\/\/www.sarisarkomaa.fi\/index.php?rest_route=\/wp\/v2\/users\/1"}],"replies":[{"embeddable":true,"href":"https:\/\/www.sarisarkomaa.fi\/index.php?rest_route=%2Fwp%2Fv2%2Fcomments&post=10355"}],"version-history":[{"count":2,"href":"https:\/\/www.sarisarkomaa.fi\/index.php?rest_route=\/wp\/v2\/posts\/10355\/revisions"}],"predecessor-version":[{"id":10360,"href":"https:\/\/www.sarisarkomaa.fi\/index.php?rest_route=\/wp\/v2\/posts\/10355\/revisions\/10360"}],"wp:attachment":[{"href":"https:\/\/www.sarisarkomaa.fi\/index.php?rest_route=%2Fwp%2Fv2%2Fmedia&parent=10355"}],"wp:term":[{"taxonomy":"category","embeddable":true,"href":"https:\/\/www.sarisarkomaa.fi\/index.php?rest_route=%2Fwp%2Fv2%2Fcategories&post=10355"},{"taxonomy":"post_tag","embeddable":true,"href":"https:\/\/www.sarisarkomaa.fi\/index.php?rest_route=%2Fwp%2Fv2%2Ftags&post=10355"}],"curies":[{"name":"wp","href":"https:\/\/api.w.org\/{rel}","templated":true}]}}