{"id":10366,"date":"2021-06-04T13:49:28","date_gmt":"2021-06-04T11:49:28","guid":{"rendered":"https:\/\/www.sarisarkomaa.fi\/?p=10366"},"modified":"2021-06-04T13:49:30","modified_gmt":"2021-06-04T11:49:30","slug":"kokoomus-julkaisi-teesit-ikaystavallisten-kuntien-rakentamiseksi-persoonallisuus-ei-jaa-elakkeelle%ef%bb%bf","status":"publish","type":"post","link":"https:\/\/www.sarisarkomaa.fi\/?p=10366","title":{"rendered":"Kokoomus julkaisi teesit ik\u00e4yst\u00e4v\u00e4llisten kuntien rakentamiseksi \u2013 \u201cPersoonallisuus ei j\u00e4\u00e4 el\u00e4kkeelle\u201d\ufeff"},"content":{"rendered":"\n<p>Tiedote 4.6.2021<br>Julkaisuvapaa heti<br><\/p>\n\n\n\n<p>Kokoomuksen eduskuntaryhm\u00e4\njulkaisi t\u00e4n\u00e4\u00e4n 10 teesi\u00e4 ik\u00e4yst\u00e4v\u00e4llisten kuntien rakentamiseksi. Eduskuntaryhm\u00e4n mukaan kuntia on kehitett\u00e4v\u00e4 hyviksi paikoiksi\nasua ja el\u00e4\u00e4 omann\u00e4k\u00f6ist\u00e4 el\u00e4m\u00e4\u00e4 kaikenik\u00e4isille kuntalaisille. Teesien\nvalmistelua johti eduskuntaryhm\u00e4n varapuheenjohtaja ja kokoomuksen\nseniorifoorumin puheenjohtaja <strong>Sari Sarkomaa<\/strong>.<\/p>\n\n\n\n<p>&nbsp;\u201cIk\u00e4yst\u00e4v\u00e4llisess\u00e4\nkunnassa ihmisi\u00e4 arvostetaan riippumatta ik\u00e4vuosien m\u00e4\u00e4r\u00e4st\u00e4.&nbsp;Yh\u00e4\nuseampi suomalainen on terve ja toimintakykyinen vuosikymmeni\u00e4 el\u00e4kkeelle\nsiirtymisens\u00e4 j\u00e4lkeen. Ik\u00e4yst\u00e4v\u00e4llisten kuntien rakentaminen ei tarkoita\nainoastaan vanhuspalveluiden parantamista, vaan kokonaisvaltaista ik\u00e4ihmisten\nhuomioimista kuntien p\u00e4\u00e4t\u00f6ksenteossa. Suomalaisista yli miljoona on v\u00e4hint\u00e4\u00e4n\n65-vuotiaita\u201d, Sarkomaa sanoo.&nbsp;<\/p>\n\n\n\n<p>\u201cIk\u00e4ihmiset eiv\u00e4t todellakaan\nole mik\u00e4\u00e4n yhten\u00e4inen joukko. Seniorit ovat aktiivisia\ntoimijoita sek\u00e4 kantava voima vapaaehtoisty\u00f6ss\u00e4 ja omaishoitajina. Moni\nseniori jatkaa el\u00e4kei\u00e4n j\u00e4lkeen yritt\u00e4j\u00e4n\u00e4 tai ansioty\u00f6ss\u00e4. Osa taas tarvitsee\napua ja tukea kotona asumiseen tai omaisen hoidossa. Osa tarvitsee apua ymp\u00e4ri\nvuorokauden hoivakodissa. T\u00e4rkeint\u00e4 on, ett\u00e4 seniorit kohdataan yksil\u00f6in\u00e4.\nPersoonallisuus ei nimitt\u00e4in j\u00e4\u00e4 el\u00e4kkeelle\u201d, Sarkomaa sanoo.<\/p>\n\n\n\n<p>&nbsp;\u201cIk\u00e4yst\u00e4v\u00e4llisess\u00e4\nkunnassa kaupunkiymp\u00e4rist\u00f6 ja palvelut suunnitellaan esteett\u00f6m\u00e4ksi. Senioreiden\nmahdollisuudesta liikkua omassa kotikunnassaan eri kulkumuodoin on\nhuolehdittava\u201d, Sarkomaa sanoo.<\/p>\n\n\n\n<p>\u201dIk\u00e4yst\u00e4v\u00e4llisess\u00e4\nkunnassa senioria ei j\u00e4tet\u00e4 jonoon. Palveluiden tuottamisessa&nbsp;hy\u00f6dynnet\u00e4\u00e4n\nmy\u00f6s ostopalveluita ja palveluseteleit\u00e4, jotta seniorit p\u00e4\u00e4sev\u00e4t sujuvasti\ntarvitsemiinsa palveluihin\u201d, Sarkomaa sanoo.<\/p>\n\n\n\n<p>Eduskuntaryhm\u00e4 nostaa p\u00f6yd\u00e4lle\nmy\u00f6s vanhuspalveluiden ep\u00e4kohdat ja niihin puuttumisen.<\/p>\n\n\n\n<p>\u201cIk\u00e4yst\u00e4v\u00e4llisess\u00e4 kunnassa\nvanhuspalveluiden laatua valvotaan tiukasti ja ep\u00e4kohtiin\npuututaan.&nbsp;Sek\u00e4&nbsp;yksityisten ett\u00e4 julkisten hoivakotien sek\u00e4\nkotihoidon laadusta huolehditaan.&nbsp;Haluamme, ett\u00e4 senioreiden, heid\u00e4n\nomaistensa ja henkil\u00f6st\u00f6n n\u00e4kemykset sek\u00e4 kokemukset ovat mukana palveluiden,\nkaupunkisuunnittelun sek\u00e4 koko kunnan kehitt\u00e4misess\u00e4, Sarkomaa.<\/p>\n\n\n\n<p>Kokoomuksen teesit\nik\u00e4yst\u00e4v\u00e4llisten kuntien rakentamiseksi l\u00f6ytyv\u00e4t <strong>t\u00e4\u00e4lt\u00e4<\/strong>.<\/p>\n\n\n\n<p><strong>Lis\u00e4tiedot:<\/strong><\/p>\n\n\n\n<p>Sari Sarkomaa, puh. 09 432 3033<\/p>\n","protected":false},"excerpt":{"rendered":"<p>Tiedote 4.6.2021Julkaisuvapaa heti Kokoomuksen eduskuntaryhm\u00e4 julkaisi t\u00e4n\u00e4\u00e4n 10 teesi\u00e4 ik\u00e4yst\u00e4v\u00e4llisten kuntien rakentamiseksi. Eduskuntaryhm\u00e4n mukaan kuntia on kehitett\u00e4v\u00e4 hyviksi paikoiksi asua ja el\u00e4\u00e4 omann\u00e4k\u00f6ist\u00e4 el\u00e4m\u00e4\u00e4 kaikenik\u00e4isille kuntalaisille. Teesien valmistelua johti eduskuntaryhm\u00e4n varapuheenjohtaja ja kokoomuksen seniorifoorumin puheenjohtaja Sari Sarkomaa. &nbsp;\u201cIk\u00e4yst\u00e4v\u00e4llisess\u00e4 kunnassa ihmisi\u00e4 arvostetaan riippumatta ik\u00e4vuosien m\u00e4\u00e4r\u00e4st\u00e4.&nbsp;Yh\u00e4 useampi suomalainen on terve ja toimintakykyinen vuosikymmeni\u00e4 el\u00e4kkeelle siirtymisens\u00e4 j\u00e4lkeen. Ik\u00e4yst\u00e4v\u00e4llisten <a href=\"https:\/\/www.sarisarkomaa.fi\/?p=10366\" class=\"more-link\">...jatka lukemista<span class=\"screen-reader-text\"> \"Kokoomus julkaisi teesit ik\u00e4yst\u00e4v\u00e4llisten kuntien rakentamiseksi \u2013 \u201cPersoonallisuus ei j\u00e4\u00e4 el\u00e4kkeelle\u201d\ufeff\"<\/span><\/a><\/p>\n","protected":false},"author":1,"featured_media":0,"comment_status":"closed","ping_status":"open","sticky":false,"template":"","format":"standard","meta":[],"categories":[1],"tags":[],"_links":{"self":[{"href":"https:\/\/www.sarisarkomaa.fi\/index.php?rest_route=\/wp\/v2\/posts\/10366"}],"collection":[{"href":"https:\/\/www.sarisarkomaa.fi\/index.php?rest_route=\/wp\/v2\/posts"}],"about":[{"href":"https:\/\/www.sarisarkomaa.fi\/index.php?rest_route=\/wp\/v2\/types\/post"}],"author":[{"embeddable":true,"href":"https:\/\/www.sarisarkomaa.fi\/index.php?rest_route=\/wp\/v2\/users\/1"}],"replies":[{"embeddable":true,"href":"https:\/\/www.sarisarkomaa.fi\/index.php?rest_route=%2Fwp%2Fv2%2Fcomments&post=10366"}],"version-history":[{"count":1,"href":"https:\/\/www.sarisarkomaa.fi\/index.php?rest_route=\/wp\/v2\/posts\/10366\/revisions"}],"predecessor-version":[{"id":10367,"href":"https:\/\/www.sarisarkomaa.fi\/index.php?rest_route=\/wp\/v2\/posts\/10366\/revisions\/10367"}],"wp:attachment":[{"href":"https:\/\/www.sarisarkomaa.fi\/index.php?rest_route=%2Fwp%2Fv2%2Fmedia&parent=10366"}],"wp:term":[{"taxonomy":"category","embeddable":true,"href":"https:\/\/www.sarisarkomaa.fi\/index.php?rest_route=%2Fwp%2Fv2%2Fcategories&post=10366"},{"taxonomy":"post_tag","embeddable":true,"href":"https:\/\/www.sarisarkomaa.fi\/index.php?rest_route=%2Fwp%2Fv2%2Ftags&post=10366"}],"curies":[{"name":"wp","href":"https:\/\/api.w.org\/{rel}","templated":true}]}}