{"id":10370,"date":"2021-06-07T07:43:52","date_gmt":"2021-06-07T05:43:52","guid":{"rendered":"https:\/\/www.sarisarkomaa.fi\/?p=10370"},"modified":"2021-06-07T07:43:54","modified_gmt":"2021-06-07T05:43:54","slug":"kokoomuksen-risikko-sarkomaa-ja-laiho-kysyvat-miksi-hallitus-ei-anna-vanhusasiavaltuutetulle-valtaa-puuttua-epakohtiin","status":"publish","type":"post","link":"https:\/\/www.sarisarkomaa.fi\/?p=10370","title":{"rendered":"Kokoomuksen Risikko, Sarkomaa ja Laiho kysyv\u00e4t: Miksi hallitus ei anna vanhusasiavaltuutetulle valtaa puuttua ep\u00e4kohtiin?"},"content":{"rendered":"\n<p>\n\n\n\n\n\n\n\n\n\n\n\n\n\n\n\n\nTiedote 6.6.2021<br>\nJULKAISUVAPAA HETI<br><br>\nKokoomuksen kansanedustajat Paula Risikko, Sari Sarkomaa ja Mia Laiho vaativat\nvanhusasiavaltuutetulle vahvoja valtuuksia puuttua ik\u00e4ihmisten palveluissa\noleviin ep\u00e4kohtiin, sek\u00e4 valtuuksia ik\u00e4\u00e4ntyneiden oikeuksien turvaamiseen.<br><br>\n\"Ik\u00e4ihmisten palveluissa on paljon korjattavaa. Kotiin saatavia palveluja\nei saa riitt\u00e4v\u00e4sti, ymp\u00e4rivuorokautiseen hoivaan on pitk\u00e4t jonot, ja ik\u00e4ihmiset\nkokevat tulevansa syrjityksi sairauksiensa hoidossa.\nSiksi&nbsp;vanhusasiavaltuutetulla pit\u00e4\u00e4 olla vahvat toimivaltuudet puuttua\nep\u00e4kohtiin\", vaatii Risikko.<br><br>\nProfessori Marja Vaarama otti eilisess\u00e4 L\u00e4nnen Median haastattelussa (5.6.)\nmy\u00f6nteisen kannan vanhusasiavaltuutetun teht\u00e4v\u00e4n perustamiseksi. Samoin\nKokoomus kannattaa teht\u00e4v\u00e4n perustamista, mutta niin, ett\u00e4 tulevalla\nvanhusasiavaltuutetulla on valta puuttua ep\u00e4kohtiin. Hallituksen esityksess\u00e4\nsit\u00e4 ei ole.<br><br>\nKokoomuksen eduskuntaryhm\u00e4 julkaisi eilen Kokoomuksen seniorifoorumin\npuheenjohtaja Sari Sarkomaan johdolla valmistellun <a href=\"https:\/\/www.kokoomus.fi\/persoonallisuus-ei-jaa-elakkeelle\/\">kuntavaaliteesins\u00e4\nik\u00e4yst\u00e4v\u00e4lliselle kunnalle<\/a>. Kymmenen teesin ohjelmassa kohta 8 k\u00e4sittelee\nvanhusten oikeuksien valvontaa. Kokoomuksen eduskuntaryhm\u00e4 vaatii ohjelmassa,\nett\u00e4 \"Osoitetaan vanhusten oikeuksien valvonta ja edist\u00e4minen eduskunnan\noikeusasiamiehen erityisteht\u00e4v\u00e4ksi.\" Kokoomus esitt\u00e4\u00e4 my\u00f6s\nvanhuspalveluiden laadun tarkkailua tarkastusk\u00e4yntej\u00e4 lis\u00e4\u00e4m\u00e4ll\u00e4.<br><br>\n\"Ihmisten persoonallisuus ei j\u00e4\u00e4 el\u00e4kkeelle! Ik\u00e4yst\u00e4v\u00e4llisess\u00e4 kunnassa\nvanhuspalveluiden laatua valvotaan tiukasti ja ep\u00e4kohtiin puututaan.\nIk\u00e4yst\u00e4v\u00e4llisess\u00e4 kunnassa yksityisten ett\u00e4 julkisten hoivakotien sek\u00e4\nkotihoidon laadusta huolehditaan. T\u00e4m\u00e4n takia vanhusasiavaltuutetulla tulee\nolla vahvat valtuudet puuttua ep\u00e4kohtiin ja t\u00e4m\u00e4 on eduskunnan\nhuolehdittava\", edellytt\u00e4\u00e4 Sarkomaa.<br><br>\nKokoomusedustajat esitt\u00e4v\u00e4t, ett\u00e4 vanhusasiavaltuutettu sijoitettaisiin\nEduskunnan oikeusasiamiehen kanslian yhteyteen. Eduskunnan oikeusasiamiehell\u00e4\non laaja toimivalta ja tiedonsaantioikeus, monipuoliset toimintatavat ja\ntehokkaat mahdollisuudet puuttua lainvastaiseen tai virheelliseen menettelyyn.<br><br>\n\"Hallituksen esityst\u00e4 pit\u00e4\u00e4 eduskunnassa muuttaa niin, ett\u00e4\nvanhusasiavaltuutettu saa toimivaltuudet tehokkaasti puuttua vanhusten huonoon\nkohteluun ja palveluiden ep\u00e4kohtiin\u201d, vaatii Laiho.<br><br>\nHallituksen esitys vanhusasiavaltuutetun teht\u00e4v\u00e4n perustamisesta on parasta\naikaa eduskunnan k\u00e4sittelyss\u00e4.<br><br>\n\"Lakiesityksen ep\u00e4kohdat voidaan viel\u00e4 korjata. Ik\u00e4\u00e4ntyv\u00e4 kansa tarvitsee\nvahvan toimivallan omaavan vanhusasiavaltuutetun\", arvioivat edustajat.<br><br><br>\nLis\u00e4tetoja:<br>\nPaula Risikko<br>\nSari Sarkomaa<br>\nMia Laiho<br><br><\/p>\n","protected":false},"excerpt":{"rendered":"<p>Tiedote 6.6.2021 JULKAISUVAPAA HETI Kokoomuksen kansanedustajat Paula Risikko, Sari Sarkomaa ja Mia Laiho vaativat vanhusasiavaltuutetulle vahvoja valtuuksia puuttua ik\u00e4ihmisten palveluissa oleviin ep\u00e4kohtiin, sek\u00e4 valtuuksia ik\u00e4\u00e4ntyneiden oikeuksien turvaamiseen. \"Ik\u00e4ihmisten palveluissa on paljon korjattavaa. Kotiin saatavia palveluja ei saa riitt\u00e4v\u00e4sti, ymp\u00e4rivuorokautiseen hoivaan on pitk\u00e4t jonot, ja ik\u00e4ihmiset kokevat tulevansa syrjityksi sairauksiensa hoidossa. Siksi&nbsp;vanhusasiavaltuutetulla pit\u00e4\u00e4 olla vahvat toimivaltuudet <a href=\"https:\/\/www.sarisarkomaa.fi\/?p=10370\" class=\"more-link\">...jatka lukemista<span class=\"screen-reader-text\"> \"Kokoomuksen Risikko, Sarkomaa ja Laiho kysyv\u00e4t: Miksi hallitus ei anna vanhusasiavaltuutetulle valtaa puuttua ep\u00e4kohtiin?\"<\/span><\/a><\/p>\n","protected":false},"author":1,"featured_media":0,"comment_status":"closed","ping_status":"open","sticky":false,"template":"","format":"standard","meta":[],"categories":[4],"tags":[],"_links":{"self":[{"href":"https:\/\/www.sarisarkomaa.fi\/index.php?rest_route=\/wp\/v2\/posts\/10370"}],"collection":[{"href":"https:\/\/www.sarisarkomaa.fi\/index.php?rest_route=\/wp\/v2\/posts"}],"about":[{"href":"https:\/\/www.sarisarkomaa.fi\/index.php?rest_route=\/wp\/v2\/types\/post"}],"author":[{"embeddable":true,"href":"https:\/\/www.sarisarkomaa.fi\/index.php?rest_route=\/wp\/v2\/users\/1"}],"replies":[{"embeddable":true,"href":"https:\/\/www.sarisarkomaa.fi\/index.php?rest_route=%2Fwp%2Fv2%2Fcomments&post=10370"}],"version-history":[{"count":1,"href":"https:\/\/www.sarisarkomaa.fi\/index.php?rest_route=\/wp\/v2\/posts\/10370\/revisions"}],"predecessor-version":[{"id":10371,"href":"https:\/\/www.sarisarkomaa.fi\/index.php?rest_route=\/wp\/v2\/posts\/10370\/revisions\/10371"}],"wp:attachment":[{"href":"https:\/\/www.sarisarkomaa.fi\/index.php?rest_route=%2Fwp%2Fv2%2Fmedia&parent=10370"}],"wp:term":[{"taxonomy":"category","embeddable":true,"href":"https:\/\/www.sarisarkomaa.fi\/index.php?rest_route=%2Fwp%2Fv2%2Fcategories&post=10370"},{"taxonomy":"post_tag","embeddable":true,"href":"https:\/\/www.sarisarkomaa.fi\/index.php?rest_route=%2Fwp%2Fv2%2Ftags&post=10370"}],"curies":[{"name":"wp","href":"https:\/\/api.w.org\/{rel}","templated":true}]}}