{"id":10449,"date":"2021-06-23T09:25:31","date_gmt":"2021-06-23T07:25:31","guid":{"rendered":"https:\/\/www.sarisarkomaa.fi\/?p=10449"},"modified":"2021-06-23T09:25:34","modified_gmt":"2021-06-23T07:25:34","slug":"kokoomusedustajat-zyskowicz-sarkomaa-ja-laiho-valiokunta-kaveli-vastoin-ohjeita-perustuslakivaliokunnan-yli-runnoessaan-valuvikaista-maakuntasotea","status":"publish","type":"post","link":"https:\/\/www.sarisarkomaa.fi\/?p=10449","title":{"rendered":"Kokoomusedustajat Zyskowicz, Sarkomaa ja Laiho: Valiokunta k\u00e4veli vastoin ohjeita perustuslakivaliokunnan yli runnoessaan valuvikaista maakuntasote:a"},"content":{"rendered":"\n<p>Kokoomuksen\nkansanedustajat&nbsp;<strong>Ben Zyskowicz<\/strong>,&nbsp;<strong>Sari Sarkomaa<\/strong>&nbsp;ja&nbsp;<strong>Mia\nLaiho<\/strong>&nbsp;pit\u00e4v\u00e4t vakavana virheen\u00e4, ett\u00e4 sosiaali- ja\nterveysvaliokunnassa hallituspuolueet ohittivat perustuslakivaliokunnan ja\nasiantuntijoiden huomiot soten huolestuttavan tiukasta\ntoimeenpanonaikataulusta. Edustajien mukaan sairaanhoitopiireille, sairaaloille\nja kunnille ei j\u00e4\u00e4 riitt\u00e4v\u00e4sti aikaa n\u00e4in mittavan muutoksen tekemiseen\nesitetyss\u00e4 ajassa, jolloin&nbsp;toimeenpanoon liittyy merkitt\u00e4vi\u00e4\naikatauluriskej\u00e4.&nbsp;<\/p>\n\n\n\n<p>Perustuslakivaliokunta\nlausui (17\/2021) soten aikataulusta seuraavaa (s. 19):\n\"...on&nbsp;perustuslakivaliokunnan mielest\u00e4 selv\u00e4\u00e4, ett\u00e4 hyvinvointialueilla\non teht\u00e4vien siirtyess\u00e4 oltava riitt\u00e4v\u00e4t toiminnalliset ja muut edellytykset\nj\u00e4rjest\u00e4misvastuunsa toteuttamiseksi. Muun ohella asiakkaita koskevien\ntietoj\u00e4rjestelmien tulee olla potilasturvallisuuden takaamiseksi valmiita.\nSosiaali- ja terveysvaliokunnan on kiinnitett\u00e4v\u00e4 huomiota uudistuksen\naikatauluun ja tarvittaessa muutettava s\u00e4\u00e4ntely\u00e4.\u201d<\/p>\n\n\n\n<p>\u201dOn skandaali,\nett\u00e4 sosiaali- ja terveysvaliokunnassa hallituspuolueet eiv\u00e4t t\u00e4lt\u00e4\nosin&nbsp;antaneet mit\u00e4\u00e4n arvoa perustuslakivaliokunnan lausunnolle, vaan pyyhkiv\u00e4t\nsill\u00e4 p\u00f6yt\u00e4\u00e4. Mietinn\u00f6ss\u00e4 ei ole t\u00e4st\u00e4 asiasta sanaakaan.&nbsp;T\u00e4llainen\nmenettely on eduskunnan s\u00e4\u00e4nt\u00f6jen vastaista\u201d, edustaja Zyskowicz huomauttaa.<\/p>\n\n\n\n<p>Puhemiesneuvoston\np\u00e4\u00e4tt\u00e4m\u00e4ss\u00e4 eduskunnan ty\u00f6j\u00e4rjestykseen perustuvassa valiokuntien\nyleisohjeessa&nbsp;todetaan (s. 97), ett\u00e4 \"perustuslakivaliokunnan\nmuilla&nbsp;valtios\u00e4\u00e4nt\u00f6oikeudellisilla huomautuksilla on perustuslain\ntulkintaan liittyvin\u00e4 kannanottoina vahva painoarvo.\" S\u00e4\u00e4nn\u00f6ksen mukaan\n\"perustuslakivaliokunnan muita kuin ponsiosassa esitettyj\u00e4 valtios\u00e4\u00e4nt\u00f6oikeudellisia\nhuomautuksia ei tule ilman asianmukaisia perusteita sivuuttaa\nmietint\u00f6valiokunnassa.\"<\/p>\n\n\n\n<p>\u201dOn t\u00e4ysin\nvastuutonta ja poikkeuksellista, ett\u00e4 massiivinen hallintouudistus runnottiin\neduskunnassa pikavauhtia ilman asianmukaista k\u00e4sittely\u00e4 ja vastausta\nperustuslakivaliokunnan sek\u00e4 asiantuntijoiden vakaviin huoliin\nliittyen&nbsp;ylikire\u00e4\u00e4n toimeenpanoaikatauluun\u201d, sanoo Sarkomaa.&nbsp;<\/p>\n\n\n\n<p>\u201dT\u00e4m\u00e4 asia on\nnoussut asiantuntijalausunnoissa esille, mutta valiokunnassa hallituspuolueet\nsivuuttivat asiantuntijoiden kritiikin sek\u00e4 perustuslakivaliokunnan huomiot\nt\u00e4ysin. Hyvinvointialueiden perustaminen ja niiden toiminnan k\u00e4ynnist\u00e4minen on\neritt\u00e4in mittava muutosprosessi, joka edellytt\u00e4\u00e4 huolellista valmistelua.\nUudistuksella on my\u00f6s moniulotteisia vaikutuksia, kuten vaikutuksia kaikkiin\n200 000 sosiaali- ja terveydenhuollon ammattilaiseen, tietoj\u00e4rjestelmien\nyhteensovittamiseen ja potilasturvallisuuteen. Perustuslakivaliokunnan huomio\noli perusteltu ja se olisi tullut ottaa vakavasti\u201d, Laiho sanoo.<\/p>\n\n\n\n<p>\u201dUudistuksen\nvoimaanpanon kokonaisaikataulua olisi muutettava niin, ett\u00e4 se turvaa muutosten\nhallitun suunnittelun ja toteuttamisen erityisesti vaarantamatta palveluiden\nsaatavuutta hajanaisista l\u00e4ht\u00f6tilanteista l\u00e4htevien alueiden osalta.\nEsimerkiksi L\u00e4nsi-Uudellamaalla aikataulu on mahdoton ja isot kaupungit ja my\u00f6s\nHUS ovat ilmaisseet t\u00e4st\u00e4 huolensa\u201d, Sarkomaa&nbsp;sanoo.<\/p>\n\n\n\n<p>\u201dHyvinvointialueet\nl\u00e4htev\u00e4t uudistukseen kovin erilaisista l\u00e4ht\u00f6kohdista. V\u00e4est\u00f6lt\u00e4\u00e4n isoimmilla\nalueilla soten haasteet uudistuksen toimeenpanossa ovat merkitt\u00e4vi\u00e4. On\np\u00e4iv\u00e4nselv\u00e4\u00e4, ett\u00e4 aikataulut eiv\u00e4t tule riitt\u00e4m\u00e4\u00e4n potilasturvallisuuden\nkylliksi&nbsp;huomioivaan hallittuun siirtym\u00e4\u00e4n. Sote-uudistuksessa\nvalmistellaan koko palveluj\u00e4rjestelm\u00e4n muutosta seuraaviksi vuosikymmeniksi, ja\nmy\u00f6s sote-uudistus ansaitsisi t\u00e4yden huomion niin eduskunnassa,\nlainvalmistelusta vastaavissa ministeri\u00f6iss\u00e4, palveluj\u00e4rjestelm\u00e4ss\u00e4 kuin\njulkisessa keskustelussakin\u201d, Laiho jatkaa.<\/p>\n\n\n\n<p>Kokoomus j\u00e4tti\npyk\u00e4l\u00e4muutosesityksen, ett\u00e4 toimeenpanoa siirrett\u00e4isiin vuodella eteenp\u00e4in\nnykyisest\u00e4 vuoden 2023 sijasta vuoden 2024 alkuun.<\/p>\n\n\n\n<p>\u201dHallittu muutos\non tarpeen n\u00e4in mittavassa uudistuksessa. J\u00e4timme toimeenpanon aikataulusta\nkaksi lausumaa, joista \u00e4\u00e4nestet\u00e4\u00e4n t\u00e4n\u00e4\u00e4n keskiviikkona 23.6. Nyt\nhallituspuolueilla olisi mahdollista puuttua t\u00e4h\u00e4n ep\u00e4kohtaan\u201d, edustajat\np\u00e4\u00e4tt\u00e4v\u00e4t.<\/p>\n\n\n\n<p>Lis\u00e4tiedot:<\/p>\n\n\n\n<p>Mia Laiho, puh.\n050 433 6461<\/p>\n\n\n\n<p>Sari Sarkomaa,\npuh. 050 511 3033<\/p>\n\n\n\n<p>Ben Zyskowicz,\npuh. 050 511 3200<\/p>\n","protected":false},"excerpt":{"rendered":"<p>Kokoomuksen kansanedustajat&nbsp;Ben Zyskowicz,&nbsp;Sari Sarkomaa&nbsp;ja&nbsp;Mia Laiho&nbsp;pit\u00e4v\u00e4t vakavana virheen\u00e4, ett\u00e4 sosiaali- ja terveysvaliokunnassa hallituspuolueet ohittivat perustuslakivaliokunnan ja asiantuntijoiden huomiot soten huolestuttavan tiukasta toimeenpanonaikataulusta. Edustajien mukaan sairaanhoitopiireille, sairaaloille ja kunnille ei j\u00e4\u00e4 riitt\u00e4v\u00e4sti aikaa n\u00e4in mittavan muutoksen tekemiseen esitetyss\u00e4 ajassa, jolloin&nbsp;toimeenpanoon liittyy merkitt\u00e4vi\u00e4 aikatauluriskej\u00e4.&nbsp; Perustuslakivaliokunta lausui (17\/2021) soten aikataulusta seuraavaa (s. 19): \"...on&nbsp;perustuslakivaliokunnan mielest\u00e4 selv\u00e4\u00e4, ett\u00e4 hyvinvointialueilla on <a href=\"https:\/\/www.sarisarkomaa.fi\/?p=10449\" class=\"more-link\">...jatka lukemista<span class=\"screen-reader-text\"> \"Kokoomusedustajat Zyskowicz, Sarkomaa ja Laiho: Valiokunta k\u00e4veli vastoin ohjeita perustuslakivaliokunnan yli runnoessaan valuvikaista maakuntasote:a\"<\/span><\/a><\/p>\n","protected":false},"author":1,"featured_media":0,"comment_status":"closed","ping_status":"open","sticky":false,"template":"","format":"standard","meta":[],"categories":[4],"tags":[],"_links":{"self":[{"href":"https:\/\/www.sarisarkomaa.fi\/index.php?rest_route=\/wp\/v2\/posts\/10449"}],"collection":[{"href":"https:\/\/www.sarisarkomaa.fi\/index.php?rest_route=\/wp\/v2\/posts"}],"about":[{"href":"https:\/\/www.sarisarkomaa.fi\/index.php?rest_route=\/wp\/v2\/types\/post"}],"author":[{"embeddable":true,"href":"https:\/\/www.sarisarkomaa.fi\/index.php?rest_route=\/wp\/v2\/users\/1"}],"replies":[{"embeddable":true,"href":"https:\/\/www.sarisarkomaa.fi\/index.php?rest_route=%2Fwp%2Fv2%2Fcomments&post=10449"}],"version-history":[{"count":1,"href":"https:\/\/www.sarisarkomaa.fi\/index.php?rest_route=\/wp\/v2\/posts\/10449\/revisions"}],"predecessor-version":[{"id":10450,"href":"https:\/\/www.sarisarkomaa.fi\/index.php?rest_route=\/wp\/v2\/posts\/10449\/revisions\/10450"}],"wp:attachment":[{"href":"https:\/\/www.sarisarkomaa.fi\/index.php?rest_route=%2Fwp%2Fv2%2Fmedia&parent=10449"}],"wp:term":[{"taxonomy":"category","embeddable":true,"href":"https:\/\/www.sarisarkomaa.fi\/index.php?rest_route=%2Fwp%2Fv2%2Fcategories&post=10449"},{"taxonomy":"post_tag","embeddable":true,"href":"https:\/\/www.sarisarkomaa.fi\/index.php?rest_route=%2Fwp%2Fv2%2Ftags&post=10449"}],"curies":[{"name":"wp","href":"https:\/\/api.w.org\/{rel}","templated":true}]}}