{"id":10505,"date":"2021-08-04T12:17:33","date_gmt":"2021-08-04T10:17:33","guid":{"rendered":"https:\/\/www.sarisarkomaa.fi\/?p=10505"},"modified":"2021-08-04T14:37:16","modified_gmt":"2021-08-04T12:37:16","slug":"syksy-alkamassa-viime-vuotta-vaikeammassa-pandemiatilanteessa-rajoitusten-hollaaminen-epatodennakoista-olemme-jaamassa-muiden-pohjoismaiden-rokotustahdista-jalkeen-mtv-uutiset-3-8-2021","status":"publish","type":"post","link":"https:\/\/www.sarisarkomaa.fi\/?p=10505","title":{"rendered":"Syksy alkamassa viime vuotta vaikeammassa pandemiatilanteessa: Rajoitusten h\u00f6ll\u00e4\u00e4minen ep\u00e4todenn\u00e4k\u00f6ist\u00e4 \u2013 &#8221;Olemme j\u00e4\u00e4m\u00e4ss\u00e4 muiden pohjoismaiden rokotustahdista j\u00e4lkeen&#8221; (MTV Uutiset 3.8.2021)"},"content":{"rendered":"\n<p><a href=\"https:\/\/www.mtvuutiset.fi\/artikkeli\/syksy-alkamassa-viime-vuotta-vaikeammassa-pandemiatilanteessa-rajoitusten-hollaaminen-epatodennakoista-olemme-jaamassa-muiden-pohjoismaiden-rokotustahdista-jalkeen\/8204442#gs.85mtin\">https:\/\/www.mtvuutiset.fi\/artikkeli\/syksy-alkamassa-viime-vuotta-vaikeammassa-pandemiatilanteessa-rajoitusten-hollaaminen-epatodennakoista-olemme-jaamassa-muiden-pohjoismaiden-rokotustahdista-jalkeen\/8204442#gs.85mtin<\/a><\/p>\n\n\n\n<p><strong>Suomen koronatilanne vaikeutui&nbsp;j\u00e4lleen&nbsp;hein\u00e4kuussa, eik\u00e4&nbsp;tilanne ole hellitt\u00e4nyt syksyn&nbsp;l\u00e4hestyess\u00e4. Helsingiss\u00e4&nbsp;peruskoulujen&nbsp;syyslukukausi alkaa useimmissa kouluissa&nbsp;jo&nbsp;10.&nbsp;elokuuta&nbsp;eik\u00e4 edelleenk\u00e4\u00e4n ole selv\u00e4\u00e4, voidaanko&nbsp;uusi&nbsp;kouluvuosi aloittaa&nbsp;l\u00e4hiopetuksessa.&nbsp;<\/strong><a href=\"https:\/\/www.mtv.fi\/#!\/jakso\/1460742\">h<\/a><\/p>\n\n\n\n<p>Tiistaina Uutisaamussa vierailleen kansanedustaja&nbsp;<strong>Matias M\u00e4kysen<\/strong>&nbsp;(SDP)&nbsp;mukaan&nbsp;opetusj\u00e4rjestelyist\u00e4 pyrit\u00e4\u00e4n p\u00e4\u00e4tt\u00e4m\u00e4\u00e4n kuntakohtaisesti.&nbsp;<\/p>\n\n\n\n<p>\u2013 L\u00e4ht\u00f6kohtana on, ett\u00e4 koulut alkavat l\u00e4hiopetuksessa. On&nbsp;kuitenkin&nbsp;edelleen aivan asiallista vaatia, ett\u00e4 opetus- ja kulttuuriministeri\u00f6 jatkaa torjuntatoimenpiteiden kehitt\u00e4mist\u00e4, M\u00e4kynen sanoo.&nbsp;<\/p>\n\n\n\n<p>SDP:n ja Kokoomuksen riveiss\u00e4 ollaan yksimielisi\u00e4 siit\u00e4, ett\u00e4&nbsp;koulujen tulisi pysty\u00e4 toimimaan l\u00e4hiopetuksessa.&nbsp;<\/p>\n\n\n\n<p>\u2013 Olemme huolissamme kasvavista&nbsp;tartuntam\u00e4\u00e4rist\u00e4&nbsp;ja virusvarianteista. On aivan v\u00e4ltt\u00e4m\u00e4t\u00f6nt\u00e4, ett\u00e4 hallitus kokoontuisi pikaisesti ja linjaisi miten t\u00e4ss\u00e4 uudessa tilanteessa&nbsp;toimitaan, Kokoomuksen kansanedustaja<strong>&nbsp;Sari Sarkomaa<\/strong>&nbsp;toteaa.&nbsp;<\/p>\n\n\n\n<p>\u2013 Olen&nbsp;eritt\u00e4in&nbsp;huolissani my\u00f6s siit\u00e4, ett\u00e4 koulut ovat alkamassa&nbsp;vaikka&nbsp;12\u201315-vuotiaiden rokottamisen mahdollistavaa asetusta&nbsp;viel\u00e4&nbsp;ole, h\u00e4n jatkaa.&nbsp;<\/p>\n\n\n\n<p>Sarkomaa korostaa, ett\u00e4 nuorten rokotukset tulisi saada ripe\u00e4sti k\u00e4yntiin.&nbsp;Terveysturvallisen opetuksen j\u00e4rjest\u00e4mist\u00e4 vastaan puhuu Sarkomaan mukaan my\u00f6s se, ett\u00e4 peruskoulujen opettajista yli 10 000 on viel\u00e4 ilman tehosterokotetta.&nbsp;<\/p>\n\n\n\n<p>\u2013 Rokotukset pit\u00e4\u00e4 saada k\u00e4yntiin, jotta voimme pit\u00e4\u00e4 Suomen avoimena.&nbsp;<\/p>\n\n\n\n<p>Uutisaamussa keskustelua k\u00e4ytiin my\u00f6s koronarajoitusten tarpeellisuudesta. M\u00e4kysen mukaan on hyvin ep\u00e4todenn\u00e4k\u00f6ist\u00e4, ett\u00e4 rajoituksia vaikeutuneen koronatilanteen my\u00f6t\u00e4 lievennett\u00e4isiin.&nbsp;<\/p>\n\n\n\n<p>\u2013&nbsp;Sairaalahoidon tarve on taas kasvamassa, ja koulujen alkamisen my\u00f6t\u00e4 on my\u00f6s odotettavissa, ett\u00e4 tartuntam\u00e4\u00e4r\u00e4t&nbsp;edelleen nousevat.&nbsp;<\/p>\n\n\n\n<p>Sarkomaa&nbsp;puolestaan korostaa, ett\u00e4 rokotukset ovat ainoa keino&nbsp;epidemian taltuttamiseen.&nbsp;<\/p>\n\n\n\n<p>\u2013 Olemme j\u00e4\u00e4m\u00e4ss\u00e4 muiden pohjoismaiden rokotustahdista j\u00e4lkeen. Vasta 35 prosenttia on saanut tehosteannoksen ja rokotuksia on vauhditettava.&nbsp;<br><\/p>\n","protected":false},"excerpt":{"rendered":"<p>https:\/\/www.mtvuutiset.fi\/artikkeli\/syksy-alkamassa-viime-vuotta-vaikeammassa-pandemiatilanteessa-rajoitusten-hollaaminen-epatodennakoista-olemme-jaamassa-muiden-pohjoismaiden-rokotustahdista-jalkeen\/8204442#gs.85mtin Suomen koronatilanne vaikeutui&nbsp;j\u00e4lleen&nbsp;hein\u00e4kuussa, eik\u00e4&nbsp;tilanne ole hellitt\u00e4nyt syksyn&nbsp;l\u00e4hestyess\u00e4. Helsingiss\u00e4&nbsp;peruskoulujen&nbsp;syyslukukausi alkaa useimmissa kouluissa&nbsp;jo&nbsp;10.&nbsp;elokuuta&nbsp;eik\u00e4 edelleenk\u00e4\u00e4n ole selv\u00e4\u00e4, voidaanko&nbsp;uusi&nbsp;kouluvuosi aloittaa&nbsp;l\u00e4hiopetuksessa.&nbsp;h Tiistaina Uutisaamussa vierailleen kansanedustaja&nbsp;Matias M\u00e4kysen&nbsp;(SDP)&nbsp;mukaan&nbsp;opetusj\u00e4rjestelyist\u00e4 pyrit\u00e4\u00e4n p\u00e4\u00e4tt\u00e4m\u00e4\u00e4n kuntakohtaisesti.&nbsp; \u2013 L\u00e4ht\u00f6kohtana on, ett\u00e4 koulut alkavat l\u00e4hiopetuksessa. On&nbsp;kuitenkin&nbsp;edelleen aivan asiallista vaatia, ett\u00e4 opetus- ja kulttuuriministeri\u00f6 jatkaa torjuntatoimenpiteiden kehitt\u00e4mist\u00e4, M\u00e4kynen sanoo.&nbsp; SDP:n ja Kokoomuksen riveiss\u00e4 ollaan yksimielisi\u00e4 siit\u00e4, ett\u00e4&nbsp;koulujen tulisi pysty\u00e4 <a href=\"https:\/\/www.sarisarkomaa.fi\/?p=10505\" class=\"more-link\">...jatka lukemista<span class=\"screen-reader-text\"> \"Syksy alkamassa viime vuotta vaikeammassa pandemiatilanteessa: Rajoitusten h\u00f6ll\u00e4\u00e4minen ep\u00e4todenn\u00e4k\u00f6ist\u00e4 \u2013 &#8221;Olemme j\u00e4\u00e4m\u00e4ss\u00e4 muiden pohjoismaiden rokotustahdista j\u00e4lkeen&#8221; (MTV Uutiset 3.8.2021)\"<\/span><\/a><\/p>\n","protected":false},"author":1,"featured_media":0,"comment_status":"closed","ping_status":"open","sticky":false,"template":"","format":"standard","meta":[],"categories":[1],"tags":[],"_links":{"self":[{"href":"https:\/\/www.sarisarkomaa.fi\/index.php?rest_route=\/wp\/v2\/posts\/10505"}],"collection":[{"href":"https:\/\/www.sarisarkomaa.fi\/index.php?rest_route=\/wp\/v2\/posts"}],"about":[{"href":"https:\/\/www.sarisarkomaa.fi\/index.php?rest_route=\/wp\/v2\/types\/post"}],"author":[{"embeddable":true,"href":"https:\/\/www.sarisarkomaa.fi\/index.php?rest_route=\/wp\/v2\/users\/1"}],"replies":[{"embeddable":true,"href":"https:\/\/www.sarisarkomaa.fi\/index.php?rest_route=%2Fwp%2Fv2%2Fcomments&post=10505"}],"version-history":[{"count":3,"href":"https:\/\/www.sarisarkomaa.fi\/index.php?rest_route=\/wp\/v2\/posts\/10505\/revisions"}],"predecessor-version":[{"id":10510,"href":"https:\/\/www.sarisarkomaa.fi\/index.php?rest_route=\/wp\/v2\/posts\/10505\/revisions\/10510"}],"wp:attachment":[{"href":"https:\/\/www.sarisarkomaa.fi\/index.php?rest_route=%2Fwp%2Fv2%2Fmedia&parent=10505"}],"wp:term":[{"taxonomy":"category","embeddable":true,"href":"https:\/\/www.sarisarkomaa.fi\/index.php?rest_route=%2Fwp%2Fv2%2Fcategories&post=10505"},{"taxonomy":"post_tag","embeddable":true,"href":"https:\/\/www.sarisarkomaa.fi\/index.php?rest_route=%2Fwp%2Fv2%2Ftags&post=10505"}],"curies":[{"name":"wp","href":"https:\/\/api.w.org\/{rel}","templated":true}]}}