{"id":10512,"date":"2021-08-06T07:22:49","date_gmt":"2021-08-06T05:22:49","guid":{"rendered":"https:\/\/www.sarisarkomaa.fi\/?p=10512"},"modified":"2021-08-06T07:22:52","modified_gmt":"2021-08-06T05:22:52","slug":"viivyttelya-koronapassin-kanssa-mahdoton-ymmartaa-verkkouutiset-5-8-2021","status":"publish","type":"post","link":"https:\/\/www.sarisarkomaa.fi\/?p=10512","title":{"rendered":"\u201dViivyttely\u00e4 koronapassin kanssa mahdoton ymm\u00e4rt\u00e4\u00e4\u201d (Verkkouutiset 5.8.2021)"},"content":{"rendered":"\n<p>On ep\u00e4inhimillist\u00e4, jos hallitus valitsee taas vain lis\u00e4rajoitukset kaikille, toteaa Sari Sarkomaa.<\/p>\n\n\n\n<p>Kokoomuksen eduskuntaryhm\u00e4n varapuheenjohtaja&nbsp;<strong>Sari Sarkomaan<\/strong>&nbsp;mukaan Suomella ei ole varaa j\u00e4tt\u00e4\u00e4 k\u00e4ytt\u00e4m\u00e4tt\u00e4 keinoja, jotka mahdollistavat maamme auki pit\u00e4mist\u00e4 terveysturvallisesti.<\/p>\n\n\n\n<p>\u2013 Viivyttely\u00e4 koronapassin kanssa on mahdoton ymm\u00e4rt\u00e4\u00e4. Koronapassi on otettava keinovalikkoon viipym\u00e4tt\u00e4 nelj\u00e4nnen aallon velloessa maahamme, est\u00e4m\u00e4\u00e4n yhteiskunnan rajut sulkutoimet, edist\u00e4m\u00e4\u00e4n ihmisten hyvinvointia ja perusoikeutta tehd\u00e4 ty\u00f6t\u00e4, harjoittaa elinkeinoaan, liikkua ja terveysturvallisuutta, h\u00e4n kirjoittaa&nbsp;<a href=\"https:\/\/www.facebook.com\/sari.sarkomaa\/posts\/4623342644366112\" target=\"_blank\" rel=\"noreferrer noopener\">Facebookissa<\/a>.<\/p>\n\n\n\n<p>Sarkomaan mukaan kyse on my\u00f6s inhimillisyydest\u00e4. Esimerkiksi 70 vuotta t\u00e4ytt\u00e4neiden l\u00e4hes erityksiss\u00e4 pit\u00e4minen epidemian alusta l\u00e4htien on ollut poikkeuksellisen raju toimi.<\/p>\n\n\n\n<p>\u2013 Koronapassi vapauttaisi ihmisi\u00e4 tapaamaan ihmisi\u00e4 ja el\u00e4m\u00e4\u00e4n normaalimpaa el\u00e4m\u00e4\u00e4. On ep\u00e4inhimillist\u00e4, jos hallitus valitsee taas vain lis\u00e4rajoitukset kaikille.<\/p>\n\n\n\n<p>Sarkomaa huomauttaa, ett\u00e4 epidemian pitkittyess\u00e4 rajoitusten haittavaikutukset kasvavat ja monimutkaistuvat.<\/p>\n\n\n\n<p>\u2013 Pitkittyneest\u00e4 epidemiasta selvi\u00e4miseksi on hallituksen otettava kaikki keinot k\u00e4ytt\u00f6\u00f6n ja teht\u00e4v\u00e4 nykyist\u00e4 laajempaa yhteisty\u00f6t\u00e4. Tasavallan presidentin taannoin esille nostama koronanyrkki olisi nyt paikallaan perustaa vihdoin ja viimein.<\/p>\n\n\n\n<p>Sarkomaan mukaan koronakriisin hoitamiseen omistautuvan ryhm\u00e4n teht\u00e4v\u00e4n\u00e4 olisi kartoittaa ongelmat, hankkia tiedot, ker\u00e4t\u00e4 julkinen ja yksityinen osaaminen ja esitt\u00e4\u00e4 sitten hallitukselle tilannekuvaa ja ehdottaa toimenpiteit\u00e4.<\/p>\n\n\n\n<p>\u2013 T\u00e4m\u00e4 varmasti nopeuttaisi oikea-aikaisten p\u00e4\u00e4t\u00f6sten syntymist\u00e4, tehostaisi epidemian hallintaa ja vapauttaisi voimavaroja my\u00f6s ty\u00f6llisyysp\u00e4\u00e4t\u00f6sten tekoon. Niit\u00e4 ei voi en\u00e4\u00e4 lyk\u00e4t\u00e4. Korona ei ole muuttanut sit\u00e4 tosiasiaa, ett\u00e4 hyvinvointiyhteiskuntamme perustuu ty\u00f6n tekemiseen ja yritt\u00e4jyyteen.Mit\u00e4 mielt\u00e4 olit artikkelista?48&nbsp;vastaustaLis\u00e4\u00e4 t\u00e4llaista+1Laitan jakoon+1Hy\u00f6tyjuttu+1Peruskauraa+1Ei kiinnosta+1<\/p>\n\n\n\n<figure class=\"wp-block-image\"><a href=\"https:\/\/reactandshare.com\/\" target=\"_blank\" rel=\"noreferrer noopener\"><img src=\"https:\/\/cdn.reactandshare.com\/rns\/powered.svg\" alt=\"React &amp; Share\"\/><\/a><\/figure>\n","protected":false},"excerpt":{"rendered":"<p>On ep\u00e4inhimillist\u00e4, jos hallitus valitsee taas vain lis\u00e4rajoitukset kaikille, toteaa Sari Sarkomaa. Kokoomuksen eduskuntaryhm\u00e4n varapuheenjohtaja&nbsp;Sari Sarkomaan&nbsp;mukaan Suomella ei ole varaa j\u00e4tt\u00e4\u00e4 k\u00e4ytt\u00e4m\u00e4tt\u00e4 keinoja, jotka mahdollistavat maamme auki pit\u00e4mist\u00e4 terveysturvallisesti. \u2013 Viivyttely\u00e4 koronapassin kanssa on mahdoton ymm\u00e4rt\u00e4\u00e4. Koronapassi on otettava keinovalikkoon viipym\u00e4tt\u00e4 nelj\u00e4nnen aallon velloessa maahamme, est\u00e4m\u00e4\u00e4n yhteiskunnan rajut sulkutoimet, edist\u00e4m\u00e4\u00e4n ihmisten hyvinvointia ja perusoikeutta tehd\u00e4 <a href=\"https:\/\/www.sarisarkomaa.fi\/?p=10512\" class=\"more-link\">...jatka lukemista<span class=\"screen-reader-text\"> \"\u201dViivyttely\u00e4 koronapassin kanssa mahdoton ymm\u00e4rt\u00e4\u00e4\u201d (Verkkouutiset 5.8.2021)\"<\/span><\/a><\/p>\n","protected":false},"author":1,"featured_media":0,"comment_status":"closed","ping_status":"open","sticky":false,"template":"","format":"standard","meta":[],"categories":[1],"tags":[],"_links":{"self":[{"href":"https:\/\/www.sarisarkomaa.fi\/index.php?rest_route=\/wp\/v2\/posts\/10512"}],"collection":[{"href":"https:\/\/www.sarisarkomaa.fi\/index.php?rest_route=\/wp\/v2\/posts"}],"about":[{"href":"https:\/\/www.sarisarkomaa.fi\/index.php?rest_route=\/wp\/v2\/types\/post"}],"author":[{"embeddable":true,"href":"https:\/\/www.sarisarkomaa.fi\/index.php?rest_route=\/wp\/v2\/users\/1"}],"replies":[{"embeddable":true,"href":"https:\/\/www.sarisarkomaa.fi\/index.php?rest_route=%2Fwp%2Fv2%2Fcomments&post=10512"}],"version-history":[{"count":1,"href":"https:\/\/www.sarisarkomaa.fi\/index.php?rest_route=\/wp\/v2\/posts\/10512\/revisions"}],"predecessor-version":[{"id":10513,"href":"https:\/\/www.sarisarkomaa.fi\/index.php?rest_route=\/wp\/v2\/posts\/10512\/revisions\/10513"}],"wp:attachment":[{"href":"https:\/\/www.sarisarkomaa.fi\/index.php?rest_route=%2Fwp%2Fv2%2Fmedia&parent=10512"}],"wp:term":[{"taxonomy":"category","embeddable":true,"href":"https:\/\/www.sarisarkomaa.fi\/index.php?rest_route=%2Fwp%2Fv2%2Fcategories&post=10512"},{"taxonomy":"post_tag","embeddable":true,"href":"https:\/\/www.sarisarkomaa.fi\/index.php?rest_route=%2Fwp%2Fv2%2Ftags&post=10512"}],"curies":[{"name":"wp","href":"https:\/\/api.w.org\/{rel}","templated":true}]}}