{"id":10573,"date":"2021-08-31T08:08:42","date_gmt":"2021-08-31T06:08:42","guid":{"rendered":"https:\/\/www.sarisarkomaa.fi\/?p=10573"},"modified":"2021-08-31T08:08:45","modified_gmt":"2021-08-31T06:08:45","slug":"eduskuntaan-perustettu-laajapohjainen-saaristomeri-ryhma","status":"publish","type":"post","link":"https:\/\/www.sarisarkomaa.fi\/?p=10573","title":{"rendered":"Eduskuntaan perustettu laajapohjainen Saaristomeri-ryhm\u00e4"},"content":{"rendered":"\n<p>Tiedote 30.8.2021<\/p>\n\n\n\n<p>Julkaisuvapaa heti<br><\/p>\n\n\n\n<p>Eduskuntaan on perustettu Saaristomeren tilan parantamiseen\nkeskittyv\u00e4 puoluerajat ylitt\u00e4v\u00e4 ty\u00f6ryhm\u00e4. Ryhm\u00e4ss\u00e4 on perustajaj\u00e4senin\u00e4\nkansanedustajia kaikista yhdeks\u00e4st\u00e4 eduskuntapuolueesta. <\/p>\n\n\n\n<p>Ryhm\u00e4n tarkoituksena on edist\u00e4\u00e4 j\u00e4rkevi\u00e4 toimenpiteit\u00e4,\njoilla Saaristomeren valuma-alueen ravinnetilannetta muutetaan siten, ett\u00e4 alue\npoistuu HELCOMin hotspot-listalta vuoteen 2027 menness\u00e4. Sanna Marinin hallitus\non asettanut samansis\u00e4lt\u00f6isen tavoitteen puoliv\u00e4liriihess\u00e4\u00e4n vuonna 2021 ja\nperustanut Saaristomeri-ohjelman tavoitteen toteuttamiseksi. <\/p>\n\n\n\n<p>Ryhm\u00e4 aloitti toimintansa tapaamalla t\u00e4n\u00e4\u00e4n ymp\u00e4rist\u00f6- ja\nilmastoministeri Krista Mikkosen sek\u00e4 ymp\u00e4rist\u00f6ministeri\u00f6n\nSaaristomeri-ohjelman asiantuntijoita. Ryhm\u00e4 valitsi puheenjohtajakseen\nkansanedustaja Kai Mykk\u00e4sen (kok) ja varapuheenjohtajaksi kansanedustaja\nEeva-Johanna Elorannan (sd).<\/p>\n\n\n\n<p>\u201dMeid\u00e4n teht\u00e4v\u00e4mme on pit\u00e4\u00e4 yll\u00e4 painetta, ettei\nSaaristomeren saaminen pois ongelmien hotspot-listalta vuoteen 2027 menness\u00e4\nj\u00e4\u00e4 julistukseksi, vaan sen eteen tehd\u00e4\u00e4n koordinoidusti t\u00f6it\u00e4 ja asetetaan\nmitattavat v\u00e4litavoitteet. Emme tarvitse syyllisi\u00e4 ja vastakkainasettelua vaan\nratkaisuja. Kun ravinteet saadaan kiert\u00e4m\u00e4\u00e4n mereen valumisen sijaan, my\u00f6s\nravinnontuotannon asemaa ja kotimaisuusastetta voidaan parantaa entisest\u00e4\u00e4n\u201d,\nSaaristomeri-ryhm\u00e4n puheenjohtaja Kai Mykk\u00e4nen sanoo.<\/p>\n\n\n\n<p>\u201dMonista toimenpiteist\u00e4 huolimatta valuu Saaristomereen\nedelleen enemm\u00e4n ravinteita kuin meri pystyy niit\u00e4 poistamaan. N\u00e4in ollen\nrehev\u00f6ityminen voimistuu ja pysyy yll\u00e4. Pahimmillaan&nbsp;t\u00e4m\u00e4 johtaa meren\npohjan ja sen eli\u00f6st\u00f6n kuolemaan. T\u00e4m\u00e4n vuoksi tarvitsemme lis\u00e4\u00e4 toimia ja\nyhteist\u00e4 poliittista tahtoa Saaristomeren tilanteen parantamiseksi. T\u00e4t\u00e4 t\u00e4n\u00e4\u00e4n\nperustettu ryhm\u00e4mme tulee yhdess\u00e4 edist\u00e4m\u00e4\u00e4n\u201d, ryhm\u00e4n varapuheenjohtaja\nEeva-Johanna Eloranta toteaa.<\/p>\n\n\n\n<p>Saaristomeri-ryhm\u00e4 tapaa l\u00e4hiaikoina my\u00f6s maa- ja\nmets\u00e4talousministeri Jari Lep\u00e4n tiimeineen. Tarkoitus on lis\u00e4ksi koota yhteen\nSaaristomeren eteen ty\u00f6t\u00e4 tekevi\u00e4 j\u00e4rjest\u00f6j\u00e4 ja asiantuntijoita sek\u00e4 varmistaa\nheid\u00e4n viestiens\u00e4 heijastuminen eduskunnan p\u00e4\u00e4t\u00f6ksiss\u00e4.<\/p>\n\n\n\n<p>Ryhm\u00e4n perustajaj\u00e4senin\u00e4 ovat Kai Mykk\u00e4nen, Eeva-Johanna\nEloranta, Joakim Strand, Sandra Bergqvist, Aki Lind\u00e9n, Eva Biaudet, Johan\nKvarnstr\u00f6m, Vilhelm Junnila, Sari Sarkomaa, Saara-Sofia Sir\u00e9n, Sari Multala,\nIlkka Kanerva, Tiina Elo, Eeva Kalli, Mai Kivel\u00e4, Antero Laukkanen, Satu Hassi,\nAnders Adlercreutz, Harry Harkimo ja Juha Sipil\u00e4.<\/p>\n\n\n\n<p>Lis\u00e4tietoja:<\/p>\n\n\n\n<p>Kai Mykk\u00e4nen, 09 432 3159<\/p>\n\n\n\n<p>Eeva-Johanna Eloranta, 050&nbsp;523 2309<\/p>\n","protected":false},"excerpt":{"rendered":"<p>Tiedote 30.8.2021 Julkaisuvapaa heti Eduskuntaan on perustettu Saaristomeren tilan parantamiseen keskittyv\u00e4 puoluerajat ylitt\u00e4v\u00e4 ty\u00f6ryhm\u00e4. Ryhm\u00e4ss\u00e4 on perustajaj\u00e4senin\u00e4 kansanedustajia kaikista yhdeks\u00e4st\u00e4 eduskuntapuolueesta. Ryhm\u00e4n tarkoituksena on edist\u00e4\u00e4 j\u00e4rkevi\u00e4 toimenpiteit\u00e4, joilla Saaristomeren valuma-alueen ravinnetilannetta muutetaan siten, ett\u00e4 alue poistuu HELCOMin hotspot-listalta vuoteen 2027 menness\u00e4. Sanna Marinin hallitus on asettanut samansis\u00e4lt\u00f6isen tavoitteen puoliv\u00e4liriihess\u00e4\u00e4n vuonna 2021 ja perustanut Saaristomeri-ohjelman tavoitteen <a href=\"https:\/\/www.sarisarkomaa.fi\/?p=10573\" class=\"more-link\">...jatka lukemista<span class=\"screen-reader-text\"> \"Eduskuntaan perustettu laajapohjainen Saaristomeri-ryhm\u00e4\"<\/span><\/a><\/p>\n","protected":false},"author":1,"featured_media":0,"comment_status":"closed","ping_status":"open","sticky":false,"template":"","format":"standard","meta":[],"categories":[4],"tags":[],"_links":{"self":[{"href":"https:\/\/www.sarisarkomaa.fi\/index.php?rest_route=\/wp\/v2\/posts\/10573"}],"collection":[{"href":"https:\/\/www.sarisarkomaa.fi\/index.php?rest_route=\/wp\/v2\/posts"}],"about":[{"href":"https:\/\/www.sarisarkomaa.fi\/index.php?rest_route=\/wp\/v2\/types\/post"}],"author":[{"embeddable":true,"href":"https:\/\/www.sarisarkomaa.fi\/index.php?rest_route=\/wp\/v2\/users\/1"}],"replies":[{"embeddable":true,"href":"https:\/\/www.sarisarkomaa.fi\/index.php?rest_route=%2Fwp%2Fv2%2Fcomments&post=10573"}],"version-history":[{"count":1,"href":"https:\/\/www.sarisarkomaa.fi\/index.php?rest_route=\/wp\/v2\/posts\/10573\/revisions"}],"predecessor-version":[{"id":10574,"href":"https:\/\/www.sarisarkomaa.fi\/index.php?rest_route=\/wp\/v2\/posts\/10573\/revisions\/10574"}],"wp:attachment":[{"href":"https:\/\/www.sarisarkomaa.fi\/index.php?rest_route=%2Fwp%2Fv2%2Fmedia&parent=10573"}],"wp:term":[{"taxonomy":"category","embeddable":true,"href":"https:\/\/www.sarisarkomaa.fi\/index.php?rest_route=%2Fwp%2Fv2%2Fcategories&post=10573"},{"taxonomy":"post_tag","embeddable":true,"href":"https:\/\/www.sarisarkomaa.fi\/index.php?rest_route=%2Fwp%2Fv2%2Ftags&post=10573"}],"curies":[{"name":"wp","href":"https:\/\/api.w.org\/{rel}","templated":true}]}}