{"id":10580,"date":"2021-09-01T10:00:17","date_gmt":"2021-09-01T08:00:17","guid":{"rendered":"https:\/\/www.sarisarkomaa.fi\/?p=10580"},"modified":"2021-09-01T10:57:40","modified_gmt":"2021-09-01T08:57:40","slug":"kokoomuksen-sarkomaa-kotitalousvahennys-laajennettava-taloyhtion-osakkaiden-remontteihin","status":"publish","type":"post","link":"https:\/\/www.sarisarkomaa.fi\/?p=10580","title":{"rendered":"Kokoomuksen Sarkomaa: Kotitalousv\u00e4hennys laajennettava taloyhti\u00f6n osakkaiden remontteihin"},"content":{"rendered":"\n<p>Tiedote 1.9.2021<\/p>\n\n\n\n<p>Julkaisuvapaa heti<\/p>\n\n\n\n<p>Kokoomuksen eduskuntaryhm\u00e4n varapuheenjohtaja, kansanedustaja\u00a0Sari Sarkomaa\u00a0on tehnyt lakialoitteen\u00a0kotitalousv\u00e4hennyksen laajentamisesta\u00a0siten, ett\u00e4 asunto-osakeyhti\u00f6n asukkaana oleva osakas voi saada v\u00e4hennyksen yhti\u00f6n teett\u00e4m\u00e4n remontin palkkakustannuksista.\u00a0Omakotitaloasukkailla on jo oikeus tehd\u00e4 v\u00e4hennys vastaavista korjauksista.\u00a0<\/p>\n\n\n\n<p>Merkitt\u00e4v\u00e4 m\u00e4\u00e4r\u00e4\u00e4 suomalaisista asuu asunto-osakeyhti\u00f6ss\u00e4.\nSarkomaan mukaan ei ole yhdenvertaista kohtelua, ett\u00e4 heill\u00e4 ei ole\nmahdollisuutta saada kotitalousv\u00e4hennyksest\u00e4 helpotusta taloyhti\u00f6n teett\u00e4mien\nremonttien palkkakustannuksiin.&nbsp;T\u00e4t\u00e4 ei voi pit\u00e4\u00e4 tarkoituksenmukaisena\nkohteluna kannustettaessa asuntokannan kunnossapitoon, peruskorjaamiseen ja\nenergiatehokkuuteen sek\u00e4 muihin ilmastomuutoksen vastaisiin toimiin.\nEsimerkiksi&nbsp;Ilmasto- ja energiapolitiikka vaikuttavat merkitt\u00e4v\u00e4sti\nasumiskustannusten kehitykseen.<\/p>\n\n\n\n<p>\u201dMonille palkansaajille ja el\u00e4kel\u00e4isille remontit ovat\ntaloudellisesti mittavia taakkoja. Tilanne on erityisen haastava\np\u00e4\u00e4kaupunkiseudulla, jossa on kalleimmat asumisen ja el\u00e4misen kustannukset.\nKasvavat korjausvastuut tekev\u00e4t tilanteen monille l\u00e4hes siet\u00e4m\u00e4tt\u00f6m\u00e4ksi\u201d,\nSarkomaa sanoo.<\/p>\n\n\n\n<p>Esimerkiksi kylpyhuoneen kunnostaminen on iso menoer\u00e4.\nYleinen tapa on, ett\u00e4 taloyhti\u00f6ss\u00e4 kylpyhuoneet korjataan keskitetysti\nyhti\u00f6vetoisesti.&nbsp;T\u00e4llaisissa yhti\u00f6n vastuulle kuuluvissa remonteissa\nasukas ei voi hy\u00f6dynt\u00e4\u00e4 kotitalousv\u00e4hennyst\u00e4, sill\u00e4 v\u00e4hennys my\u00f6nnet\u00e4\u00e4n vain\nhenkil\u00f6lle, ei yhti\u00f6lle.<\/p>\n\n\n\n<p> \u201dOlen ajanut v\u00e4hennyksen laajentamista jo pitk\u00e4\u00e4n ja kirjallisiin kysymyksiini on ministeri\u00f6st\u00e4 aina vastattu, ett\u00e4 kotitalousv\u00e4hennys my\u00f6nnet\u00e4\u00e4n vain luonnolliselle henkil\u00f6lle. T\u00e4m\u00e4 ei ole kest\u00e4v\u00e4 perustelu. Taloyhti\u00f6 on tosiasiassa vain yksi v\u00e4liporras asukkaan ja remonttiyrityksen v\u00e4liss\u00e4. Taloyhti\u00f6 voisi antaa vuosittain osakkaalle verovuonna teetetyn remonttity\u00f6n kustannuksista laskelman, josta n\u00e4kyisiv\u00e4t verottajan tarvitsemat tiedot remontin ty\u00f6kustannuksista, remonttiyrityksen tiedot sek\u00e4 osakkaan vastikeperusteinen osuus kustannuksista. Osakas ilmoittaisi tietojen perusteella v\u00e4hennyksen verohallintoon\u201d, Sarkomaa sanoo.<\/p>\n\n\n\n<p>\u201dKotitalousv\u00e4hennyksen laajentaminen asunto-osakeyhti\u00f6iden\ntoteuttamiin remontteihin vauhdittaisi korjausrakentamista, hidastaisi\nkorjausvelan kasvua, kitkisi harmaata taloutta, toisi lis\u00e4ty\u00f6t\u00e4 ja verotuloja\nsek\u00e4 pirist\u00e4isi kansantaloutta\u201d, p\u00e4\u00e4tt\u00e4\u00e4 Sarkomaa.<\/p>\n\n\n\n<p>Lis\u00e4tietoja: Sari Sarkomaa, puh. 050&nbsp;511 3033<\/p>\n","protected":false},"excerpt":{"rendered":"<p>Tiedote 1.9.2021 Julkaisuvapaa heti Kokoomuksen eduskuntaryhm\u00e4n varapuheenjohtaja, kansanedustaja\u00a0Sari Sarkomaa\u00a0on tehnyt lakialoitteen\u00a0kotitalousv\u00e4hennyksen laajentamisesta\u00a0siten, ett\u00e4 asunto-osakeyhti\u00f6n asukkaana oleva osakas voi saada v\u00e4hennyksen yhti\u00f6n teett\u00e4m\u00e4n remontin palkkakustannuksista.\u00a0Omakotitaloasukkailla on jo oikeus tehd\u00e4 v\u00e4hennys vastaavista korjauksista.\u00a0 Merkitt\u00e4v\u00e4 m\u00e4\u00e4r\u00e4\u00e4 suomalaisista asuu asunto-osakeyhti\u00f6ss\u00e4. Sarkomaan mukaan ei ole yhdenvertaista kohtelua, ett\u00e4 heill\u00e4 ei ole mahdollisuutta saada kotitalousv\u00e4hennyksest\u00e4 helpotusta taloyhti\u00f6n teett\u00e4mien remonttien palkkakustannuksiin.&nbsp;T\u00e4t\u00e4 ei <a href=\"https:\/\/www.sarisarkomaa.fi\/?p=10580\" class=\"more-link\">...jatka lukemista<span class=\"screen-reader-text\"> \"Kokoomuksen Sarkomaa: Kotitalousv\u00e4hennys laajennettava taloyhti\u00f6n osakkaiden remontteihin\"<\/span><\/a><\/p>\n","protected":false},"author":1,"featured_media":0,"comment_status":"closed","ping_status":"open","sticky":false,"template":"","format":"standard","meta":[],"categories":[4],"tags":[],"_links":{"self":[{"href":"https:\/\/www.sarisarkomaa.fi\/index.php?rest_route=\/wp\/v2\/posts\/10580"}],"collection":[{"href":"https:\/\/www.sarisarkomaa.fi\/index.php?rest_route=\/wp\/v2\/posts"}],"about":[{"href":"https:\/\/www.sarisarkomaa.fi\/index.php?rest_route=\/wp\/v2\/types\/post"}],"author":[{"embeddable":true,"href":"https:\/\/www.sarisarkomaa.fi\/index.php?rest_route=\/wp\/v2\/users\/1"}],"replies":[{"embeddable":true,"href":"https:\/\/www.sarisarkomaa.fi\/index.php?rest_route=%2Fwp%2Fv2%2Fcomments&post=10580"}],"version-history":[{"count":2,"href":"https:\/\/www.sarisarkomaa.fi\/index.php?rest_route=\/wp\/v2\/posts\/10580\/revisions"}],"predecessor-version":[{"id":10584,"href":"https:\/\/www.sarisarkomaa.fi\/index.php?rest_route=\/wp\/v2\/posts\/10580\/revisions\/10584"}],"wp:attachment":[{"href":"https:\/\/www.sarisarkomaa.fi\/index.php?rest_route=%2Fwp%2Fv2%2Fmedia&parent=10580"}],"wp:term":[{"taxonomy":"category","embeddable":true,"href":"https:\/\/www.sarisarkomaa.fi\/index.php?rest_route=%2Fwp%2Fv2%2Fcategories&post=10580"},{"taxonomy":"post_tag","embeddable":true,"href":"https:\/\/www.sarisarkomaa.fi\/index.php?rest_route=%2Fwp%2Fv2%2Ftags&post=10580"}],"curies":[{"name":"wp","href":"https:\/\/api.w.org\/{rel}","templated":true}]}}