{"id":10585,"date":"2021-09-02T15:36:37","date_gmt":"2021-09-02T13:36:37","guid":{"rendered":"https:\/\/www.sarisarkomaa.fi\/?p=10585"},"modified":"2021-09-02T15:36:40","modified_gmt":"2021-09-02T13:36:40","slug":"kokoomusedustajat-sarkomaa-ja-laiho-kokoomus-jattaa-lakialoitteen-kulttuuri-ja-tapahtuma-alaa-eriarvoistavien-koronarajoitusten-poistamiseksi","status":"publish","type":"post","link":"https:\/\/www.sarisarkomaa.fi\/?p=10585","title":{"rendered":"Kokoomusedustajat Sarkomaa ja Laiho: Kokoomus j\u00e4tt\u00e4\u00e4 lakialoitteen kulttuuri- ja tapahtuma-alaa eriarvoistavien koronarajoitusten poistamiseksi"},"content":{"rendered":"\n<p>Tiedote 2.9.2021<\/p>\n\n\n\n<p>Julkaisuvapaa heti<\/p>\n\n\n\n<p>Kokoomuksen eduskuntaryhm\u00e4n varapuheenjohtaja, kansanedustaja <strong>Sari Sarkomaa<\/strong> ja sosiaali- ja terveysvaliokunnan varapuheenjohtaja, kansanedustaja <strong>Mia Laiho<\/strong> vaativat tartuntatautilain 58d \u00a7:n kumoamista. Siihen sis\u00e4ltyv\u00e4 ongelmallinen kahden metrin v\u00e4himm\u00e4iset\u00e4isyyskriteeri on kohtuuttomasti aiheuttanut vahinkoa kulttuuri- ja tapahtuma-alalle eik\u00e4 ole en\u00e4\u00e4 perusteltu nykyisen epidemiantilanteen ja parantuneen rokotuskattavuuden huomioiden. <\/p>\n\n\n\n<p>\u201dOlemme pettyneit\u00e4,\nettei hallituksen keskeisten ministereiden vaateista huolimatta p\u00e4iv\u00e4n\nvaltioneuvoston istunto sis\u00e4lt\u00e4nyt esitetty\u00e4 pyk\u00e4l\u00e4muutosta. Kokoomuksen\neduskuntaryhm\u00e4 j\u00e4tt\u00e4\u00e4 t\u00e4n\u00e4\u00e4n lakialoitteen tartuntatautilain 58d \u00a7:n\nkumoamisesta varmistaaksemme, ett\u00e4 lakiesitys etenee ilman viiveit\u00e4.\nTapahtumien terveysturvallisuus on t\u00e4rke\u00e4 varmistaa kuitenkin my\u00f6s lakipyk\u00e4l\u00e4n\nkumoamisen j\u00e4lkeen\u201d, sanovat edustajat.<\/p>\n\n\n\n<p>\u201dEp\u00e4selv\u00e4ksi j\u00e4\u00e4 milloin hallitus tuo lupaamansa\nlakiesityksen. Hallitus on lupaillut turvav\u00e4lien poistumista jo elokuun\npuoliv\u00e4list\u00e4 asti, mutta vasta nyt lakimuutosta alettiin valmistella. On\nkohtuutonta, ettei hallitus ota huomioon muuttunutta tautitilannetta ja p\u00e4\u00e4st\u00e4\nkulttuuri- ja tapahtuma-alaa rajoituksista\u201d, jatkaa edustajat.<\/p>\n\n\n\n<p>Eduskunnassa p\u00e4\u00e4tettiin toukokuussa\ntartuntatautilakien v\u00e4liaikaisten koronaan liittyvien rajoitusmahdollisuuksien\njatkamisesta vuoden loppuun saakka. Kokoomus j\u00e4tti tuolloin <a href=\"https:\/\/intranet.eduskunta.fi\/FI\/vaski\/mietinto\/Sivut\/StVM_14+2021.aspx\">sosiaali- ja terveysvaliokunnan mietint\u00f6\u00f6n<\/a> vastalauseen\nja useita lausumaehdotuksia liittyen muun muassa turvaet\u00e4isyyksiin,\nkoronatodistukseen ja voimassaolon pituuteen. Hallituspuolueet kuitenkin\nenemmist\u00f6ll\u00e4\u00e4n tyrm\u00e4siv\u00e4t n\u00e4m\u00e4 esitykset.<\/p>\n\n\n\n<p>Kulttuuri- ja tapahtuma-alaan koronarajoitukset ovat iskeneet muita aloja voimakkaammin. Alan yhteinen<a> <\/a><a href=\"https:\/\/www.muusikkojenliitto.fi\/kulttuuri-ja-tapahtuma-alan-julkilausuma-mitta-on-taysi\/\">julkilausuma<\/a> nostaa esille, ettei esityksi\u00e4 rajoitusten asteittaisesta purkamisesta ja turvallisesta ja vastuullisesta tapahtuman j\u00e4rjest\u00e4misest\u00e4 ole kuultu, ja\u00a0ett\u00e4 kulttuurin ja tapahtumien parissa ty\u00f6skentelev\u00e4t on ajettu ahtaalle ty\u00f6n tekemisen edellytykset est\u00e4m\u00e4ll\u00e4. <\/p>\n\n\n\n<p>\u201dKulttuuri- ja\ntapahtuma-ala tarvitsee varmuuden, ett\u00e4 esitetty muutos tehd\u00e4\u00e4n\ntartuntatautilakiin. On t\u00e4rke\u00e4\u00e4 mahdollistaa tapahtumien j\u00e4rjest\u00e4minen,\nyritysten ja freelancereiden toimeentulo sek\u00e4 ihmisille taiteen ja kulttuurin\nsaavutettavuus. Kulttuuri- ja tapahtuma-ala on my\u00f6s odottanut koko kes\u00e4n ajan\nkoronapassia, joka on ollut muualla Euroopassa jo laajasti k\u00e4yt\u00f6ss\u00e4. Sen\nk\u00e4ytt\u00f6\u00f6notolla on Suomessa jo kiire, jos siit\u00e4 halutaan apua rajoitusten\npurkamiseen\u201d, sanoo Sarkomaa. <\/p>\n\n\n\n<p>Kansanedustajista\non my\u00f6s kohtuutonta elinkeinotoiminnalle, yritt\u00e4jille sek\u00e4 ty\u00f6ntekij\u00f6ille,\nettei mit\u00e4\u00e4n suunnitelmia voida tehd\u00e4, kun hallituksen p\u00e4ivitetty\nexit-strategia puuttuu ja tieto rajoituksista tulee vasta viime tipassa. <\/p>\n\n\n\n<p>\u201dHallituksen toimintasuunnitelma on\nvanhentunut, ja se olisi pit\u00e4nyt jo p\u00e4ivitt\u00e4\u00e4. Hallituksen tuleekin viipym\u00e4tt\u00e4\np\u00e4ivitt\u00e4\u00e4 hybridistrategiansa, p\u00e4\u00e4tt\u00e4\u00e4 suunnitelmasta yhteiskunnan avaamisesta\nsek\u00e4 linjauksista ja painopisteist\u00e4 koronatoimenpiteiss\u00e4\u201d, sanoo Laiho. <\/p>\n\n\n\n<p><strong>Lis\u00e4tiedot ja haastattelupyynn\u00f6t:<\/strong><\/p>\n\n\n\n<p>Sari Sarkomaa, puh. 050 511 3033\n\nMia Laiho, puh. 050 433 6461\n\n\n\n<\/p>\n","protected":false},"excerpt":{"rendered":"<p>Tiedote 2.9.2021 Julkaisuvapaa heti Kokoomuksen eduskuntaryhm\u00e4n varapuheenjohtaja, kansanedustaja Sari Sarkomaa ja sosiaali- ja terveysvaliokunnan varapuheenjohtaja, kansanedustaja Mia Laiho vaativat tartuntatautilain 58d \u00a7:n kumoamista. Siihen sis\u00e4ltyv\u00e4 ongelmallinen kahden metrin v\u00e4himm\u00e4iset\u00e4isyyskriteeri on kohtuuttomasti aiheuttanut vahinkoa kulttuuri- ja tapahtuma-alalle eik\u00e4 ole en\u00e4\u00e4 perusteltu nykyisen epidemiantilanteen ja parantuneen rokotuskattavuuden huomioiden. \u201dOlemme pettyneit\u00e4, ettei hallituksen keskeisten ministereiden vaateista huolimatta p\u00e4iv\u00e4n <a href=\"https:\/\/www.sarisarkomaa.fi\/?p=10585\" class=\"more-link\">...jatka lukemista<span class=\"screen-reader-text\"> \"Kokoomusedustajat Sarkomaa ja Laiho: Kokoomus j\u00e4tt\u00e4\u00e4 lakialoitteen kulttuuri- ja tapahtuma-alaa eriarvoistavien koronarajoitusten poistamiseksi\"<\/span><\/a><\/p>\n","protected":false},"author":1,"featured_media":0,"comment_status":"closed","ping_status":"open","sticky":false,"template":"","format":"standard","meta":[],"categories":[1],"tags":[],"_links":{"self":[{"href":"https:\/\/www.sarisarkomaa.fi\/index.php?rest_route=\/wp\/v2\/posts\/10585"}],"collection":[{"href":"https:\/\/www.sarisarkomaa.fi\/index.php?rest_route=\/wp\/v2\/posts"}],"about":[{"href":"https:\/\/www.sarisarkomaa.fi\/index.php?rest_route=\/wp\/v2\/types\/post"}],"author":[{"embeddable":true,"href":"https:\/\/www.sarisarkomaa.fi\/index.php?rest_route=\/wp\/v2\/users\/1"}],"replies":[{"embeddable":true,"href":"https:\/\/www.sarisarkomaa.fi\/index.php?rest_route=%2Fwp%2Fv2%2Fcomments&post=10585"}],"version-history":[{"count":1,"href":"https:\/\/www.sarisarkomaa.fi\/index.php?rest_route=\/wp\/v2\/posts\/10585\/revisions"}],"predecessor-version":[{"id":10586,"href":"https:\/\/www.sarisarkomaa.fi\/index.php?rest_route=\/wp\/v2\/posts\/10585\/revisions\/10586"}],"wp:attachment":[{"href":"https:\/\/www.sarisarkomaa.fi\/index.php?rest_route=%2Fwp%2Fv2%2Fmedia&parent=10585"}],"wp:term":[{"taxonomy":"category","embeddable":true,"href":"https:\/\/www.sarisarkomaa.fi\/index.php?rest_route=%2Fwp%2Fv2%2Fcategories&post=10585"},{"taxonomy":"post_tag","embeddable":true,"href":"https:\/\/www.sarisarkomaa.fi\/index.php?rest_route=%2Fwp%2Fv2%2Ftags&post=10585"}],"curies":[{"name":"wp","href":"https:\/\/api.w.org\/{rel}","templated":true}]}}