{"id":10599,"date":"2021-09-08T07:21:20","date_gmt":"2021-09-08T05:21:20","guid":{"rendered":"https:\/\/www.sarisarkomaa.fi\/?p=10599"},"modified":"2021-09-08T07:21:22","modified_gmt":"2021-09-08T05:21:22","slug":"miksei-kohupykalaa-kumota-hallituksen-esitys-valtava-pettymys-verkkouutiset-7-9-2021","status":"publish","type":"post","link":"https:\/\/www.sarisarkomaa.fi\/?p=10599","title":{"rendered":"Miksei kohupyk\u00e4l\u00e4\u00e4 kumota? \u201dHallituksen esitys valtava pettymys\u201d (Verkkouutiset 7.9.2021)"},"content":{"rendered":"\n<p>Perhe- ja peruspalveluministeri Krista Kiuru ei l\u00e4mpene tartuntalain 58 d pyk\u00e4l\u00e4n poistamiselle.<\/p>\n\n\n\n<p>Hallitus antoi eduskunnalle lakiesityksen tartuntatautilain 58 d \u00a7:n muuttamisesta sunnuntaina.<\/p>\n\n\n\n<p>\u2013 Pyk\u00e4l\u00e4st\u00e4 poistettaisiin l\u00e4hikontaktin tarkka m\u00e4\u00e4ritelm\u00e4 sek\u00e4 soveltamisen kriteerin\u00e4 oleva ilmaantuvuusluku, perhe- ja peruspalveluministeri&nbsp;<strong>Krista Kiuru<\/strong>&nbsp;(sd.) kertoi eduskunnan l\u00e4hetekeskustelussa t\u00e4n\u00e4\u00e4n tiistaina.<\/p>\n\n\n\n<p>Voimassa olevassa laissa l\u00e4hikontakti on m\u00e4\u00e4ritelty ihmisten oleskeluksi sis\u00e4tiloissa alle kahden metrin et\u00e4isyydell\u00e4 toisistaan yli viidentoista minuutin ajan tai fyysist\u00e4 kontaktia toisiinsa. Esityksell\u00e4 poistettaisiin t\u00e4m\u00e4 m\u00e4\u00e4ritelm\u00e4 laista.<\/p>\n\n\n\n<p>\u2013 Kategorinen m\u00e4\u00e4ritelm\u00e4 ei ole mahdollistanut l\u00e4hikontaktin tilannesidonnaista m\u00e4\u00e4rittely\u00e4 vaan on pakottanut viranomaiset pysym\u00e4\u00e4n laissa s\u00e4\u00e4detyss\u00e4 l\u00e4hikontaktin m\u00e4\u00e4ritelm\u00e4ss\u00e4, eik\u00e4 laki ole mahdollistanut alle kahden metrin l\u00e4hiet\u00e4isyytt\u00e4, Kiuru sanoi.<\/p>\n\n\n\n<p>H\u00e4n totesi, ett\u00e4 vaikka koronaviruksen levi\u00e4mistavassa ei ole kahden metrin l\u00e4hikontaktin m\u00e4\u00e4ritelm\u00e4n s\u00e4\u00e4t\u00e4misen j\u00e4lkeen tapahtunut muutoksia, rokotekattavuuden nousun my\u00f6t\u00e4 v\u00e4est\u00f6n alttius tartunnoille ja vakavalle tautimuodolle on muuttunut, kuten my\u00f6s tartuntojen aiheuttama kuormitus sosiaali- ja terveydenhuollon kantokyvylle.<\/p>\n\n\n\n<p>\u2013 Jatkossa l\u00e4hikontaktilla tarkoitettaisiin t\u00e4ss\u00e4 yhteydess\u00e4 fyysisen kosketuksen lis\u00e4ksi ainoastaan hyvin l\u00e4hekk\u00e4ist\u00e4 oleskelua vieri vieress\u00e4 ja kylki kyljess\u00e4, Kiuru sanoi.<\/p>\n\n\n\n<h5>Esitys johtaa entist\u00e4 sekavampaan tilanteeseen<\/h5>\n\n\n\n<p>Kokoomuksen kansanedustaja&nbsp;<strong>Sari Sarkomaa<\/strong>&nbsp;totesi, ett\u00e4 hallituksen esitys tartuntatautilain muuttamisesta on tervetullut, mutta ratkaisu olla kumoamatta ja vaan muokata 58 d \u00a7:\u00e4\u00e4 on valtava pettymys.<\/p>\n\n\n\n<p>\u2013 Useat asiantuntijat ovat arvioineet t\u00e4m\u00e4n hallituksen esityksen johtavan vain entist\u00e4 sekavampaan tilanteeseen. Pyk\u00e4l\u00e4 on aiheuttanut kohtuuttomasti vahinkoa, eik\u00e4 se ole en\u00e4\u00e4 perusteltu nykyisess\u00e4 epidemiatilanteessa, Sarkomaa sanoi.<\/p>\n\n\n\n<p>Sarkomaan mielest\u00e4 pyk\u00e4l\u00e4 pit\u00e4isi kumota, kuten kokoomus on lakialoitteessaan esitt\u00e4nyt. Erityisesti tapahtuma- ja kulttuuriala on kritisoinut pyk\u00e4l\u00e4\u00e4.<\/p>\n\n\n\n<p>\u2013 Olemme kaikki n\u00e4hneet kuvia, kuinka valtavissa konserttisaleissa istuu kourallinen ihmisi\u00e4 maski p\u00e4\u00e4ss\u00e4 hyvin turvallisesti, hiljaa, ja toisaalta paljon isompi joukko on saattanut olla pieness\u00e4 tilassa ilman maskeja, kunhan on ollut olutlasi huulilla. On todella hyv\u00e4, ett\u00e4 vihdoin t\u00e4m\u00e4 kahden metrin turvav\u00e4livaatimus poistuu, vasemmistoliiton eduskuntaryhm\u00e4n puheenjohtaja&nbsp;<strong>Jussi Saramo<\/strong>&nbsp;sanoi.<\/p>\n\n\n\n<p>Lakiesityksest\u00e4 mietinn\u00f6n laativan sosiaali- ja terveysvaliokunnan puheenjohtaja&nbsp;<strong>Markus Lohi<\/strong>&nbsp;(kesk.) totesi, ett\u00e4 sosiaali- ja terveysvaliokunnasta merkitt\u00e4v\u00e4 osa olisi halunnut puuttua pyk\u00e4l\u00e4\u00e4n jo kes\u00e4kuussa. Sosiaali- ja terveysministeri\u00f6 kuitenkin vastusti sit\u00e4.<\/p>\n\n\n\n<p>\u2013 Minusta on kyll\u00e4 t\u00e4rke\u00e4\u00e4, ett\u00e4 jokainen valiokunta, joka t\u00e4st\u00e4 nyt lausuu, erityisesti sosiaali- ja terveysvaliokunta, miettii nyt tarkkaan my\u00f6s sit\u00e4 n\u00e4k\u00f6kulmaa, ett\u00e4 kun t\u00e4m\u00e4 voimaantulo menee kuitenkin muutaman viikon t\u00e4st\u00e4 hetkest\u00e4 eteenp\u00e4in, niin onko t\u00e4lle koko 58 d \u00a7:lle tarvetta, kuten t\u00e4\u00e4ll\u00e4 on esitetty, Lohi sanoi.<\/p>\n\n\n\n<p>H\u00e4nen mielest\u00e4\u00e4n pyk\u00e4l\u00e4n kumoamista pit\u00e4\u00e4 arvioida avoimesti ja kriittisesti eduskunnassa.<\/p>\n\n\n\n<h5>Onko Krista Kiuru valmis muuttamaan esityst\u00e4?<\/h5>\n\n\n\n<p>Perussuomalaisten kansanedustaja&nbsp;<strong>Leena Meri<\/strong>&nbsp;sanoi kannattavansa l\u00e4mpim\u00e4sti Lohen esityst\u00e4.<\/p>\n\n\n\n<p>\u2013 Jospa me l\u00e4hdett\u00e4isiin siit\u00e4, oletteko valmiit muuttamaan esityst\u00e4nne, ministeri Kiuru, Meri kysyi.<\/p>\n\n\n\n<p>My\u00f6s kristillisdemokraattien&nbsp;<strong>Sari Tanus<\/strong>&nbsp;kysyi, voisiko koko 58 d \u00a7:n poistamista harkita.<\/p>\n\n\n\n<p>Vihreiden kansanedustaja&nbsp;<strong>Inka Hopsu<\/strong>&nbsp;totesi, ett\u00e4 esitys on toki varovainen, mutta toisaalta se j\u00e4tt\u00e4\u00e4 terveydenhoidonviranomaisille varaa toimia, jos takapakkia tulee.<\/p>\n\n\n\n<p>\u2013 Mutta valiokunta voi varmasti arvioida my\u00f6s t\u00e4t\u00e4 koko pyk\u00e4l\u00e4n poistamista, Hopsu sanoi.<\/p>\n\n\n\n<p>Perhe- ja peruspalveluministeri Kiuru sanoi ymm\u00e4rt\u00e4v\u00e4ns\u00e4 ahdistuksen siit\u00e4, ett\u00e4 voitaisiin poistaa kokonaan 58 d \u00a7.<\/p>\n\n\n\n<p>\u2013 Mutta siin\u00e4 l\u00e4ht\u00f6kohta on se, ett\u00e4 sen j\u00e4lkeen tulee viel\u00e4 58 g eli Gabriel, jossa tilat laitettaisiin kokonaan kiinni. Nyt kannattaa keskitty\u00e4 siihen 58 \u00a7:n koko rakenteeseen, siin\u00e4 on koko pandemian ajaksi erityyppiset keinot k\u00e4ytett\u00e4viss\u00e4, koska perustuslakivaliokunnan n\u00e4k\u00f6kulmasta on edellytetty, ett\u00e4 meill\u00e4 olisi normaalilains\u00e4\u00e4d\u00e4nt\u00f6\u00f6n laitettu n\u00e4m\u00e4 kyseiset terveysturvallisuustoimet, Kiuru vastasi.<\/p>\n\n\n\n<p>Sosiaali- ja terveysvaliokunnan tavoitteena on saada lakiesityst\u00e4 koskeva mietint\u00f6 valmiiksi t\u00e4m\u00e4n viikon perjantaihin menness\u00e4.<\/p>\n","protected":false},"excerpt":{"rendered":"<p>Perhe- ja peruspalveluministeri Krista Kiuru ei l\u00e4mpene tartuntalain 58 d pyk\u00e4l\u00e4n poistamiselle. Hallitus antoi eduskunnalle lakiesityksen tartuntatautilain 58 d \u00a7:n muuttamisesta sunnuntaina. \u2013 Pyk\u00e4l\u00e4st\u00e4 poistettaisiin l\u00e4hikontaktin tarkka m\u00e4\u00e4ritelm\u00e4 sek\u00e4 soveltamisen kriteerin\u00e4 oleva ilmaantuvuusluku, perhe- ja peruspalveluministeri&nbsp;Krista Kiuru&nbsp;(sd.) kertoi eduskunnan l\u00e4hetekeskustelussa t\u00e4n\u00e4\u00e4n tiistaina. Voimassa olevassa laissa l\u00e4hikontakti on m\u00e4\u00e4ritelty ihmisten oleskeluksi sis\u00e4tiloissa alle kahden metrin et\u00e4isyydell\u00e4 <a href=\"https:\/\/www.sarisarkomaa.fi\/?p=10599\" class=\"more-link\">...jatka lukemista<span class=\"screen-reader-text\"> \"Miksei kohupyk\u00e4l\u00e4\u00e4 kumota? \u201dHallituksen esitys valtava pettymys\u201d (Verkkouutiset 7.9.2021)\"<\/span><\/a><\/p>\n","protected":false},"author":1,"featured_media":0,"comment_status":"closed","ping_status":"open","sticky":false,"template":"","format":"standard","meta":[],"categories":[1],"tags":[],"_links":{"self":[{"href":"https:\/\/www.sarisarkomaa.fi\/index.php?rest_route=\/wp\/v2\/posts\/10599"}],"collection":[{"href":"https:\/\/www.sarisarkomaa.fi\/index.php?rest_route=\/wp\/v2\/posts"}],"about":[{"href":"https:\/\/www.sarisarkomaa.fi\/index.php?rest_route=\/wp\/v2\/types\/post"}],"author":[{"embeddable":true,"href":"https:\/\/www.sarisarkomaa.fi\/index.php?rest_route=\/wp\/v2\/users\/1"}],"replies":[{"embeddable":true,"href":"https:\/\/www.sarisarkomaa.fi\/index.php?rest_route=%2Fwp%2Fv2%2Fcomments&post=10599"}],"version-history":[{"count":1,"href":"https:\/\/www.sarisarkomaa.fi\/index.php?rest_route=\/wp\/v2\/posts\/10599\/revisions"}],"predecessor-version":[{"id":10600,"href":"https:\/\/www.sarisarkomaa.fi\/index.php?rest_route=\/wp\/v2\/posts\/10599\/revisions\/10600"}],"wp:attachment":[{"href":"https:\/\/www.sarisarkomaa.fi\/index.php?rest_route=%2Fwp%2Fv2%2Fmedia&parent=10599"}],"wp:term":[{"taxonomy":"category","embeddable":true,"href":"https:\/\/www.sarisarkomaa.fi\/index.php?rest_route=%2Fwp%2Fv2%2Fcategories&post=10599"},{"taxonomy":"post_tag","embeddable":true,"href":"https:\/\/www.sarisarkomaa.fi\/index.php?rest_route=%2Fwp%2Fv2%2Ftags&post=10599"}],"curies":[{"name":"wp","href":"https:\/\/api.w.org\/{rel}","templated":true}]}}