{"id":10610,"date":"2021-09-09T07:48:01","date_gmt":"2021-09-09T05:48:01","guid":{"rendered":"https:\/\/www.sarisarkomaa.fi\/?p=10610"},"modified":"2021-09-09T07:48:02","modified_gmt":"2021-09-09T05:48:02","slug":"kokoomus-vaatii-kuuluisa-koronapykala-kumottava-kokonaan-valiokunnasta-tukea-iltalehti-8-9-2021","status":"publish","type":"post","link":"https:\/\/www.sarisarkomaa.fi\/?p=10610","title":{"rendered":"Kokoomus vaatii: Kuuluisa koronapyk\u00e4l\u00e4 kumottava kokonaan \u2013 valiokunnasta tukea (Iltalehti 8.9.2021)"},"content":{"rendered":"\n<p><strong>Sari Sarkomaa kuvailee nykyist\u00e4 tartuntatautilakia tilkkut\u00e4kiksi.<\/strong><br><\/p>\n\n\n\n<p>Kokoomus esitt\u00e4\u00e4 lakialoitteessaan tartuntatautilain pyk\u00e4l\u00e4n 58 d kumoamista kokonaan. Lakialoite on t\u00e4n\u00e4\u00e4n l\u00e4hetekeskustelussa eduskunnan t\u00e4ysistunnossa. Kokoomus saa esitykselleen tukea eduskunnan sivistysvaliokunnalta, joka esitt\u00e4\u00e4 sosiaali- ja terveysvaliokunnalle antamassaan lausunnossaan pyk\u00e4l\u00e4n kumoamista. Hallitus on esitt\u00e4nyt, ett\u00e4 pyk\u00e4l\u00e4\u00e4 muutetaan, muttei kumota. Pyk\u00e4l\u00e4 58 d koskee tilojen k\u00e4yt\u00f6n rajoittamista epidemian levi\u00e4misen est\u00e4miseksi.<\/p>\n\n\n\n<p>Lakialoitteen ensimm\u00e4inen allekirjoittaja&nbsp;<strong>Sari Sarkomaa<\/strong>&nbsp;on tyytyv\u00e4inen sivistysvaliokunnan ottamaan linjaan. H\u00e4nen mukaansa hallituksen esitt\u00e4m\u00e4 malli tekisi tartuntatautilaista entist\u00e4 sekavamman ja tulkinnanvaraisen. Sarkomaan ja useiden asiantuntijoiden mielest\u00e4 on ongelmallista, ett\u00e4 aluehallintovirastot voisivat eri puolella Suomea tulkita eri tavalla esimerkiksi l\u00e4hikontaktin m\u00e4\u00e4ritelm\u00e4\u00e4.<\/p>\n\n\n\n<p>\u2013 Tartuntatautilain 58 d pyk\u00e4l\u00e4n kumoamista on toivonut kulttuuri ja tapahtuma-alan toimijat jo pitk\u00e4\u00e4n. Nyt odotettiin, ett\u00e4 kumoaminen tulisi, mutta tulikin lakiesitys, jossa oli muokattu pyk\u00e4l\u00e4\u00e4. Muokkaaminen tekee tilanteesta entist\u00e4kin ep\u00e4selvemm\u00e4n ja ep\u00e4varmemman, koska on hyvin ep\u00e4selv\u00e4\u00e4, miten sit\u00e4 tulkitaan. Se sys\u00e4\u00e4 vastuun kuntien ja aluehallintoviranomaisten arvioitavaksi, Sarkomaa sanoo Iltalehdelle.<\/p>\n\n\n\n<p>\u2013 Tartuntatautilakiahan on muokattu ja muutettu ja se on kuin tilkkut\u00e4kki. Haluamme varmuutta ja selkeytt\u00e4 siihen, ett\u00e4 kahden metrin et\u00e4isyysvaatimuksista p\u00e4\u00e4st\u00e4\u00e4n pois. Jatkossa on t\u00e4rke\u00e4\u00e4, ett\u00e4 kaiken kaikkiaan tartuntatautilaki uudistetaan.<\/p>\n\n\n\n<h3>V\u00e4ite: Eriarvoisuutta<\/h3>\n\n\n\n<p>Sarkomaa painottaa, ett\u00e4 tapahtumien terveysturvallisuus on t\u00e4rke\u00e4\u00e4 varmistaa my\u00f6s pyk\u00e4l\u00e4n kumoamisen j\u00e4lkeen.<\/p>\n\n\n\n<p>Sarkomaan mielest\u00e4 pyk\u00e4l\u00e4 on aiheuttanut vaihtelevaa soveltamista, joka on johtanut kummallisiin ja kohtuuttomiin tilanteisiin kulttuuri- ja tapahtuma-alalla.<\/p>\n\n\n\n<p>\u2013 Se on johtanut my\u00f6s hyvin eriarvoisin tilanteisiin, miten pyk\u00e4l\u00e4\u00e4 on tulkittu. Jos ravintolassa on levyjen soittamisen sijaan el\u00e4v\u00e4\u00e4 musiikkia, on se katsottu tapahtumaksi ja rajoitukset ovat kiristyneet. Teattereissa on esiinnytty l\u00e4hes tyhjille katsomoille, mutta ruuhkabussissa on voitu istua kylki kyljess\u00e4. Tapahtumia on siis kohdeltu hyvin eriarvoisesti.<\/p>\n\n\n\n<p>\u2013 Rajoitukset ovat epidemiassa paikallaan ja ne ovat olleet perusteltuja. Mutta niiden pit\u00e4isi olla oikeudenmukaisia ja perusteluja. Monta kertaa on katsottu, ett\u00e4 bussissa voi istua vierekk\u00e4in, mutta teatterissa ei olla voitu istua ollenkaan.<\/p>\n","protected":false},"excerpt":{"rendered":"<p>Sari Sarkomaa kuvailee nykyist\u00e4 tartuntatautilakia tilkkut\u00e4kiksi. Kokoomus esitt\u00e4\u00e4 lakialoitteessaan tartuntatautilain pyk\u00e4l\u00e4n 58 d kumoamista kokonaan. Lakialoite on t\u00e4n\u00e4\u00e4n l\u00e4hetekeskustelussa eduskunnan t\u00e4ysistunnossa. Kokoomus saa esitykselleen tukea eduskunnan sivistysvaliokunnalta, joka esitt\u00e4\u00e4 sosiaali- ja terveysvaliokunnalle antamassaan lausunnossaan pyk\u00e4l\u00e4n kumoamista. Hallitus on esitt\u00e4nyt, ett\u00e4 pyk\u00e4l\u00e4\u00e4 muutetaan, muttei kumota. Pyk\u00e4l\u00e4 58 d koskee tilojen k\u00e4yt\u00f6n rajoittamista epidemian levi\u00e4misen est\u00e4miseksi. Lakialoitteen <a href=\"https:\/\/www.sarisarkomaa.fi\/?p=10610\" class=\"more-link\">...jatka lukemista<span class=\"screen-reader-text\"> \"Kokoomus vaatii: Kuuluisa koronapyk\u00e4l\u00e4 kumottava kokonaan \u2013 valiokunnasta tukea (Iltalehti 8.9.2021)\"<\/span><\/a><\/p>\n","protected":false},"author":1,"featured_media":0,"comment_status":"closed","ping_status":"open","sticky":false,"template":"","format":"standard","meta":[],"categories":[1],"tags":[],"_links":{"self":[{"href":"https:\/\/www.sarisarkomaa.fi\/index.php?rest_route=\/wp\/v2\/posts\/10610"}],"collection":[{"href":"https:\/\/www.sarisarkomaa.fi\/index.php?rest_route=\/wp\/v2\/posts"}],"about":[{"href":"https:\/\/www.sarisarkomaa.fi\/index.php?rest_route=\/wp\/v2\/types\/post"}],"author":[{"embeddable":true,"href":"https:\/\/www.sarisarkomaa.fi\/index.php?rest_route=\/wp\/v2\/users\/1"}],"replies":[{"embeddable":true,"href":"https:\/\/www.sarisarkomaa.fi\/index.php?rest_route=%2Fwp%2Fv2%2Fcomments&post=10610"}],"version-history":[{"count":1,"href":"https:\/\/www.sarisarkomaa.fi\/index.php?rest_route=\/wp\/v2\/posts\/10610\/revisions"}],"predecessor-version":[{"id":10611,"href":"https:\/\/www.sarisarkomaa.fi\/index.php?rest_route=\/wp\/v2\/posts\/10610\/revisions\/10611"}],"wp:attachment":[{"href":"https:\/\/www.sarisarkomaa.fi\/index.php?rest_route=%2Fwp%2Fv2%2Fmedia&parent=10610"}],"wp:term":[{"taxonomy":"category","embeddable":true,"href":"https:\/\/www.sarisarkomaa.fi\/index.php?rest_route=%2Fwp%2Fv2%2Fcategories&post=10610"},{"taxonomy":"post_tag","embeddable":true,"href":"https:\/\/www.sarisarkomaa.fi\/index.php?rest_route=%2Fwp%2Fv2%2Ftags&post=10610"}],"curies":[{"name":"wp","href":"https:\/\/api.w.org\/{rel}","templated":true}]}}