{"id":10627,"date":"2021-09-16T13:00:48","date_gmt":"2021-09-16T11:00:48","guid":{"rendered":"https:\/\/www.sarisarkomaa.fi\/?p=10627"},"modified":"2021-09-16T13:00:51","modified_gmt":"2021-09-16T11:00:51","slug":"marka-ratti-tapahtuma-ja-kulttuuri-alan-kasvoille-verkkouutiset-16-9-2021","status":"publish","type":"post","link":"https:\/\/www.sarisarkomaa.fi\/?p=10627","title":{"rendered":"\u201dM\u00e4rk\u00e4 r\u00e4tti tapahtuma- ja kulttuuri-alan kasvoille\u201d (Verkkouutiset 16.9.2021)"},"content":{"rendered":"\n<p><strong>Sosiaali- ja terveysvaliokunta ei esit\u00e4 turvav\u00e4lipyk\u00e4l\u00e4n kumoamista.<\/strong><\/p>\n\n\n\n<p>Eduskunnan sosiaali- ja terveysvaliokunta on saanut valmiiksi mietinn\u00f6n tartuntatautilain 58 d \u00a7:n muuttamisesta.<\/p>\n\n\n\n<p>Valiokunta&nbsp;<a href=\"https:\/\/www.verkkouutiset.fi\/mietintovaliokunta-puoltaa-luopumista-kahden-metrin-turvavalista\/#9e097f95\" target=\"_blank\" rel=\"noreferrer noopener\">puoltaa<\/a>&nbsp;kahden metrin turvav\u00e4list\u00e4 luopumista, mutta ei esit\u00e4 pyk\u00e4l\u00e4n kumoamista.<\/p>\n\n\n\n<p>Kokoomuksen eduskuntaryhm\u00e4n varapuheenjohtajan&nbsp;<strong>Sari Sarkomaan<\/strong>&nbsp;mielest\u00e4 valiokunnan mietint\u00f6 on \u201dm\u00e4rk\u00e4 r\u00e4tti tapahtuma- ja kulttuuri-alan kasvoille\u201d.<\/p>\n\n\n\n<p>\u2013 Oli valtava pettymys, ettei pyk\u00e4l\u00e4\u00e4 kumottu vaan hyv\u00e4ksyttiin hallituksen malli, joka tekee tartuntatautilaista entist\u00e4 sekavamman ja tulkinnanvaraisemman, Sari Sarkomaa sanoo kannanotossaan.<\/p>\n\n\n\n<p>Kokoomus ja perussuomalaiset j\u00e4ttiv\u00e4t valiokunnan mietint\u00f6\u00f6n vastalauseen.<\/p>\n\n\n\n<p>Sarkomaa toteaa, ett\u00e4 kulttuuri- ja tapahtuma-ala on yksi eniten korona-rajoituksista k\u00e4rsineist\u00e4 aloista, mutta viel\u00e4k\u00e4\u00e4n ei heid\u00e4n \u00e4\u00e4nt\u00e4 ei haluttu hallitusryhmiss\u00e4 kuulla.<\/p>\n\n\n\n<p>\u2013 On mahdotonta ymm\u00e4rt\u00e4\u00e4, miksi n\u00e4in toimitaan. Suuri osa asiantuntijoista oli pyk\u00e4l\u00e4n kumoamisen kannalla. Pyk\u00e4l\u00e4n kumoaminen olisi luonut ennakoitavuutta ja n\u00e4kym\u00e4\u00e4 kulttuuri- ja tapahtuma-alan toimijoille siirtym\u00e4ss\u00e4 kohti normaalia, Sarkomaa n\u00e4kee.<\/p>\n","protected":false},"excerpt":{"rendered":"<p>Sosiaali- ja terveysvaliokunta ei esit\u00e4 turvav\u00e4lipyk\u00e4l\u00e4n kumoamista. Eduskunnan sosiaali- ja terveysvaliokunta on saanut valmiiksi mietinn\u00f6n tartuntatautilain 58 d \u00a7:n muuttamisesta. Valiokunta&nbsp;puoltaa&nbsp;kahden metrin turvav\u00e4list\u00e4 luopumista, mutta ei esit\u00e4 pyk\u00e4l\u00e4n kumoamista. Kokoomuksen eduskuntaryhm\u00e4n varapuheenjohtajan&nbsp;Sari Sarkomaan&nbsp;mielest\u00e4 valiokunnan mietint\u00f6 on \u201dm\u00e4rk\u00e4 r\u00e4tti tapahtuma- ja kulttuuri-alan kasvoille\u201d. \u2013 Oli valtava pettymys, ettei pyk\u00e4l\u00e4\u00e4 kumottu vaan hyv\u00e4ksyttiin hallituksen malli, joka tekee <a href=\"https:\/\/www.sarisarkomaa.fi\/?p=10627\" class=\"more-link\">...jatka lukemista<span class=\"screen-reader-text\"> \"\u201dM\u00e4rk\u00e4 r\u00e4tti tapahtuma- ja kulttuuri-alan kasvoille\u201d (Verkkouutiset 16.9.2021)\"<\/span><\/a><\/p>\n","protected":false},"author":1,"featured_media":0,"comment_status":"closed","ping_status":"open","sticky":false,"template":"","format":"standard","meta":[],"categories":[1],"tags":[],"_links":{"self":[{"href":"https:\/\/www.sarisarkomaa.fi\/index.php?rest_route=\/wp\/v2\/posts\/10627"}],"collection":[{"href":"https:\/\/www.sarisarkomaa.fi\/index.php?rest_route=\/wp\/v2\/posts"}],"about":[{"href":"https:\/\/www.sarisarkomaa.fi\/index.php?rest_route=\/wp\/v2\/types\/post"}],"author":[{"embeddable":true,"href":"https:\/\/www.sarisarkomaa.fi\/index.php?rest_route=\/wp\/v2\/users\/1"}],"replies":[{"embeddable":true,"href":"https:\/\/www.sarisarkomaa.fi\/index.php?rest_route=%2Fwp%2Fv2%2Fcomments&post=10627"}],"version-history":[{"count":1,"href":"https:\/\/www.sarisarkomaa.fi\/index.php?rest_route=\/wp\/v2\/posts\/10627\/revisions"}],"predecessor-version":[{"id":10628,"href":"https:\/\/www.sarisarkomaa.fi\/index.php?rest_route=\/wp\/v2\/posts\/10627\/revisions\/10628"}],"wp:attachment":[{"href":"https:\/\/www.sarisarkomaa.fi\/index.php?rest_route=%2Fwp%2Fv2%2Fmedia&parent=10627"}],"wp:term":[{"taxonomy":"category","embeddable":true,"href":"https:\/\/www.sarisarkomaa.fi\/index.php?rest_route=%2Fwp%2Fv2%2Fcategories&post=10627"},{"taxonomy":"post_tag","embeddable":true,"href":"https:\/\/www.sarisarkomaa.fi\/index.php?rest_route=%2Fwp%2Fv2%2Ftags&post=10627"}],"curies":[{"name":"wp","href":"https:\/\/api.w.org\/{rel}","templated":true}]}}