{"id":10671,"date":"2021-09-30T14:06:17","date_gmt":"2021-09-30T12:06:17","guid":{"rendered":"https:\/\/www.sarisarkomaa.fi\/?p=10671"},"modified":"2021-09-30T14:06:20","modified_gmt":"2021-09-30T12:06:20","slug":"syyskuun-eduskuntaterveiset","status":"publish","type":"post","link":"https:\/\/www.sarisarkomaa.fi\/?p=10671","title":{"rendered":"Syyskuun eduskuntaterveiset"},"content":{"rendered":"\n<p><strong>Arvoisa vastaanottaja,<\/strong><\/p>\n\n\n\n<p>Keltaiset kirjat eli ensi vuoden valtion talousarvioesitys on saapunut eduskuntaan. Se on varma syksyn merkki. Valtiovarainvaliokunnan j\u00e4senen\u00e4 syksyn t\u00e4rke\u00e4 ty\u00f6ni on valtion talousarvion k\u00e4sittely. Nostimme budjettiesityksen l\u00e4hetekeskustelussa esille huolen hallituksen holtittomasta velanotosta nousukauden aikana. Samaan aikaan hallitus siirsi kuudennen kerran ty\u00f6llisyystoimien tekemist\u00e4. Hallitus jatkaa vastuutonta lasten ja lastenlastemme piikkiin el\u00e4mist\u00e4. Samaan aikaan kun miljardit viuhuvat, hallitus ei l\u00f6yd\u00e4 rahaa yhteiskunnan t\u00e4rkeisiin perustoimintoihin, tutkimukseen ja turvallisuuteen eik\u00e4 ik\u00e4ihmisten palveluihin. Kokoomus ei hyv\u00e4ksy hallituksen velanottolinjaa ja tulee tarjoamaan vaihtoehdon hallituksen politiikalle vaihtoehtobudjetissamme. Opposition vaihtoehtobudjetit ovat eduskunnan istunnossa 1.12. <\/p>\n\n\n\n<div class=\"wp-block-image\"><figure class=\"aligncenter is-resized\"><img loading=\"lazy\" src=\"https:\/\/mcusercontent.com\/6cdfc80d521359885f1a81a69\/images\/9121441d-d41b-880f-8532-56f1e0ee658b.jpg\" alt=\"\" width=\"388\" height=\"291\"\/><\/figure><\/div>\n\n\n\n<p>Kotikaupunkimme kehitt\u00e4mist\u00e4 seuraavat nelj\u00e4 vuotta linjaavasta\u00a0<a rel=\"noreferrer noopener\" href=\"https:\/\/www.hel.fi\/uutiset\/fi\/kaupunginkanslia\/esitys-kaupunkistrategiaksi-2021-2025\" target=\"_blank\">kaupunkistrategiasta\u00a0<\/a>on julkaistu pormestari Vartiaisen johdolla tehty esitys. Ty\u00f6lleni valtuutettuna ja kaupunginhallituksen j\u00e4senen\u00e4 asettamani tavoitteet n\u00e4kyv\u00e4t monin tavoin strategialuonnoksessa, johon oli ilo saada vaikuttaa. Helsingin on oltava turvallinen ja hyv\u00e4 paikka kasvaa, oppia, asua, tehd\u00e4 ty\u00f6t\u00e4, yritt\u00e4\u00e4 ja nauttia kaupunkimme tarjoamista mahdollisuuksista kaiken ik\u00e4isille. Kommentit ja palaute kaupunkistrategiasta ovat tervetulleita. Esitys etenee ensin kaupunginhallitukseen k\u00e4sitelt\u00e4v\u00e4ksemme ja lopullisen p\u00e4\u00e4t\u00f6ksen asiasta teemme kaupunginvaltuustossa. https:\/\/puheenvuoro.uusisuomi.fi\/sarisarkomaa\/kotikaupunkimme-kasvun-paikka-uusi-helsingin-kaupunkistrategia-on-julkaistu\/ <\/p>\n\n\n\n<div class=\"wp-block-image\"><figure class=\"aligncenter is-resized\"><img loading=\"lazy\" src=\"https:\/\/mcusercontent.com\/6cdfc80d521359885f1a81a69\/images\/1bacef0d-e719-2b99-8138-8a246965f03a.jpg\" alt=\"\" width=\"348\" height=\"348\"\/><figcaption> <br>Valtiovarainvaliokunnassa on nyt kolme Saria, kun minun ja Sari Essayahin lis\u00e4ksi mainio kollega Sari Multala kokoomuksen eduskuntaryhm\u00e4st\u00e4mme on nyt valiokunnan j\u00e4sen.  <\/figcaption><\/figure><\/div>\n\n\n\n<p><strong>Syyskuun terveisiss\u00e4:<\/strong><\/p>\n\n\n\n<ul><li>Tervetuloa tapaamaan<\/li><li>Kotitalousv\u00e4hennys laajennettava taloyhti\u00f6iden remontteihin<\/li><li>Eduskunnan Saaristomeriryhm\u00e4 perustettu<\/li><li>Bioanalyytikoille ja r\u00f6ntgenhoitajille mahdollisuus jatkokoulutukseen yliopistossa<\/li><li>Yhteisty\u00f6t\u00e4 Suomi-seuran ja ulkosuomalaisten kanssa<\/li><li>Mukana Roosa Nauha -kampanjassa<\/li><li>Vasemmistovihre\u00e4 hallitus rikkonut r\u00e4ike\u00e4sti vanhuspalvelulupauksensa&nbsp;<\/li><li>Hallituksen p\u00e4tk\u00e4rahoitus koulutukseen on arvovalinta<\/li><li>Hallitukselta m\u00e4rk\u00e4 r\u00e4tti tapahtuma- ja kulttuurialoille<\/li><li>Kirist\u00e4misen sijaan ty\u00f6n verotusta on hellitett\u00e4v\u00e4<\/li><li>Miksei koronapassi ole jo k\u00e4yt\u00f6ss\u00e4?<\/li><li>Eduskunnan pelastettava terveydenhuollon kansalliset laaturekisterit<\/li><li>Ty\u00f6el\u00e4m\u00e4ss\u00e4 tarvitaan naiset ja miehet, perhe-el\u00e4m\u00e4ss\u00e4 \u00e4idit ja is\u00e4t<\/li><\/ul>\n\n\n\n<p><strong> Tervetuloa tapaamaan <\/strong><\/p>\n\n\n\n<p>Helsinki-kierrokseni alkavat. Tervetuloa tapaamaan ja keskustelemaan sinulle t\u00e4rkeist\u00e4 aiheista Hakaniemen markkinoille ensi sunnuntaina 3.10.\u00a0Olen tavattavissa kokoomuksen teltalla klo 11-11.45. Mukana my\u00f6s muuta Helsingin kokoomusjoukkoa.\u00a0 <\/p>\n\n\n\n<p><strong>Kotitalousv\u00e4hennys laajennettava taloyhti\u00f6iden remontteihin<br><\/strong>Erityisesti korkeiden asuinkustannusten Helsingiss\u00e4 ja p\u00e4\u00e4kaupunkiseudulla remontit ovat taloudellisesti mittavia taakkoja ja korjausvastuut monille taloyhti\u00f6iden asukkaille siet\u00e4m\u00e4tt\u00f6mi\u00e4. Tein lakialoitteen kotitalousv\u00e4hennyksen laajentamisesta taloyhti\u00f6iden teett\u00e4miin remontteihin. Omakotitaloasukkailla on jo vastaava oikeus.\u00a0Ei\u00a0ole yhdenvertaista, ett\u00e4 asunto-osakeyhti\u00f6iden asukkailla t\u00e4t\u00e4 oikeutta ei ole. Kotitalousv\u00e4hennyksen laajentaminen taloyhti\u00f6iden remontteihin olisi tehokas tapa helpottaa asumisen kustannuksia ja\u00a0kannustaa asuntokannan kunnossapitoon, energiatehokkuuteen ja ilmastotekoihin.<br><a rel=\"noreferrer noopener\" href=\"https:\/\/l.facebook.com\/l.php?u=https%3A%2F%2Fbit.ly%2F38usKuv%3Ffbclid%3DIwAR0ProTLzGTW6xT3-MDAPIUtqeyHeoV5fMjbNJ4L_W7x-EBp4TBLh6oqfKw&amp;h=AT09ZESeHTQ86-y6jomdreCm_MlVmq4jp8aR5SoMk5iVQ-VxIRzr3y3J2xElEfRE44l2jIZzpK8tgqJ_C1kOTpCUHp-EnSvZJThKnTz-0qVfNubHFaLNP8olWvWCl9bOWmJn&amp;__tn__=-UK-R&amp;c[0]=AT3aCxpXg-lxZPoQSBN-gXv_ibHk4009mgAGznzcjLJ9flwCufoBLLTaZKnXq7hRusvJZZrqqjRxrgHPiY6joBN-1XP3BY2Fz_VEwarbyOJXFwVj4UYYYQH-zSeh3oDY9Phm1T8_lYZbGp-jChKWFjRv10Ji7DcayH_Tvr-FHYK8ALA\" target=\"_blank\">https:\/\/bit.ly\/38usKuv<\/a><\/p>\n\n\n\n<div class=\"wp-block-image\"><figure class=\"aligncenter is-resized\"><img loading=\"lazy\" src=\"https:\/\/mcusercontent.com\/6cdfc80d521359885f1a81a69\/images\/2234c9f1-03d5-82f4-0faa-289188d3f000.jpg\" alt=\"\" width=\"286\" height=\"381\"\/><\/figure><\/div>\n\n\n\n<p><strong>Perustimme eduskuntaan Saaristomeri-ryhm\u00e4n<br><\/strong>Saaristomeri-ryhm\u00e4ss\u00e4mme on\u00a0mukana mittava m\u00e4\u00e4r\u00e4 kansanedustajia eri eduskuntaryhmist\u00e4.\u00a0Tarkoituksena on Saaristomeremme tilan parantaminen niin, ett\u00e4 se saadaan pois It\u00e4meren suojelukomission hotspot-listalta viimeisen\u00e4 Suomen alueena. Ryhm\u00e4mme on ehtinyt jo tavata ymp\u00e4rist\u00f6ministeri Krista Mikkosta sek\u00e4 maa- ja mets\u00e4talousministeri Jari Lepp\u00e4\u00e4 ja pohtia yhdess\u00e4 ajankohtaisia\u00a0It\u00e4meren asioita. <\/p>\n\n\n\n<p><strong>Bioanalyytikoille ja r\u00f6ntgenhoitajille mahdollisuus jatkokoulutukseen yliopistossa<\/strong><br>Valmistelin yhteisty\u00f6ss\u00e4 R\u00f6ntgenhoitajaliiton ja Bioanalyytikkoliiton kanssa kirjallisen kysymyksen vauhdittaakseni\u00a0terveystieteiden maisterikoulutuksen ja sen osana kyseisten alojen tieteellisen koulutuksen k\u00e4ynnist\u00e4mist\u00e4 Helsingin yliopistossa. Toisin kuin muissa Pohjoismaissa, Suomessa ei ole n\u00e4iden alojen koulutusohjelmia tiedeyliopistoissa.\u00a0Aloilla on suuri ty\u00f6voimapula ja osasyy t\u00e4h\u00e4n on jatkokoulutusmahdollisuuden puute.\u00a0\u00a0<a rel=\"noreferrer noopener\" href=\"https:\/\/www.sarisarkomaa.fi\/?p=10646&amp;fbclid=IwAR2LTMnfZHfeqv93vAd1ltJl7fhwIahRor2aB8DoiDOk-e20fIeZtAVI0vc\" target=\"_blank\">https:\/\/www.sarisarkomaa.fi\/?p=10646<\/a><\/p>\n\n\n\n<p><strong>Yhteisty\u00f6t\u00e4 Suomi-seuran ja ulkosuomalaisten kanssa<\/strong><br>Eduskunnan Ulkosuomalaisten yst\u00e4vyysryhm\u00e4n puheenjohtajana j\u00e4tin hallitukselle vastattavaksi kirjallisen kysymyksen\u00a0ulkoasiainhallinnon suoritteiden maksuista. Kirjallisella kysymyksell\u00e4 kirit\u00e4n Ulkosuomalaisparlamentin ehdotusta ulkomailla my\u00f6nnetyn passin hinnan kohtuullistamisesta. Oli ilouutinen, ett\u00e4 vastauksessa kirjalliseen kysymykseen todetaan, ett\u00e4 asetuksen jatkovalmistelussa passin hinnankorotus ja voimassaolon pident\u00e4minen 10 vuoteen\u00a0arvioidaan uudestaan.<br>https:\/\/www.eduskunta.fi\/FI\/vaski\/Kysymys\/Sivut\/KK_463+2021.aspx <\/p>\n\n\n\n<div class=\"wp-block-image\"><figure class=\"aligncenter is-resized\"><img loading=\"lazy\" src=\"https:\/\/mcusercontent.com\/6cdfc80d521359885f1a81a69\/images\/c97580d1-ebd8-8255-ea1c-415691fa97fa.jpg\" alt=\"\" width=\"278\" height=\"371\"\/><figcaption> Roosa-nauhatunnelmissa kanssani Pirkko Mannola, Eva Wahlstr\u00f6m, tutkijaprofessori Juha Klefstr\u00f6m ja Seela Sella. <\/figcaption><\/figure><\/div>\n\n\n\n<p><strong>Mukana Roosa Nauha -kampanjassa<br><\/strong>T\u00e4m\u00e4n vuoden Roosa nauha -kampanja avattiin Musiikkitalossa yhdess\u00e4 Sy\u00f6p\u00e4s\u00e4\u00e4ti\u00f6n, huippututkijoiden ja yhteisty\u00f6kumppaneiden kanssa.\u00a0Upean Roosa nauhan suunnitteli t\u00e4n\u00e4 vuonna Eva Wahlstr\u00f6m.<br>Minulla oli ilo olla mukana tilaisuudessa Sy\u00f6p\u00e4s\u00e4\u00e4ti\u00f6n hallituksen j\u00e4senen\u00e4 ja eduskunnan sy\u00f6p\u00e4verkoston puheenjohtajana. Joka kolmas suomalainen sairastuu el\u00e4m\u00e4ns\u00e4 aikana sy\u00f6p\u00e4\u00e4n. Sy\u00f6p\u00e4s\u00e4\u00e4ti\u00f6n Roosa nauha -ker\u00e4yksell\u00e4 on ker\u00e4tty varoja sy\u00f6pien tutkimukselle Suomessa vuodesta 2003 saakka. L\u00e4mpim\u00e4sti tervetuloa kampanjaan. <\/p>\n\n\n\n<p><strong>Hallituksen p\u00e4tk\u00e4rahoitus koulutukseen on arvovalinta<br><\/strong>Opetusministeri Andersson (vas.) kertoi\u00a0\u00a0(<a href=\"https:\/\/eur03.safelinks.protection.outlook.com\/?url=https%3A%2F%2Fwww.hs.fi%2Fpolitiikka%2Fart-2000008267744.html&amp;data=04%7C01%7C%7C4b73e9684013470ee01208d980211445%7C4f18ef2241ae4d27ab689f53112a65b1%7C0%7C0%7C637681701851708841%7CUnknown%7CTWFpbGZsb3d8eyJWIjoiMC4wLjAwMDAiLCJQIjoiV2luMzIiLCJBTiI6Ik1haWwiLCJXVCI6Mn0%3D%7C1000&amp;sdata=L17%2FfWnogSQfj4l8wRv3H12vXoCG4tVBKTIE%2Fc52t8w%3D&amp;reserved=0\">HS 16.9.2021<\/a>) hallituksen panostavan yli 300 miljoonaa euroa varhaiskasvatuksen ja perusopetuksen tasa-arvon edist\u00e4miseen.\u00a0Opetusministeri antaa kuvan, ett\u00e4 kysymys olisi pysyvist\u00e4 m\u00e4\u00e4r\u00e4rahalis\u00e4yksist\u00e4. Todellisuudessa hallituksen v\u00e4liaikaiset lis\u00e4m\u00e4\u00e4r\u00e4rahat p\u00e4\u00e4ttyv\u00e4t ensi vuonna.\u00a0Hallitus on rahanjaossaan tehnyt rujon arvovalinnan, kun koulutuksen lis\u00e4m\u00e4\u00e4r\u00e4rahat ovat isolta osalta p\u00e4tk\u00e4rahoja. https:\/\/www.sarisarkomaa.fi\/?p=10655 <\/p>\n\n\n\n<p><strong>Hallitukselta m\u00e4rk\u00e4 r\u00e4tti tapahtuma- ja kulttuurialoille<br><\/strong>Tapahtuma- ja kulttuurialan pit\u00e4miselle eriarvoisten ja kohtuuttomien rajoitusten kourissa on saatava stoppi.\u00a0Tein lakialoitteen tartuntatautilain 58d sekavuutta aiheuttavan pyk\u00e4l\u00e4n kumoamisesta. Oli valtava pettymys, ettei pyk\u00e4l\u00e4\u00e4 kumottu vaan hyv\u00e4ksyttiin hallituksen malli, joka tekee tartuntatautilaista entist\u00e4 sekavamman ja tulkinnanvaraisemman.<br><a rel=\"noreferrer noopener\" href=\"https:\/\/l.facebook.com\/l.php?u=https%3A%2F%2Fwww.sarisarkomaa.fi%2F%3Fp%3D10585%26fbclid%3DIwAR0YWXIRxggqDA_C2_zr5KxvEBZKgxCMaV9-_7J-8VlakgaucLytffXfia4&amp;h=AT02OH894i5xkCVZ-XIOsmFox9j9vRgbAZQeXQignLcBoMPo_wdpcEDrexfO5Y4McSVLYIqoqYQDP9uI8jbjhyuw4X2mehg4v_kN__6EZYm3tU9qlHzANiwDQQU6QRT4uxP3&amp;__tn__=-UK-R&amp;c[0]=AT3pwgQ7vvJWD2uXCbRbLjYLR6aQMYaOpklIqh_hLDoiPNZLZ13e8EZGm0BMbwqzZgWwjk7wut4KxWTI63EoDdM_eLBXAi9nnqswm3OlG7B82KwywXi6f-fP1_A5kdVwGmYjyE58_mY5JNpPsLzp9nHxf1gUgKHnjv2ASKSnomzMgpQ\" target=\"_blank\">https:\/\/www.sarisarkomaa.fi\/?p=10585<\/a><\/p>\n\n\n\n<p><strong>Vasemmistovihre\u00e4 hallitus rikkonut r\u00e4ike\u00e4sti vanhuspalvelulupauksensa\u00a0<br><\/strong>Vasemmistovihre\u00e4 hallitus rikkoi budjettiriihess\u00e4 rumasti lupauksensa korjata vanhuspalveluiden ep\u00e4kohdat. Hallituksen budjettiesityksess\u00e4 ei runsaasta lis\u00e4velanotosta huolimatta herunut luvattuja m\u00e4\u00e4r\u00e4rahoja vanhusten huollon ep\u00e4kohtiin. T\u00e4m\u00e4 on valtava j\u00e4rkytys ik\u00e4ihmisten palveluihin korjausta luottavaisesti odottaneille suomalaisille, apua tarvitseville ik\u00e4ihmisille sek\u00e4 suurta ty\u00f6taakkaa kantavalle henkil\u00f6st\u00f6lle.\u00a0<br>https:\/\/www.sarisarkomaa.fi\/?p=10618 <\/p>\n\n\n\n<div class=\"wp-block-image\"><figure class=\"aligncenter is-resized\"><img loading=\"lazy\" src=\"https:\/\/mcusercontent.com\/6cdfc80d521359885f1a81a69\/images\/bbb55335-c819-6a05-f33b-5a59d8599b6e.jpg\" alt=\"\" width=\"302\" height=\"302\"\/><\/figure><\/div>\n\n\n\n<p><strong>Kirist\u00e4misen sijaan ty\u00f6n verotusta on hellitett\u00e4v\u00e4<br><\/strong>Suomalaisia palkansaajia ja el\u00e4kel\u00e4isi\u00e4 verotetaan raskaasti.\u00a0Kysyin p\u00e4\u00e4ministeri Marinilta eduskunnan suullisella kyselytunnilla, onko h\u00e4nest\u00e4 oikein ett\u00e4,\u00a0verokarhu kahmii suomalaiselta palkansaajalta 2800 euron kuukausiansioilla\u00a0100 euron korotuksesta 48,2 prosenttia. Tavallisen suomalaisen ty\u00f6n, yritt\u00e4misen ja el\u00e4kkeen verotus kuuluu maailman kireimpiin.\u00a0Kirist\u00e4misen sijaan ylikire\u00e4\u00e4 verotusta on hellitett\u00e4v\u00e4.\u00a0Ty\u00f6n tekemisest\u00e4\u00a0ja el\u00e4kkeest\u00e4 pit\u00e4\u00e4 j\u00e4\u00e4d\u00e4 k\u00e4teen niin, ett\u00e4 se riitt\u00e4\u00e4 muuhunkin, kuin aivan v\u00e4ltt\u00e4m\u00e4tt\u00f6m\u00e4\u00e4n.<\/p>\n\n\n\n<p><strong>Miksei koronapassi ole jo k\u00e4yt\u00f6ss\u00e4?<br><\/strong>Koronapassilains\u00e4\u00e4d\u00e4nt\u00f6 saapui vihdoin eduskuntaan. Muualla Euroopassa se on ollut k\u00e4yt\u00f6ss\u00e4 pitk\u00e4\u00e4n ja poistumassa vahvan rokotuskattavuuden vuoksi. Hallituksen viivyttely\u00e4 koronapassin k\u00e4ytt\u00f6\u00f6notossa on vaikeaa ymm\u00e4rt\u00e4\u00e4.\u00a0Miksei rokotuksia vauhdittava, Suomea auki pit\u00e4v\u00e4 koronapassi ole k\u00e4yt\u00f6ss\u00e4? Miksei yksityist\u00e4 terveydenhuoltoa otettu vahvasti rokottamaan?\u00a0Rokotuskattavuuden lis\u00e4\u00e4minen pit\u00e4isi olla hallituksen prioriteetti ja vasta syykuun lopussa annettu hallituksen esitys koronapassista on auttamattoman my\u00f6h\u00e4ss\u00e4. https:\/\/www.sarisarkomaa.fi\/?p=10604  <\/p>\n\n\n\n<p><strong>Eduskunnan pelastettava terveydenhuollon kansalliset laaturekisterit<br><\/strong>Terveydenhuollon laaturekisteripilotit k\u00e4ynnistyiv\u00e4t THL:n johdolla vuonna 2018 tekem\u00e4ni aloitteen pohjalta ja sen johdosta eduskunnan kahtena vuonna valtion budjettiin lis\u00e4\u00e4m\u00e4ll\u00e4 m\u00e4\u00e4r\u00e4rahalla.\u00a0Laaturekistereihin ker\u00e4t\u00e4\u00e4n tietoa hoidoista ja niiden vaikutuksista. Tiedon avulla hoidon laatua voidaan seurata,\u00a0vertailla ja kehitt\u00e4\u00e4 kansallisesti.\u00a0Oli suuri pettymys, ett\u00e4 muutoin rahaa avok\u00e4tisesti jakavalta hallitukselta ei eduskunnan vahvoista linjauksista huolimatta t\u00e4n\u00e4k\u00e4\u00e4n vuonna m\u00e4\u00e4r\u00e4rahaa herunut. On v\u00e4ltt\u00e4m\u00e4t\u00f6nt\u00e4, ett\u00e4 eduskunta pelastaa laaturekisterit ja etsii valtiontalousarvioista tarvittavan m\u00e4\u00e4r\u00e4rahan. https:\/\/www.sarisarkomaa.fi\/?p=10642<\/p>\n\n\n\n<p><strong>Ty\u00f6el\u00e4m\u00e4ss\u00e4 tarvitaan naiset ja miehet, perhe-el\u00e4m\u00e4ss\u00e4 \u00e4idit ja is\u00e4t<br><\/strong>Aloitimme eduskunnassa perhevapaauudistusesityksen k\u00e4sittelyn. Siin\u00e4 on paljon hyv\u00e4\u00e4. Pahin valuvika on se, ett\u00e4 vaikuttavat keinot isille k\u00e4ytt\u00e4\u00e4 perhevapaita ja tasata ty\u00f6nantajille aiheutuvia kustannuksia puuttuivat.\u00a0Suomessa is\u00e4t k\u00e4ytt\u00e4v\u00e4t perhevapaista 9 prosenttia ja \u00e4idit loput 91 prosenttia. Niin kauan kun \u00e4idist\u00e4 aiheutui enemm\u00e4n kustannuksia kuin isist\u00e4 jatkuu naisten syrjint\u00e4 ty\u00f6markkinoilla. Eduskunnan on esitys huolella k\u00e4sitelt\u00e4v\u00e4. Samoin on pys\u00e4htym\u00e4tt\u00e4 jatkettava uudistusty\u00f6t\u00e4. <\/p>\n\n\n\n<p>Koronan takia eduskunnassa ei ole sallittu\u00a0vierailijoita.\u00a0Eduskunnan tilat avataan\u00a0kokouksille ja\u00a0tilaisuuksille\u00a018.10. alkaen.\u00a0Joulukuussa otetaan jo vastaan varauksia vierasryhmist\u00e4 ja helmikuussa 2022 otetaan vastaan vierasryhmi\u00e4. On mukavaa p\u00e4\u00e4st\u00e4 tapamaan pitk\u00e4n tauon j\u00e4lkeen.<\/p>\n\n\n\n<p>Ajatukset ja ideat liittyen syksyn politiikkaan ja tietenkin kotikaupunkini Helsingin sek\u00e4 koko Suomen kehitt\u00e4miseen ovat aina t\u00e4rkeit\u00e4 ja tervetulleita.<\/p>\n\n\n\n<p>Pidet\u00e4\u00e4n yhteytt\u00e4.<\/p>\n\n\n\n<p>Sari Sarkomaa\n\n<\/p>\n\n\n\n<p> <\/p>\n","protected":false},"excerpt":{"rendered":"<p>Arvoisa vastaanottaja, Keltaiset kirjat eli ensi vuoden valtion talousarvioesitys on saapunut eduskuntaan. Se on varma syksyn merkki. Valtiovarainvaliokunnan j\u00e4senen\u00e4 syksyn t\u00e4rke\u00e4 ty\u00f6ni on valtion talousarvion k\u00e4sittely. Nostimme budjettiesityksen l\u00e4hetekeskustelussa esille huolen hallituksen holtittomasta velanotosta nousukauden aikana. Samaan aikaan hallitus siirsi kuudennen kerran ty\u00f6llisyystoimien tekemist\u00e4. Hallitus jatkaa vastuutonta lasten ja lastenlastemme piikkiin el\u00e4mist\u00e4. Samaan aikaan kun <a href=\"https:\/\/www.sarisarkomaa.fi\/?p=10671\" class=\"more-link\">...jatka lukemista<span class=\"screen-reader-text\"> \"Syyskuun eduskuntaterveiset\"<\/span><\/a><\/p>\n","protected":false},"author":1,"featured_media":0,"comment_status":"closed","ping_status":"open","sticky":false,"template":"","format":"standard","meta":[],"categories":[6],"tags":[],"_links":{"self":[{"href":"https:\/\/www.sarisarkomaa.fi\/index.php?rest_route=\/wp\/v2\/posts\/10671"}],"collection":[{"href":"https:\/\/www.sarisarkomaa.fi\/index.php?rest_route=\/wp\/v2\/posts"}],"about":[{"href":"https:\/\/www.sarisarkomaa.fi\/index.php?rest_route=\/wp\/v2\/types\/post"}],"author":[{"embeddable":true,"href":"https:\/\/www.sarisarkomaa.fi\/index.php?rest_route=\/wp\/v2\/users\/1"}],"replies":[{"embeddable":true,"href":"https:\/\/www.sarisarkomaa.fi\/index.php?rest_route=%2Fwp%2Fv2%2Fcomments&post=10671"}],"version-history":[{"count":1,"href":"https:\/\/www.sarisarkomaa.fi\/index.php?rest_route=\/wp\/v2\/posts\/10671\/revisions"}],"predecessor-version":[{"id":10672,"href":"https:\/\/www.sarisarkomaa.fi\/index.php?rest_route=\/wp\/v2\/posts\/10671\/revisions\/10672"}],"wp:attachment":[{"href":"https:\/\/www.sarisarkomaa.fi\/index.php?rest_route=%2Fwp%2Fv2%2Fmedia&parent=10671"}],"wp:term":[{"taxonomy":"category","embeddable":true,"href":"https:\/\/www.sarisarkomaa.fi\/index.php?rest_route=%2Fwp%2Fv2%2Fcategories&post=10671"},{"taxonomy":"post_tag","embeddable":true,"href":"https:\/\/www.sarisarkomaa.fi\/index.php?rest_route=%2Fwp%2Fv2%2Ftags&post=10671"}],"curies":[{"name":"wp","href":"https:\/\/api.w.org\/{rel}","templated":true}]}}