{"id":10794,"date":"2021-11-18T15:31:47","date_gmt":"2021-11-18T13:31:47","guid":{"rendered":"https:\/\/www.sarisarkomaa.fi\/?p=10794"},"modified":"2021-11-18T15:31:49","modified_gmt":"2021-11-18T13:31:49","slug":"parlamentaarisen-tyoryhman-edustajat-risikko-sarkomaa-ja-tanus-yksityisen-sairaanhoidon-kela-korvauksia-on-korotettava","status":"publish","type":"post","link":"https:\/\/www.sarisarkomaa.fi\/?p=10794","title":{"rendered":"Parlamentaarisen ty\u00f6ryhm\u00e4n edustajat Risikko, Sarkomaa ja Tanus: Yksityisen sairaanhoidon Kela-korvauksia on korotettava"},"content":{"rendered":"\n<p><\/p>\n\n\n\n<p>Tiedote 18.11.2021<\/p>\n\n\n\n<p>Julkaisuvapaa heti<\/p>\n\n\n\n<p>Sosiaali- ja terveysministeri\u00f6 asetti aiemmin syksyll\u00e4\nparlamentaarisen ty\u00f6ryhm\u00e4n, jonka tavoitteena oli terveyspalveluiden\nmonikanavarahoituksen purkaminen. Parlamentaarisen ty\u00f6ryhm\u00e4n loppumietint\u00f6\njulkistettiin t\u00e4n\u00e4\u00e4n. <\/p>\n\n\n\n<p>Kokoomuksen eduskuntaryhm\u00e4n edustajat <strong>Sari Sarkomaa<\/strong>\nja <strong>Paula Risikko<\/strong> sek\u00e4 kristillisdemokraattien ryhm\u00e4n edustaja <strong>Sari\nTanus<\/strong> j\u00e4ttiv\u00e4t mietint\u00f6\u00f6n t\u00e4ydent\u00e4v\u00e4n esityksen siit\u00e4, ett\u00e4 yksityisen\nsairaanhoidon hoito- ja tutkimuskorvauksia korotetaan perus- ja\nerikoissairaanhoidon palvelujen saatavuusongelmien ja koronapandemian\naikaansaaman hoitovelan kasvamisen vuoksi. Muut ryhm\u00e4t eiv\u00e4t kannattaneet esityst\u00e4.\n<\/p>\n\n\n\n<p>Korona-aika on lis\u00e4nnyt suomalaisten hoitovelkaa. Koronan\nj\u00e4ljilt\u00e4 on kehittynyt esimerkiksi suun terveydenhuoltoon 1,1 miljoonan\npotilask\u00e4ynnin palveluvelka vuonna 2020. Sy\u00f6p\u00e4rekisterin alustavien\nennakkotietojen mukaan vuonna 2020 uusia sy\u00f6pi\u00e4 todettiin 1 200 tapausta\nv\u00e4hemm\u00e4n kuin aiempana vuonna, vaikka ennusteen mukaan sy\u00f6v\u00e4t lis\u00e4\u00e4ntyv\u00e4t koko\najan. Yli puoli vuotta jonottaneiden osuus esimerkiksi kaihileikkausjonoissa ja\npolvien tai lonkkien tekonivelleikkauksissa on my\u00f6s kasvanut. <\/p>\n\n\n\n<p>Niin ik\u00e4\u00e4n v\u00e4est\u00f6n kroonisten sairauksien hoitovelka on\nkasvanut ja monet diagnoosit viiv\u00e4styneet. Hoitamattomana sairaudet pahenevat,\naikaansaavat inhimillist\u00e4 k\u00e4rsimyst\u00e4 ja lis\u00e4\u00e4v\u00e4t kustannuksia entisest\u00e4\u00e4n. <\/p>\n\n\n\n<p>Parlamentaarinen ty\u00f6ryhm\u00e4 p\u00e4\u00e4tyi mietinn\u00f6ss\u00e4\u00e4n seuraamaan\nsote-uudistuksen toimeenpanon edistymist\u00e4. Ty\u00f6ryhm\u00e4n mukaan yksityisen\nsairaanhoidon korvausj\u00e4rjestelm\u00e4\u00e4 ja sen rahoitusta voidaan tarvittaessa\nuudistaa vasta sen j\u00e4lkeen, kun sosiaali- ja terveyspalvelujen\nj\u00e4rjest\u00e4misvastuu on siirtynyt hyvinvointialueille. &nbsp;T\u00e4ss\u00e4 yhteydess\u00e4\narvioidaan my\u00f6s korvausten mahdollista kohdentamista. <\/p>\n\n\n\n<p>Sairaanhoidon Kela-korvauksia k\u00e4ytt\u00e4\u00e4 vuosittain noin kaksi\nmiljoona suomalaista. Niiden poistaminen kasvattaisi hoitojonoja, kun\nmerkitt\u00e4v\u00e4 osa yksityisist\u00e4 l\u00e4\u00e4k\u00e4ri- ja hammasl\u00e4\u00e4k\u00e4rik\u00e4ynneist\u00e4 siirtyisi\njulkisten terveyspalvelujen piiriin. Muun muassa Elinkeinoel\u00e4m\u00e4n keskusliitto\n(EK) ja palkansaajakeskusj\u00e4rjest\u00f6t Akava, STTK ja SAK <a href=\"https:\/\/akava.fi\/verkkouutiset\/ek-sak-akava-ja-sttk-terveydenhuollon-monikanavainen-rahoitus-on-vahvuus-jota-ei-ole-syyta-romuttaa\/\">vastustavat<\/a>\nvahvasti monikanavarahoituksen purkamista ja Kela-korvausten poistamista.\nJ\u00e4rjest\u00f6jen mukaan korvausten poistaminen pahentaisi julkisten\nterveyspalvelujen saatavuusongelmia sote-uudistuksen toimeenpanolle kriittisen\u00e4\najankohtana.<\/p>\n\n\n\n<p><strong>Lis\u00e4tiedot:&nbsp;<\/strong><\/p>\n\n\n\n<p>Sari Sarkomaa, puh. 09 432 3033<\/p>\n\n\n\n<p>Paula Risikko, puh. 09 432 3107<\/p>\n\n\n\n<p>Sari Tanus, puh. 09&nbsp;432 3176<\/p>\n","protected":false},"excerpt":{"rendered":"<p>Tiedote 18.11.2021 Julkaisuvapaa heti Sosiaali- ja terveysministeri\u00f6 asetti aiemmin syksyll\u00e4 parlamentaarisen ty\u00f6ryhm\u00e4n, jonka tavoitteena oli terveyspalveluiden monikanavarahoituksen purkaminen. Parlamentaarisen ty\u00f6ryhm\u00e4n loppumietint\u00f6 julkistettiin t\u00e4n\u00e4\u00e4n. Kokoomuksen eduskuntaryhm\u00e4n edustajat Sari Sarkomaa ja Paula Risikko sek\u00e4 kristillisdemokraattien ryhm\u00e4n edustaja Sari Tanus j\u00e4ttiv\u00e4t mietint\u00f6\u00f6n t\u00e4ydent\u00e4v\u00e4n esityksen siit\u00e4, ett\u00e4 yksityisen sairaanhoidon hoito- ja tutkimuskorvauksia korotetaan perus- ja erikoissairaanhoidon palvelujen saatavuusongelmien ja <a href=\"https:\/\/www.sarisarkomaa.fi\/?p=10794\" class=\"more-link\">...jatka lukemista<span class=\"screen-reader-text\"> \"Parlamentaarisen ty\u00f6ryhm\u00e4n edustajat Risikko, Sarkomaa ja Tanus: Yksityisen sairaanhoidon Kela-korvauksia on korotettava\"<\/span><\/a><\/p>\n","protected":false},"author":1,"featured_media":0,"comment_status":"closed","ping_status":"open","sticky":false,"template":"","format":"standard","meta":[],"categories":[4],"tags":[],"_links":{"self":[{"href":"https:\/\/www.sarisarkomaa.fi\/index.php?rest_route=\/wp\/v2\/posts\/10794"}],"collection":[{"href":"https:\/\/www.sarisarkomaa.fi\/index.php?rest_route=\/wp\/v2\/posts"}],"about":[{"href":"https:\/\/www.sarisarkomaa.fi\/index.php?rest_route=\/wp\/v2\/types\/post"}],"author":[{"embeddable":true,"href":"https:\/\/www.sarisarkomaa.fi\/index.php?rest_route=\/wp\/v2\/users\/1"}],"replies":[{"embeddable":true,"href":"https:\/\/www.sarisarkomaa.fi\/index.php?rest_route=%2Fwp%2Fv2%2Fcomments&post=10794"}],"version-history":[{"count":1,"href":"https:\/\/www.sarisarkomaa.fi\/index.php?rest_route=\/wp\/v2\/posts\/10794\/revisions"}],"predecessor-version":[{"id":10795,"href":"https:\/\/www.sarisarkomaa.fi\/index.php?rest_route=\/wp\/v2\/posts\/10794\/revisions\/10795"}],"wp:attachment":[{"href":"https:\/\/www.sarisarkomaa.fi\/index.php?rest_route=%2Fwp%2Fv2%2Fmedia&parent=10794"}],"wp:term":[{"taxonomy":"category","embeddable":true,"href":"https:\/\/www.sarisarkomaa.fi\/index.php?rest_route=%2Fwp%2Fv2%2Fcategories&post=10794"},{"taxonomy":"post_tag","embeddable":true,"href":"https:\/\/www.sarisarkomaa.fi\/index.php?rest_route=%2Fwp%2Fv2%2Ftags&post=10794"}],"curies":[{"name":"wp","href":"https:\/\/api.w.org\/{rel}","templated":true}]}}