{"id":10842,"date":"2021-12-07T09:05:06","date_gmt":"2021-12-07T07:05:06","guid":{"rendered":"https:\/\/www.sarisarkomaa.fi\/?p=10842"},"modified":"2021-12-07T09:05:09","modified_gmt":"2021-12-07T07:05:09","slug":"kokoomuksen-sarkomaa-mielenterveyspalvelut-katastrofaalisessa-tilassa-hallituksen-terapiatakuun-jarrutus-on-sydametonta%ef%bb%bf","status":"publish","type":"post","link":"https:\/\/www.sarisarkomaa.fi\/?p=10842","title":{"rendered":"Kokoomuksen Sarkomaa: Mielenterveyspalvelut  katastrofaalisessa tilassa &#8211; hallituksen terapiatakuun jarrutus on syd\u00e4met\u00f6nt\u00e4\ufeff"},"content":{"rendered":"\n<p>Tiedote 4.12.2021<\/p>\n\n\n\n<p>Julkaisuvapaa heti<br><\/p>\n\n\n\n<p>Kokoomuksen eduskuntaryhm\u00e4n varapuheenjohtaja&nbsp;<strong>Sari\nSarkomaa<\/strong> on huolissaan jatkuvien koronarajoitusten vaikutuksista ihmisten\nmielenterveydelle. Mielenterveyspotilaiden hoitoon p\u00e4\u00e4sy on vaikeutunut\nkoronaepidemian aikana niin paljon, ett\u00e4 Mielenterveyden keskusliitto pit\u00e4\u00e4\ntilannetta katastrofaalisena.<\/p>\n\n\n\n<p>\u201dOlemme saaneet lukea t\u00e4n\u00e4 syksyn\u00e4 jopa 10 kuukauden\njonotusajasta mielenterveyspalveluihin. Tilanne on inhimillisesti, ett\u00e4\nyhteiskunnallisesti kest\u00e4m\u00e4t\u00f6n. Mielenterveyden sairaudet ovat yleisin syy\nty\u00f6kyvytt\u00f6myysel\u00e4kkeelle siirtymisen ja my\u00f6s suurimpia syrj\u00e4ytymisen\naiheuttajia. On mahdoton ymm\u00e4rt\u00e4\u00e4 hallituksen arvovalintaa, j\u00e4tt\u00e4\u00e4 kaikkien\npuolueiden kannattama terapiatakuu toteuttamatta\u201d, Sarkomaa sanoo.<\/p>\n\n\n\n<p>Tuoreesta <a href=\"https:\/\/www.mtkl.fi\/toimintamme\/julkaisut\/mielenterveysbarometri-2021\/\">mielenterveysbarometrist\u00e4<\/a>\nselvi\u00e4\u00e4, ett\u00e4 sosiaali- ja terveyspalveluiden voimavaroja pit\u00e4isi lis\u00e4t\u00e4\nsyrj\u00e4ytymisvaarassa oleville nuorille ja aikuisille, mielenterveyskuntoutujille\nsek\u00e4 masennuspotilaille. Koronakriisin vaikutuksesta riski\nmielenterveysongelmien puhkeamiselle ja pahenemiselle on kasvanut entisest\u00e4\u00e4n.\nJonot psykiatriseen erikoishoitoon ovat t\u00e4ll\u00e4 hetkell\u00e4 liian pitk\u00e4t ja\nresurssit eiv\u00e4t riit\u00e4 turvaamaan riitt\u00e4v\u00e4\u00e4 hoitoa. Syit\u00e4 t\u00e4h\u00e4n n\u00e4hd\u00e4\u00e4n\nperustason hoidon heikossa saatavuudessa ja ehk\u00e4isev\u00e4n ty\u00f6n puutteissa.<\/p>\n\n\n\n<p>\u201dTerapiatakuun mukainen rakenteellinen uudistus\nmielenterveyden palveluihin on juuri nyt ajankohtainen. Se on osa kest\u00e4v\u00e4\u00e4\nkoronakriisin hoitoa sek\u00e4 ty\u00f6llisyyden vahvistamista. Lis\u00e4ksi Kela-korvaus\npit\u00e4isi saada my\u00f6s matalan kynnyksen mielenterveyspalveluihin, esimerkiksi\npsykologin tai psykoterapeutin k\u00e4ynteihin. Se helpottaisi painetta julkisella\npuolella ja nopeuttaisi huomattavasti hoitoonp\u00e4\u00e4sy\u00e4\u201d, Sarkomaa ehdottaa.<\/p>\n\n\n\n<p>Sarkomaasta eduskunnalla olisi ollut mahdollisuus tarttua\nasiaan useaan kertaan, mutta&nbsp;hallituspuolueen edustajat ovat enemmist\u00f6ll\u00e4\nest\u00e4neet terapiatakuukansalaisaloitteen k\u00e4sittelyn. Kokoomuksen eduskuntaryhm\u00e4\nesitti <a href=\"https:\/\/www.kokoomus.fi\/kestavan-tulevaisuuden-vaihtoehto\/#hoivan-ja-huolenpidon\">vaihtoehtobudjetissaan<\/a>\nm\u00e4\u00e4r\u00e4rahat terapiatakuun toteuttamiseen kuten aiempinakin vuosina. <\/p>\n\n\n\n<p>\u201dLausunnolla olevasta hoitotakuulaista puuttuu\nterapiatakuun ydin. Terapiatakuuhan toisi nopeasti t\u00e4ll\u00e4 hetkell\u00e4\nterveyskeskuksista puuttuvan psykososiaalisen hoidon ja kuntoutuksen. Hoidon\ntarve arvioitaisiin v\u00e4litt\u00f6m\u00e4sti perusterveydenhuollossa. Vetoan\nhallituspuolueisiin, ett\u00e4 t\u00e4ll\u00e4 kertaa \u00e4\u00e4nest\u00e4isitte terapiatakuun puolesta.\nApua tarvitsevat ihmiset ja heid\u00e4n omaisensa odottavat luvattuja toimia\u201d,\nSarkomaa sanoo.<\/p>\n\n\n\n<p><strong>Lis\u00e4tietoja:<\/strong><\/p>\n\n\n\n<p>Sari Sarkomaa, puh. 050 511 3033<\/p>\n","protected":false},"excerpt":{"rendered":"<p>Tiedote 4.12.2021 Julkaisuvapaa heti Kokoomuksen eduskuntaryhm\u00e4n varapuheenjohtaja&nbsp;Sari Sarkomaa on huolissaan jatkuvien koronarajoitusten vaikutuksista ihmisten mielenterveydelle. Mielenterveyspotilaiden hoitoon p\u00e4\u00e4sy on vaikeutunut koronaepidemian aikana niin paljon, ett\u00e4 Mielenterveyden keskusliitto pit\u00e4\u00e4 tilannetta katastrofaalisena. \u201dOlemme saaneet lukea t\u00e4n\u00e4 syksyn\u00e4 jopa 10 kuukauden jonotusajasta mielenterveyspalveluihin. Tilanne on inhimillisesti, ett\u00e4 yhteiskunnallisesti kest\u00e4m\u00e4t\u00f6n. Mielenterveyden sairaudet ovat yleisin syy ty\u00f6kyvytt\u00f6myysel\u00e4kkeelle siirtymisen ja my\u00f6s <a href=\"https:\/\/www.sarisarkomaa.fi\/?p=10842\" class=\"more-link\">...jatka lukemista<span class=\"screen-reader-text\"> \"Kokoomuksen Sarkomaa: Mielenterveyspalvelut  katastrofaalisessa tilassa &#8211; hallituksen terapiatakuun jarrutus on syd\u00e4met\u00f6nt\u00e4\ufeff\"<\/span><\/a><\/p>\n","protected":false},"author":1,"featured_media":0,"comment_status":"closed","ping_status":"open","sticky":false,"template":"","format":"standard","meta":[],"categories":[4],"tags":[],"_links":{"self":[{"href":"https:\/\/www.sarisarkomaa.fi\/index.php?rest_route=\/wp\/v2\/posts\/10842"}],"collection":[{"href":"https:\/\/www.sarisarkomaa.fi\/index.php?rest_route=\/wp\/v2\/posts"}],"about":[{"href":"https:\/\/www.sarisarkomaa.fi\/index.php?rest_route=\/wp\/v2\/types\/post"}],"author":[{"embeddable":true,"href":"https:\/\/www.sarisarkomaa.fi\/index.php?rest_route=\/wp\/v2\/users\/1"}],"replies":[{"embeddable":true,"href":"https:\/\/www.sarisarkomaa.fi\/index.php?rest_route=%2Fwp%2Fv2%2Fcomments&post=10842"}],"version-history":[{"count":1,"href":"https:\/\/www.sarisarkomaa.fi\/index.php?rest_route=\/wp\/v2\/posts\/10842\/revisions"}],"predecessor-version":[{"id":10843,"href":"https:\/\/www.sarisarkomaa.fi\/index.php?rest_route=\/wp\/v2\/posts\/10842\/revisions\/10843"}],"wp:attachment":[{"href":"https:\/\/www.sarisarkomaa.fi\/index.php?rest_route=%2Fwp%2Fv2%2Fmedia&parent=10842"}],"wp:term":[{"taxonomy":"category","embeddable":true,"href":"https:\/\/www.sarisarkomaa.fi\/index.php?rest_route=%2Fwp%2Fv2%2Fcategories&post=10842"},{"taxonomy":"post_tag","embeddable":true,"href":"https:\/\/www.sarisarkomaa.fi\/index.php?rest_route=%2Fwp%2Fv2%2Ftags&post=10842"}],"curies":[{"name":"wp","href":"https:\/\/api.w.org\/{rel}","templated":true}]}}