{"id":10845,"date":"2021-12-07T09:10:41","date_gmt":"2021-12-07T07:10:41","guid":{"rendered":"https:\/\/www.sarisarkomaa.fi\/?p=10845"},"modified":"2021-12-07T09:10:43","modified_gmt":"2021-12-07T07:10:43","slug":"eteneeko-maakuntavero-vai-ei-suomalaisilla-on-oikeus-tietaa-ajaako-hallitus-uutta-haitallista-veroa-kayttoon-suomessa-vai-ei-uusi-suomi-5-12","status":"publish","type":"post","link":"https:\/\/www.sarisarkomaa.fi\/?p=10845","title":{"rendered":"Eteneek\u00f6 maakuntavero vai ei? \u201dSuomalaisilla on oikeus tiet\u00e4\u00e4, ajaako hallitus uutta haitallista veroa k\u00e4ytt\u00f6\u00f6n Suomessa vai ei\u201d (Uusi Suomi 5.12.)"},"content":{"rendered":"\n<h3>Verkkouutisten mukaan valmistelu maakuntaveron k\u00e4ytt\u00f6\u00f6n ottamiseksi jatkuu ennallaan.<\/h3>\n\n\n\n<p>Oppositiopuolue kokoomuksen kansanedustajat&nbsp;<strong>Sari Sarkomaa<\/strong>&nbsp;ja&nbsp;<strong>Matias Marttinen<\/strong>&nbsp;ihmettelev\u00e4t hallituspuolueiden viime aikaisia ulostuloja maakuntaverosta.<\/p>\n\n\n\n<p>\u201dVerotusta kirist\u00e4v\u00e4 maakuntavero etenee t\u00e4ytt\u00e4 h\u00e4k\u00e4\u00e4, vaikka osa hallituspuolueista aluevaalien alla on antanut ymm\u00e4rt\u00e4\u00e4 aivan muuta. Aluevaaleihin ei voi menn\u00e4 veroasiassa sammutetuin lyhdyin. Avoimessa demokratiassa suomalaisilla on oikeus tiet\u00e4\u00e4 totuus. P\u00e4\u00e4ministeri&nbsp;<strong>Sanna Marinin<\/strong>&nbsp;(sd) syyt\u00e4 selkeytt\u00e4\u00e4 hallituksen maakuntaverolinja\u201d, Sarkomaa kirjoittaa Facebookissa.<\/p>\n\n\n\n<p>Jupakka maakuntaveron ymp\u00e4rill\u00e4 alkoi marraskuun lopulla, kun sdp:n varapuheenjohtaja, kansanedustaja&nbsp;<strong>Matias M\u00e4kynen<\/strong>&nbsp;sanoi Suomen Yritt\u00e4jien aluevaalitentiss\u00e4, ettei usko maakuntaveron tulevan k\u00e4ytt\u00f6\u00f6n t\u00e4ll\u00e4 tai ehk\u00e4 seuraavallakaan hallituskaudella. Vain pari p\u00e4iv\u00e4\u00e4 my\u00f6hemmin p\u00e4\u00e4ministeri Sanna Marin kertoi, ett\u00e4 hallitus on asettanut reunaehtoja maakuntaverolle.<\/p>\n\n\n\n\n\n<p>Eilen lauantaina valtiovarainministeri, keskustan puheenjohtaja&nbsp;<strong>Annika Saarikko<\/strong>&nbsp;sanoi, ettei maakuntaverolle ole t\u00e4ss\u00e4 vaiheessa edellytyksi\u00e4.<\/p>\n\n\n\n<p>\u201dNyt syntyv\u00e4t alueet eiv\u00e4t tarvitse verotusoikeutta. Se johtaisi t\u00e4ss\u00e4 vaiheessa suuriin eroihin ja vaatisi monimutkaisen tasausj\u00e4rjestelm\u00e4n. Vasta sitten voi verottaa, kun alueilla on teht\u00e4vi\u00e4, jotka tuottavat niille verotuloja\u201d, h\u00e4n sanoi puheessaan keskustan aluevaaliavauksessa.<\/p>\n\n\n\n<p>Saarikko korosti, ett\u00e4 keskusta suhtautuu my\u00f6nteisesti maakuntien verotusoikeuteen, mutta totesi samalla, ettei t\u00e4ll\u00e4 vaalikaudella saada aikaiseksi mallia, joka johtaa maakuntaveron k\u00e4ytt\u00f6\u00f6nottoon.<\/p>\n\n\n\n<p>Tilannetta h\u00e4mment\u00e4\u00e4 nyt se, ett\u00e4&nbsp;<a href=\"https:\/\/www.verkkouutiset.fi\/sdpn-kannanmuutos-ei-vaikuta-valmistelu-maakuntaveron-kayttoon-ottamiseksi-jatkuu\/#69b275c8\">Verkkouutisten mukaan<\/a>&nbsp;valmistelu maakuntaveron k\u00e4ytt\u00f6\u00f6n ottamiseksi jatkuu ennallaan.<\/p>\n\n\n\n<p>\u201dToimeksiantomme on valmistella maakuntaveroa koskevat s\u00e4\u00e4nn\u00f6kset hallituksen esityksen muotoon. Sen mukaan projekti etenee ja teemme ty\u00f6t\u00e4, vahvistaa maakuntaveroty\u00f6ryhm\u00e4n puheenjohtaja\u201d, hallitusneuvos&nbsp;<strong>Panu Pyk\u00f6nen<\/strong>&nbsp;kertoo Verkkouutisille.<\/p>\n\n\n\n<h3><\/h3>\n\n\n\n<p>Matias Marttinen ihmettelee erityisesti p\u00e4\u00e4ministeripuolue sdp:n linjauksia Pyk\u00f6sen kommenttien j\u00e4lkeen.<\/p>\n\n\n\n<p>\u201dMit\u00e4 ihmett\u00e4 siis sdp:n kriittiset puheenvuorot viime viikoilta maakuntaverosta ovat olleet? Pelkk\u00e4\u00e4 vaalipuhetta aluevaalien alla ja kaksilla rattailla ajamista\u201d, h\u00e4n kysyy Facebookissa.<\/p>\n\n\n\n<p>\u201dSuomalaisilla on oikeus tiet\u00e4\u00e4, ajaako hallitus uutta haitallista veroa k\u00e4ytt\u00f6\u00f6n Suomessa vai ei. Aluevaalien l\u00e4hestyminen ei ole syy j\u00e4tt\u00e4\u00e4 asiaa kertomatta vaan p\u00e4invastoin syy kertoa rehellisesti hallituksen kanta\u201d, Marttinen jatkaa.<\/p>\n\n\n\n<p>Sari Sarkomaa muistuttaa, ett\u00e4 kokoomus ei hyv\u00e4ksy maakuntaveroa.<\/p>\n\n\n\n<p>\u201dOn t\u00e4ysin absurdi ajatus, ett\u00e4 palvelut vaarantavan ja kaupungit ry\u00f6st\u00e4v\u00e4n aluehallintouudistuksen vastineeksi ihmiset laitetaan maksamaan ty\u00f6st\u00e4\u00e4n ja el\u00e4kkeest\u00e4\u00e4n entist\u00e4 kire\u00e4mp\u00e4\u00e4 veroa! Ei kiitos.\u201d<\/p>\n","protected":false},"excerpt":{"rendered":"<p>Verkkouutisten mukaan valmistelu maakuntaveron k\u00e4ytt\u00f6\u00f6n ottamiseksi jatkuu ennallaan. Oppositiopuolue kokoomuksen kansanedustajat&nbsp;Sari Sarkomaa&nbsp;ja&nbsp;Matias Marttinen&nbsp;ihmettelev\u00e4t hallituspuolueiden viime aikaisia ulostuloja maakuntaverosta. \u201dVerotusta kirist\u00e4v\u00e4 maakuntavero etenee t\u00e4ytt\u00e4 h\u00e4k\u00e4\u00e4, vaikka osa hallituspuolueista aluevaalien alla on antanut ymm\u00e4rt\u00e4\u00e4 aivan muuta. Aluevaaleihin ei voi menn\u00e4 veroasiassa sammutetuin lyhdyin. Avoimessa demokratiassa suomalaisilla on oikeus tiet\u00e4\u00e4 totuus. P\u00e4\u00e4ministeri&nbsp;Sanna Marinin&nbsp;(sd) syyt\u00e4 selkeytt\u00e4\u00e4 hallituksen maakuntaverolinja\u201d, Sarkomaa <a href=\"https:\/\/www.sarisarkomaa.fi\/?p=10845\" class=\"more-link\">...jatka lukemista<span class=\"screen-reader-text\"> \"Eteneek\u00f6 maakuntavero vai ei? \u201dSuomalaisilla on oikeus tiet\u00e4\u00e4, ajaako hallitus uutta haitallista veroa k\u00e4ytt\u00f6\u00f6n Suomessa vai ei\u201d (Uusi Suomi 5.12.)\"<\/span><\/a><\/p>\n","protected":false},"author":1,"featured_media":0,"comment_status":"closed","ping_status":"open","sticky":false,"template":"","format":"standard","meta":[],"categories":[1],"tags":[],"_links":{"self":[{"href":"https:\/\/www.sarisarkomaa.fi\/index.php?rest_route=\/wp\/v2\/posts\/10845"}],"collection":[{"href":"https:\/\/www.sarisarkomaa.fi\/index.php?rest_route=\/wp\/v2\/posts"}],"about":[{"href":"https:\/\/www.sarisarkomaa.fi\/index.php?rest_route=\/wp\/v2\/types\/post"}],"author":[{"embeddable":true,"href":"https:\/\/www.sarisarkomaa.fi\/index.php?rest_route=\/wp\/v2\/users\/1"}],"replies":[{"embeddable":true,"href":"https:\/\/www.sarisarkomaa.fi\/index.php?rest_route=%2Fwp%2Fv2%2Fcomments&post=10845"}],"version-history":[{"count":1,"href":"https:\/\/www.sarisarkomaa.fi\/index.php?rest_route=\/wp\/v2\/posts\/10845\/revisions"}],"predecessor-version":[{"id":10846,"href":"https:\/\/www.sarisarkomaa.fi\/index.php?rest_route=\/wp\/v2\/posts\/10845\/revisions\/10846"}],"wp:attachment":[{"href":"https:\/\/www.sarisarkomaa.fi\/index.php?rest_route=%2Fwp%2Fv2%2Fmedia&parent=10845"}],"wp:term":[{"taxonomy":"category","embeddable":true,"href":"https:\/\/www.sarisarkomaa.fi\/index.php?rest_route=%2Fwp%2Fv2%2Fcategories&post=10845"},{"taxonomy":"post_tag","embeddable":true,"href":"https:\/\/www.sarisarkomaa.fi\/index.php?rest_route=%2Fwp%2Fv2%2Ftags&post=10845"}],"curies":[{"name":"wp","href":"https:\/\/api.w.org\/{rel}","templated":true}]}}