{"id":10866,"date":"2021-12-16T11:57:13","date_gmt":"2021-12-16T09:57:13","guid":{"rendered":"https:\/\/www.sarisarkomaa.fi\/?p=10866"},"modified":"2021-12-16T11:57:15","modified_gmt":"2021-12-16T09:57:15","slug":"kokoomuksen-sarkomaa-hallitus-rikkomassa-terapiatakuulupauksen-terapiatakuun-tavoitteet-eivat-sisallykaan-seitseman-paivan-hoitotakuuseen%ef%bb%bf","status":"publish","type":"post","link":"https:\/\/www.sarisarkomaa.fi\/?p=10866","title":{"rendered":"Kokoomuksen Sarkomaa: Hallitus rikkomassa terapiatakuulupauksen &#8211; terapiatakuun tavoitteet eiv\u00e4t sis\u00e4llyk\u00e4\u00e4n seitsem\u00e4n p\u00e4iv\u00e4n hoitotakuuseen\ufeff"},"content":{"rendered":"\n<p>Tiedote 16.12.2021<\/p>\n\n\n\n<p>Julkaisuvapaa heti<br><\/p>\n\n\n\n<p>Kokoomuksen kansanedustaja, eduskuntaryhm\u00e4n\nvarapuheenjohtaja <strong>Sari Sarkomaasta<\/strong> on kest\u00e4m\u00e4t\u00f6nt\u00e4, ettei\nlausuntokierroksella oleva hallituksen esitys hoitotakuulains\u00e4\u00e4d\u00e4nn\u00f6st\u00e4 toteuta\nTerapiatakuu-kansalaisaloitteen vaatimuksia perustason mielenterveyspalvelujen\nparantamisesta. <a href=\"https:\/\/www.sttinfo.fi\/tiedote\/hoitotakuu-ilman-terapiatakuuta-on-tynka?publisherId=69817102&amp;releaseId=69927785\">Mielenterveysj\u00e4rjest\u00f6t\nottivat tuoreeltaan kantaa<\/a>, ettei esitys takaa hoitoon p\u00e4\u00e4sy\u00e4 psyykkisten\nongelmien osalta.<\/p>\n\n\n\n<p>\u201dOn ollut jo t\u00e4ysin poikkeuksellista, ett\u00e4 hallituspuolueen\nedustajat ovat enemmist\u00f6ll\u00e4\u00e4n est\u00e4neet eduskunnassa\nTerapiatakuu-kansalaisaloitteen k\u00e4sittelyn. Sit\u00e4 on perusteltu sill\u00e4, ett\u00e4 asia\nhoidetaan hoitotakuun kirist\u00e4misell\u00e4. Ministeri Kiuru&nbsp;on toistuvasti\nvakuuttanut, ett\u00e4&nbsp;hoitotakuulains\u00e4\u00e4d\u00e4nt\u00f6 sis\u00e4lt\u00e4\u00e4&nbsp;<a href=\"http:\/\/www.terapiatakuu.fi\/\">Terapiatakuu-kansalaisaloitteen<\/a>&nbsp;tavoitteet.\nHallituksen on syyt\u00e4 avoimesti kertoa, miksi hoitotakuulakiesitys onkin nyt\nt\u00e4ysin vastoin sit\u00e4 mit\u00e4 on luvattu\u201d, Sarkomaa toteaa.<\/p>\n\n\n\n<p>Terapiatakuun toteutuminen edellytt\u00e4isi\nlyhytpsykoterapioiden, muiden tutkimusn\u00e4ytt\u00f6\u00f6n perustuvien psykososiaalisten\nhoitomenetelmien ja lyhytinterventioiden sis\u00e4llytt\u00e4mist\u00e4 perusterveydenhuoltoon\nja hoitotakuun piiriin.&nbsp;Hallituksen esityksess\u00e4 n\u00e4m\u00e4 on rajattu seitsem\u00e4n\np\u00e4iv\u00e4n takuun ulkopuolelle.<\/p>\n\n\n\n<p><br>\nMielenterveysj\u00e4rjest\u00f6t vaativat, ett\u00e4 mielenterveyspalvelujen osalta\nterveydenhuoltolakiin s\u00e4\u00e4det\u00e4\u00e4n erillinen pyk\u00e4l\u00e4 psykoterapeuttisen ja muun\npsykososiaalisen hoidon j\u00e4rjest\u00e4misest\u00e4 nelj\u00e4n viikon sis\u00e4ll\u00e4 hoidon tarpeen\narvioinnista.&nbsp;Hoitotakuulain lausuntokierroksella on paljastanut, ettei\nlupaus terapiatakuusta osana hoitotakuun kirist\u00e4mist\u00e4 ole toteutumassa.<\/p>\n\n\n\n<p>\u201dT\u00e4m\u00e4 on valtava pettymys jonossa hoitoa odottaville\nihmisille ja heid\u00e4n l\u00e4heisilleen. Erityisesti lasten ja nuorten hoitoon p\u00e4\u00e4syn\ntilanne on katastrofaalinen. Osa lapsista ja nuorista on odottanut hoitoa\nvuosia, eik\u00e4 siltik\u00e4\u00e4n ole saanut apua. H\u00e4t\u00e4 on valtava.&nbsp;Jokainen\nodotusp\u00e4iv\u00e4 on vahingollinen lapsen kehitykselle vaikeuttaen opinpolkua ja\nlis\u00e4ten syrj\u00e4ytymisriski\u00e4. Tutkimukset osoittavat, ett\u00e4 avun saannin kanssa\nkamppailevat omaiset ovat my\u00f6s suuressa sairastumisriskiss\u00e4\u201d, Sarkomaa sanoo.<\/p>\n\n\n\n<p>\u201dOnneksi esitys on vasta luonnos, jota on mahdollista\nmuuttaa parempaan suuntaan. Kenenk\u00e4\u00e4n ei pit\u00e4isi joutua odottamaan hoitoon\np\u00e4\u00e4sy\u00e4\u201d, Sarkomaa jatkaa. <\/p>\n\n\n\n<p>Kokoomuksen eduskuntaryhm\u00e4 on toistamiseen vedonnut, ett\u00e4\nhallitus lupauksensa mukaisesti toteuttaisi terapiatakuun.&nbsp;<\/p>\n\n\n\n<p>\u201dOlemme kokoomuksen voimin esitt\u00e4neet <a href=\"https:\/\/www.kokoomus.fi\/kestavan-tulevaisuuden-vaihtoehto\/\">vaihtoehtobudjetissamme<\/a>\nterapiatakuun toteuttamista, mutta hallituspuolueet ovat toistuvasti\n\u00e4\u00e4nest\u00e4neet esityksemme kumoon. On v\u00e4ltt\u00e4m\u00e4t\u00f6nt\u00e4, ett\u00e4 hallituspuolueista\nkerrotaan rehellisesti mist\u00e4 on kysymys ja miksi terapiatakuuta ei lupauksista\nhuolimatta edistet\u00e4\u201d, Sarkomaa p\u00e4\u00e4tt\u00e4\u00e4.<\/p>\n\n\n\n<p><strong>Lis\u00e4tiedot: <\/strong><\/p>\n\n\n\n<p>Sari Sarkomaa, puh.&nbsp;09 432 3033<\/p>\n","protected":false},"excerpt":{"rendered":"<p>Tiedote 16.12.2021 Julkaisuvapaa heti Kokoomuksen kansanedustaja, eduskuntaryhm\u00e4n varapuheenjohtaja Sari Sarkomaasta on kest\u00e4m\u00e4t\u00f6nt\u00e4, ettei lausuntokierroksella oleva hallituksen esitys hoitotakuulains\u00e4\u00e4d\u00e4nn\u00f6st\u00e4 toteuta Terapiatakuu-kansalaisaloitteen vaatimuksia perustason mielenterveyspalvelujen parantamisesta. Mielenterveysj\u00e4rjest\u00f6t ottivat tuoreeltaan kantaa, ettei esitys takaa hoitoon p\u00e4\u00e4sy\u00e4 psyykkisten ongelmien osalta. \u201dOn ollut jo t\u00e4ysin poikkeuksellista, ett\u00e4 hallituspuolueen edustajat ovat enemmist\u00f6ll\u00e4\u00e4n est\u00e4neet eduskunnassa Terapiatakuu-kansalaisaloitteen k\u00e4sittelyn. Sit\u00e4 on perusteltu sill\u00e4, ett\u00e4 <a href=\"https:\/\/www.sarisarkomaa.fi\/?p=10866\" class=\"more-link\">...jatka lukemista<span class=\"screen-reader-text\"> \"Kokoomuksen Sarkomaa: Hallitus rikkomassa terapiatakuulupauksen &#8211; terapiatakuun tavoitteet eiv\u00e4t sis\u00e4llyk\u00e4\u00e4n seitsem\u00e4n p\u00e4iv\u00e4n hoitotakuuseen\ufeff\"<\/span><\/a><\/p>\n","protected":false},"author":1,"featured_media":0,"comment_status":"closed","ping_status":"open","sticky":false,"template":"","format":"standard","meta":[],"categories":[1],"tags":[],"_links":{"self":[{"href":"https:\/\/www.sarisarkomaa.fi\/index.php?rest_route=\/wp\/v2\/posts\/10866"}],"collection":[{"href":"https:\/\/www.sarisarkomaa.fi\/index.php?rest_route=\/wp\/v2\/posts"}],"about":[{"href":"https:\/\/www.sarisarkomaa.fi\/index.php?rest_route=\/wp\/v2\/types\/post"}],"author":[{"embeddable":true,"href":"https:\/\/www.sarisarkomaa.fi\/index.php?rest_route=\/wp\/v2\/users\/1"}],"replies":[{"embeddable":true,"href":"https:\/\/www.sarisarkomaa.fi\/index.php?rest_route=%2Fwp%2Fv2%2Fcomments&post=10866"}],"version-history":[{"count":1,"href":"https:\/\/www.sarisarkomaa.fi\/index.php?rest_route=\/wp\/v2\/posts\/10866\/revisions"}],"predecessor-version":[{"id":10867,"href":"https:\/\/www.sarisarkomaa.fi\/index.php?rest_route=\/wp\/v2\/posts\/10866\/revisions\/10867"}],"wp:attachment":[{"href":"https:\/\/www.sarisarkomaa.fi\/index.php?rest_route=%2Fwp%2Fv2%2Fmedia&parent=10866"}],"wp:term":[{"taxonomy":"category","embeddable":true,"href":"https:\/\/www.sarisarkomaa.fi\/index.php?rest_route=%2Fwp%2Fv2%2Fcategories&post=10866"},{"taxonomy":"post_tag","embeddable":true,"href":"https:\/\/www.sarisarkomaa.fi\/index.php?rest_route=%2Fwp%2Fv2%2Ftags&post=10866"}],"curies":[{"name":"wp","href":"https:\/\/api.w.org\/{rel}","templated":true}]}}