{"id":10890,"date":"2021-12-22T10:02:39","date_gmt":"2021-12-22T08:02:39","guid":{"rendered":"https:\/\/www.sarisarkomaa.fi\/?p=10890"},"modified":"2021-12-22T10:02:42","modified_gmt":"2021-12-22T08:02:42","slug":"kokoomuksen-sarkomaa-ja-marttinen-tyytyvaisia-koronatestien-verovapauden-nopeaan-kasittelyyn-mietinnon-mukaiset-arvonlisaverohelpotusten-laajennukset-voitaisiin-hoitaa-samalla-ripeydella","status":"publish","type":"post","link":"https:\/\/www.sarisarkomaa.fi\/?p=10890","title":{"rendered":"Kokoomuksen Sarkomaa ja Marttinen tyytyv\u00e4isi\u00e4 koronatestien verovapauden nopeaan k\u00e4sittelyyn: \u201dMietinn\u00f6n mukaiset arvonlis\u00e4verohelpotusten laajennukset voitaisiin hoitaa samalla ripeydell\u00e4.\u201d"},"content":{"rendered":"\n<p>Tiedote\n22.12.2021<\/p>\n\n\n\n<p>Julkaisuvapaa heti<\/p>\n\n\n\n<p>Valtiovarainvaliokunta\nhyv\u00e4ksyi eilen koronan kotitestien arvonlis\u00e4veron v\u00e4liaikaisen poistamiseen\nliittyv\u00e4n mietinn\u00f6n yksimielisesti. Mietinn\u00f6ss\u00e4 valtiovarainvaliokunta haluaa\nedist\u00e4\u00e4 laajempia helpotuksia koronatestien ja -suojav\u00e4lineiden\narvonlis\u00e4verotukseen, jota kokoomus vaati jo maaliskuussa 2020.<\/p>\n\n\n\n<p>Kokoomuksen\neduskuntaryhm\u00e4n varapuheenjohtaja Sari Sarkomaa kiitt\u00e4\u00e4 esityksest\u00e4, joka\nhelpottaa kotitestien saatavuutta. Samalla Sarkomaa toivoo hallitukselta ripe\u00e4\u00e4\ntoimintaa helpotusten laajentamiseksi valiokunnan&nbsp;toivomalla tavalla.\nYksimielisess\u00e4 lausunnossa valtiovarainvaliokunta vaatii hallitusta\nselvitt\u00e4m\u00e4\u00e4n covid-19 torjunnassa k\u00e4ytett\u00e4vien materiaalien verohelpotuksen\nlaajentamisen yksityisille palveluntuottajille. <\/p>\n\n\n\n<p>\u201cT\u00e4ll\u00e4\nhetkell\u00e4 vain julkinen sektori voi hankkia suojav\u00e4lineit\u00e4 ja tarvikkeita\nnollaverokannalla. Vaikka monissa muissa maissa yksityisen sektorin hankinnat\non vapautettu arvonlis\u00e4verosta, ei Suomessa hallitus jostain syyst\u00e4 ole\ntoiminut n\u00e4in. Nollaverokannan soveltaminen laajasti julkisessa valvonnassa\noleville terveyden- ja sairaanhoitoalan sek\u00e4 sosiaalihuoltoalan toimijoille on\ntalouden t\u00e4sm\u00e4toimi, jolla helpottaisimme koronan vastaisessa ty\u00f6ss\u00e4\nv\u00e4ltt\u00e4m\u00e4tt\u00f6m\u00e4sti tarvittavien v\u00e4lineiden hankintaa.\u201d, Sarkomaa sanoo.&nbsp;<\/p>\n\n\n\n<p>\u201cOmikron-variantti\nlevi\u00e4\u00e4 nyt vaarallista tahtia, joka pahimmillaan uhkaa terveydenhuollon\nkantokyky\u00e4 ja erityisesti henkil\u00f6st\u00f6n riitt\u00e4vyytt\u00e4 sek\u00e4 jaksamista. Suomessa\ntulisi vihdoin ottaa koko terveydenhoidon kapasiteetti k\u00e4ytt\u00f6\u00f6n t\u00e4ydess\u00e4\nmitassa. En ymm\u00e4rr\u00e4 miksi s\u00e4\u00e4ntelyll\u00e4 hankaloitamme yksityisen sektorin\ntoimintaa. Meill\u00e4 ei pit\u00e4isi olla varaa hukata k\u00e4ytett\u00e4viss\u00e4 olevaa\npotentiaalia epidemian vastaisessa ty\u00f6ss\u00e4.\u201d, Sarkomaa sanoo.<\/p>\n\n\n\n<p>Kokoomuksen\nverovastaava, kansanedustaja Matias Marttinen huomauttaa, ett\u00e4 Suomi on\nhyv\u00e4ksynyt arvonlis\u00e4verohelpotuksen yksityisen sektorin testi-, suoja- ja\nrokotustarvikkeiden hankinnoista muille EU-maille, mutta ei suomalaisille.<\/p>\n\n\n\n<p>\u201cSote-palvelujen\nj\u00e4rjest\u00e4mistavat ovat eri j\u00e4senvaltioissa niin erilaiset, ett\u00e4 komissio on\ntarkoituksella j\u00e4tt\u00e4nyt soveltamistavan avoimeksi ja siihen on j\u00e4senmaissa\ntartuttu. J\u00e4senvaltiot ovat yksimielisesti toivoneet muutosta ja my\u00f6hemmin sen\njatkoa. Hallitus on siis ollut mukana vaatimassa lains\u00e4\u00e4d\u00e4nt\u00f6\u00e4 komissiolta,\njolla yksityisen sektorin nollaverokannalla toteutetut hankinnat ovat\nhyv\u00e4ksytt\u00e4vi\u00e4 muualla EU:ssa, mutta ei ole edist\u00e4nyt asiaa Suomessa.\u201d,\nMarttinen sanoo.<\/p>\n\n\n\n<p>\u201cRajanveto\njulkisten ja yksityisten terveyspalveluiden v\u00e4lill\u00e4 on ongelmallinen my\u00f6s\nkotimaisessa verotusk\u00e4yt\u00e4nn\u00f6ss\u00e4. Se ei tunne vastaavaa rajanvetoa yksityisen ja\njulkisen sektorin v\u00e4lill\u00e4. Soveltamisalan rajaus kohtelee toimijoita\nep\u00e4neutraalisti julkisen sektorin hyv\u00e4ksi.\u201d, Marttinen huomauttaa.<\/p>\n\n\n\n<p>Kokoomusedustajat\ntoivovat hallitukselta nopeaa selvityst\u00e4 ja esityst\u00e4 verovapauden\nlaajentamisesta heti alkuvuoteen.<\/p>\n\n\n\n<p>\u201cLakiehdotus\nvoitaisiin antaa jo tammikuussa. Omikron-variantin nopea levi\u00e4minen\nyhteiskunnassa edellytt\u00e4\u00e4 valmiuden nostamista kaikilla sektoreilla. T\u00e4m\u00e4 olisi\nyksi keino helpottaa suojav\u00e4lineiden hankintaa, jotta tehokas ja riitt\u00e4v\u00e4 hoito\non mahdollista. Ideologia on nyt vihdoin j\u00e4tett\u00e4v\u00e4 sivuun ihmisten\nterveysturvallisuuden ja kansakunnan pandemiasta selviytymisen t\u00e4hden.\u201d, Sarkomaa\np\u00e4\u00e4tt\u00e4\u00e4.<\/p>\n\n\n\n<p>Lis\u00e4tietoja\nja haastattelupyynn\u00f6t<\/p>\n\n\n\n<p>Sari\nSarkomaa, puh. 050 511 3033, sari.sarkomaa (at) eduskunta.fi <\/p>\n\n\n\n<p>Matias\nMarttinen, puh.&nbsp;09 432 3130, matias.marttinen (at) eduskunta.fi<\/p>\n\n\n\n<p>Valtiovarainvaliokunnan\nmietinn\u00f6n (VaVM 34\/2021 vp - HE 233\/2021 vp) luettavissa <a href=\"https:\/\/www.eduskunta.fi\/FI\/vaski\/Mietinto\/Sivut\/VaVM_34+2021.aspx\">t\u00e4\u00e4lt\u00e4<\/a>.<\/p>\n","protected":false},"excerpt":{"rendered":"<p>Tiedote 22.12.2021 Julkaisuvapaa heti Valtiovarainvaliokunta hyv\u00e4ksyi eilen koronan kotitestien arvonlis\u00e4veron v\u00e4liaikaisen poistamiseen liittyv\u00e4n mietinn\u00f6n yksimielisesti. Mietinn\u00f6ss\u00e4 valtiovarainvaliokunta haluaa edist\u00e4\u00e4 laajempia helpotuksia koronatestien ja -suojav\u00e4lineiden arvonlis\u00e4verotukseen, jota kokoomus vaati jo maaliskuussa 2020. Kokoomuksen eduskuntaryhm\u00e4n varapuheenjohtaja Sari Sarkomaa kiitt\u00e4\u00e4 esityksest\u00e4, joka helpottaa kotitestien saatavuutta. Samalla Sarkomaa toivoo hallitukselta ripe\u00e4\u00e4 toimintaa helpotusten laajentamiseksi valiokunnan&nbsp;toivomalla tavalla. Yksimielisess\u00e4 lausunnossa valtiovarainvaliokunta <a href=\"https:\/\/www.sarisarkomaa.fi\/?p=10890\" class=\"more-link\">...jatka lukemista<span class=\"screen-reader-text\"> \"Kokoomuksen Sarkomaa ja Marttinen tyytyv\u00e4isi\u00e4 koronatestien verovapauden nopeaan k\u00e4sittelyyn: \u201dMietinn\u00f6n mukaiset arvonlis\u00e4verohelpotusten laajennukset voitaisiin hoitaa samalla ripeydell\u00e4.\u201d\"<\/span><\/a><\/p>\n","protected":false},"author":1,"featured_media":0,"comment_status":"closed","ping_status":"open","sticky":false,"template":"","format":"standard","meta":[],"categories":[4],"tags":[],"_links":{"self":[{"href":"https:\/\/www.sarisarkomaa.fi\/index.php?rest_route=\/wp\/v2\/posts\/10890"}],"collection":[{"href":"https:\/\/www.sarisarkomaa.fi\/index.php?rest_route=\/wp\/v2\/posts"}],"about":[{"href":"https:\/\/www.sarisarkomaa.fi\/index.php?rest_route=\/wp\/v2\/types\/post"}],"author":[{"embeddable":true,"href":"https:\/\/www.sarisarkomaa.fi\/index.php?rest_route=\/wp\/v2\/users\/1"}],"replies":[{"embeddable":true,"href":"https:\/\/www.sarisarkomaa.fi\/index.php?rest_route=%2Fwp%2Fv2%2Fcomments&post=10890"}],"version-history":[{"count":1,"href":"https:\/\/www.sarisarkomaa.fi\/index.php?rest_route=\/wp\/v2\/posts\/10890\/revisions"}],"predecessor-version":[{"id":10891,"href":"https:\/\/www.sarisarkomaa.fi\/index.php?rest_route=\/wp\/v2\/posts\/10890\/revisions\/10891"}],"wp:attachment":[{"href":"https:\/\/www.sarisarkomaa.fi\/index.php?rest_route=%2Fwp%2Fv2%2Fmedia&parent=10890"}],"wp:term":[{"taxonomy":"category","embeddable":true,"href":"https:\/\/www.sarisarkomaa.fi\/index.php?rest_route=%2Fwp%2Fv2%2Fcategories&post=10890"},{"taxonomy":"post_tag","embeddable":true,"href":"https:\/\/www.sarisarkomaa.fi\/index.php?rest_route=%2Fwp%2Fv2%2Ftags&post=10890"}],"curies":[{"name":"wp","href":"https:\/\/api.w.org\/{rel}","templated":true}]}}