{"id":10900,"date":"2022-01-10T09:23:12","date_gmt":"2022-01-10T07:23:12","guid":{"rendered":"https:\/\/www.sarisarkomaa.fi\/?p=10900"},"modified":"2022-01-10T11:15:50","modified_gmt":"2022-01-10T09:15:50","slug":"uudelta-vuodelta-on-lupa-odottaa-terapiatakuuta","status":"publish","type":"post","link":"https:\/\/www.sarisarkomaa.fi\/?p=10900","title":{"rendered":"Uudelta vuodelta on lupa odottaa terapiatakuuta"},"content":{"rendered":"\n<p>Hyvinvointiyhteiskuntamme on heikko siell\u00e4, miss\u00e4 sen pit\u00e4isi olla vahvimmillaan. Mielenterveyspotilaiden hoitoon p\u00e4\u00e4sy on koronaepidemian aikana vaikeutunut entisest\u00e4\u00e4n. Mielenterveyden keskusliitto pit\u00e4\u00e4 tilannetta katastrofaalisena.<\/p>\n\n\n\n<p>Useat vaikeasti oireilevat lapset ja nuoret ovat odottaneet jopa vuosia, eiv\u00e4tk\u00e4 siltik\u00e4\u00e4n ole saaneet mielenterveysapua. H\u00e4t\u00e4 ja huoli on valtava tukea ja hoitoa tarvitsevilla lapsilla ja nuorilla sek\u00e4 heid\u00e4n l\u00e4heisill\u00e4\u00e4n. Monen vakavista ongelmista k\u00e4rsiv\u00e4n lapsen todellisuutta on, ett\u00e4 mielenterveyden palveluiden vakavien puutteiden vuoksi avun sijaan edess\u00e4 on sijoitus pois omasta kodista. Kun nuorille ei ole tarjolla heid\u00e4n tarvitsemiaan palveluja p\u00e4ihdehuollossa ja psykiatriassa, heid\u00e4t ohjataan lastensuojelun asiakkaaksi.<\/p>\n\n\n\n<p>Vastauksena pitk\u00e4\u00e4n jatkuneeseen ep\u00e4inhimilliseen tilanteeseen mielenterveysj\u00e4rjest\u00f6t valmistelivat Terapiatakuu-kansalaisaloitteen, joka tarkoittaa kattavien matalan kynnyksen mielenterveyspalveluiden rakentamista perustasolle ja yhdenvertaista ripe\u00e4\u00e4 hoitoon p\u00e4\u00e4sy\u00e4 matalalla kynnyksell\u00e4.<\/p>\n\n\n\n<p>Oli ilo olla mielenterveysj\u00e4rjest\u00f6jen kutsumana puhujana Helsingin Yliopiston Tiedekulmassa pidetyss\u00e4 Terapiatakuu\u2013kansalaisaloitekampanjan julkistamistilaisuudessa 20.2.2019.&nbsp;<a href=\"https:\/\/www.sarisarkomaa.fi\/?p=7948\" target=\"_blank\" rel=\"noreferrer noopener\">Puheenvuorossani<\/a>&nbsp;nostin esille vakavan ongelman eriarvoisesta p\u00e4\u00e4syst\u00e4 mielenterveyspalveluiden piiriin. Vaikka mielenterveysongelmat ovat suurin kansansairautemme, vuosittain kuntien terveydenhuollon menoista on ohjautunut yh\u00e4 pienempi osuus niiden hoitamiseen ja ennaltaehk\u00e4isyyn.<\/p>\n\n\n\n<div class=\"wp-block-image\"><figure class=\"aligncenter\"><img src=\"https:\/\/www.verkkouutiset.fi\/wp-content\/uploads\/2021\/12\/Kuva1_ssarkomaa-300x225.jpg\" alt=\"\" class=\"wp-image-445251\"\/><figcaption> <br><em>Olin mukana yhdess\u00e4 mm. Touko Aallon, FinFamin toiminnanjohtajan Pia Hyt\u00f6sen ja Mielenterveyspoolin projektip\u00e4\u00e4llik\u00f6n Alviina Alamets\u00e4n kanssa Helsingin Yliopiston Tiedekulmaan helmikuussa 2019 pidetyss\u00e4 Terapiatakuu\u2013kansalaisaloitekampanjan julkistamistilaisuudessa perustelemassa terapiatakuun t\u00e4rkeytt\u00e4.<\/em><\/figcaption><\/figure><\/div>\n\n\n\n<p>Terapiatakuu-kansalaisaloite sai valtavan tuen suomalaisilta. Sen saapuessa eduskuntaan lokakuussa 2019 kaikki puolueet kannattivat sit\u00e4, samoin koko hallitus. Sen j\u00e4lkeen kohtelu aloitteelle on ollut tyly\u00e4.  <\/p>\n\n\n\n<p>Eduskuntaryhm\u00e4mme on toistuvasti esitt\u00e4nyt kansalaisaloitteen k\u00e4sittely\u00e4 sek\u00e4 terapiatakuun tavoitteiden toteuttamiseksi m\u00e4\u00e4r\u00e4rahoja&nbsp;<a href=\"https:\/\/www.kokoomus.fi\/kestavan-tulevaisuuden-vaihtoehto\/\" target=\"_blank\" rel=\"noreferrer noopener\">vaihtoehtobudjetissamme<\/a>. Hallituspuolueiden edustajat ovat aina esityksemme \u00e4\u00e4nest\u00e4neet nurin. Perusteluina on aina ollut se, ett\u00e4 asia hoidetaan osana hoitotakuulakia.<\/p>\n\n\n\n<p>Tuore lakiluonnos hoitotakuuajan kirist\u00e4misest\u00e4 ei kuitenkaan sis\u00e4ll\u00e4 terapiatakuun tavoitteita kattavien matalan kynnyksen mielenterveyspalveluiden rakentamisesta perustasolle eik\u00e4 takaa yhdenvertaista ripe\u00e4\u00e4 hoitoon p\u00e4\u00e4sy\u00e4, ja Terapiatakuu-kansalaisaloite on edelleen k\u00e4sittelem\u00e4tt\u00f6m\u00e4n\u00e4 sys\u00e4ttyn\u00e4 mappi \u00d6:h\u00f6n.<\/p>\n\n\n\n<p>T\u00e4m\u00e4 on valtava j\u00e4rkytys suomalaisille ja erityisesti jonossa hoitoa ja apua odottaville perheille. Terapiatakuuta ei ole tulossa. Mielenterveysj\u00e4rjest\u00f6t ovat ilmaisseet pettymyksen, ettei hoitotakuuta koskeva lakiluonnos takaa hoitoon p\u00e4\u00e4sy\u00e4 psyykkisten ongelmien osalta eik\u00e4 sis\u00e4ll\u00e4k\u00e4\u00e4n terapiatakuun tavoitteita.&nbsp;<a href=\"https:\/\/www.sttinfo.fi\/tiedote\/hoitotakuu-ilman-terapiatakuuta-on-tynka?publisherId=69817102&amp;releaseId=69927785\" target=\"_blank\" rel=\"noreferrer noopener\">J\u00e4rjest\u00f6t vaativat korjausta<\/a>&nbsp;lupausten vastaiseen tyng\u00e4ksi j\u00e4\u00e4neeseen esitykseen. J\u00e4rjest\u00f6jen vaade, ett\u00e4 hallitus pit\u00e4\u00e4 korjaa esityst\u00e4\u00e4n, ennen kuin se tuodaan eduskuntaan, on oikeutettu ja kokoomuksen eduskuntaryhm\u00e4 antaa sille t\u00e4yden tuen.<\/p>\n\n\n\n<p>Yht\u00e4 suuri huoli on hallituspuolueiden edustajien syv\u00e4 hiljaisuus. En ole kuullut yht\u00e4\u00e4n puheenvuoroa, jossa vaadittaisiin yhdess\u00e4 annettujen lupausten pit\u00e4mist\u00e4 ja sellaisen lain tuomista eduskuntaan, joka tekisi terapiatakuusta totta. Her\u00e4\u00e4 vakava kysymys, ovatko hallituspuolueet sopineet, ettei terapiatakuun tavoitteita toteuta, kun asiaa koskevaa kansalaisaloitteen k\u00e4sittelykin on estetty.&nbsp;<a href=\"https:\/\/www.sarisarkomaa.fi\/?p=10875\" target=\"_blank\" rel=\"noreferrer noopener\">Avoimuuden ja kohtuuden nimiss\u00e4<\/a>&nbsp;on asiaan saatava vastaus.<\/p>\n\n\n\n<p>Mielenterveyden sairaudet ovat yleisin syy ty\u00f6kyvytt\u00f6myysel\u00e4kkeelle siirtymisen ja my\u00f6s suurimpia syrj\u00e4ytymisen aiheuttajia. Lasten ja nuorten syrj\u00e4ytymisen kierre on mahdollista katkaista tarjoamalla tukea ennaltaehk\u00e4isev\u00e4sti ja mielenterveyspalveluita aikaisessa vaiheessa. On mahdoton ymm\u00e4rt\u00e4\u00e4 hallituksen arvovalintaa j\u00e4tt\u00e4\u00e4 kaikkien puolueiden kannattama terapiatakuu toteuttamatta. Onneksi esitys on vasta luonnos, joka on ensi vuonna mahdollista korjata. Kenenk\u00e4\u00e4n ei pit\u00e4isi joutua odottamaan hoitoon p\u00e4\u00e4sy\u00e4.<\/p>\n","protected":false},"excerpt":{"rendered":"<p>Hyvinvointiyhteiskuntamme on heikko siell\u00e4, miss\u00e4 sen pit\u00e4isi olla vahvimmillaan. Mielenterveyspotilaiden hoitoon p\u00e4\u00e4sy on koronaepidemian aikana vaikeutunut entisest\u00e4\u00e4n. Mielenterveyden keskusliitto pit\u00e4\u00e4 tilannetta katastrofaalisena. Useat vaikeasti oireilevat lapset ja nuoret ovat odottaneet jopa vuosia, eiv\u00e4tk\u00e4 siltik\u00e4\u00e4n ole saaneet mielenterveysapua. H\u00e4t\u00e4 ja huoli on valtava tukea ja hoitoa tarvitsevilla lapsilla ja nuorilla sek\u00e4 heid\u00e4n l\u00e4heisill\u00e4\u00e4n. Monen vakavista ongelmista <a href=\"https:\/\/www.sarisarkomaa.fi\/?p=10900\" class=\"more-link\">...jatka lukemista<span class=\"screen-reader-text\"> \"Uudelta vuodelta on lupa odottaa terapiatakuuta\"<\/span><\/a><\/p>\n","protected":false},"author":1,"featured_media":0,"comment_status":"closed","ping_status":"open","sticky":false,"template":"","format":"standard","meta":[],"categories":[8],"tags":[],"_links":{"self":[{"href":"https:\/\/www.sarisarkomaa.fi\/index.php?rest_route=\/wp\/v2\/posts\/10900"}],"collection":[{"href":"https:\/\/www.sarisarkomaa.fi\/index.php?rest_route=\/wp\/v2\/posts"}],"about":[{"href":"https:\/\/www.sarisarkomaa.fi\/index.php?rest_route=\/wp\/v2\/types\/post"}],"author":[{"embeddable":true,"href":"https:\/\/www.sarisarkomaa.fi\/index.php?rest_route=\/wp\/v2\/users\/1"}],"replies":[{"embeddable":true,"href":"https:\/\/www.sarisarkomaa.fi\/index.php?rest_route=%2Fwp%2Fv2%2Fcomments&post=10900"}],"version-history":[{"count":2,"href":"https:\/\/www.sarisarkomaa.fi\/index.php?rest_route=\/wp\/v2\/posts\/10900\/revisions"}],"predecessor-version":[{"id":10907,"href":"https:\/\/www.sarisarkomaa.fi\/index.php?rest_route=\/wp\/v2\/posts\/10900\/revisions\/10907"}],"wp:attachment":[{"href":"https:\/\/www.sarisarkomaa.fi\/index.php?rest_route=%2Fwp%2Fv2%2Fmedia&parent=10900"}],"wp:term":[{"taxonomy":"category","embeddable":true,"href":"https:\/\/www.sarisarkomaa.fi\/index.php?rest_route=%2Fwp%2Fv2%2Fcategories&post=10900"},{"taxonomy":"post_tag","embeddable":true,"href":"https:\/\/www.sarisarkomaa.fi\/index.php?rest_route=%2Fwp%2Fv2%2Ftags&post=10900"}],"curies":[{"name":"wp","href":"https:\/\/api.w.org\/{rel}","templated":true}]}}