{"id":10939,"date":"2022-01-17T08:47:52","date_gmt":"2022-01-17T06:47:52","guid":{"rendered":"https:\/\/www.sarisarkomaa.fi\/?p=10939"},"modified":"2022-01-17T08:47:54","modified_gmt":"2022-01-17T06:47:54","slug":"paaministerin-puheet-vanhuspalveluista-ja-kokoomuksen-vaihtoehtobudjetista-eivat-vastaa-todellisuutta","status":"publish","type":"post","link":"https:\/\/www.sarisarkomaa.fi\/?p=10939","title":{"rendered":"P\u00e4\u00e4ministerin puheet vanhuspalveluista ja kokoomuksen vaihtoehtobudjetista eiv\u00e4t vastaa todellisuutta"},"content":{"rendered":"\n<p>Oudoksun suuresti p\u00e4\u00e4ministeri Marinin (SDP) puheita&nbsp;torstain 13.1.&nbsp;Ylen vaalitentiss\u00e4, jossa h\u00e4n esitteli hallituksen aikaansaannoksia vanhuspalveluissa. Todellisuudessa &nbsp;demarijohtoisen hallituksen vahtivuorolla vanhuspalvelujen tilanne kent\u00e4ll\u00e4 on ajautunut entist\u00e4 vaikeampaan kriisiin.<\/p>\n\n\n\n<p>Her\u00e4\u00e4 vahva huoli p\u00e4\u00e4ministerin tiet\u00e4myksest\u00e4. Vanhustenhuollon asiantuntijat esittiv\u00e4t&nbsp;<a href=\"https:\/\/www.kuntaliitto.fi\/ajankohtaista\/2021\/huoli-kasvaa-kunnissa-lisaa-osaajia-ikaantyneiden-palveluihin-ei-kadettomaksi\">h\u00e4t\u00e4huutonsa<\/a>&nbsp;jo syksyll\u00e4 ik\u00e4ihmisten palveluiden ajautumisesta kansalliseen kriisiin.<\/p>\n\n\n\n<p>Hallituksen&nbsp;ymp\u00e4rivuorokautisen hoivan valuvikainen&nbsp;henkil\u00f6st\u00f6mitoitus ei tuonut lis\u00e4\u00e4 hoitohenkil\u00f6kuntaa, vaan p\u00e4invastoin jonoja ja palveluiden heikentymist\u00e4.&nbsp;Toimia olisi pit\u00e4nyt tehd\u00e4 vanhuspalveluiden kokonaisuuteen. Pelkk\u00e4 vaatimusten kirjaaminen lakiin ei viel\u00e4 paranna palveluja. Ymp\u00e4rivuorokautiseen hoivaan p\u00e4\u00e4sy ja kotihoidon saatavuus on vaikeutunut. Yh\u00e4 useampi vanhus j\u00e4\u00e4 yksin ilman apua. On kylm\u00e4\u00e4 politiikkaa, jos p\u00e4\u00e4ministeri sulkee silm\u00e4ns\u00e4 vanhuspalveluiden todellisuudelta.&nbsp;<\/p>\n\n\n\n<p>Ministeri Kiurun johdolla&nbsp;valmistellusta vanhuspalvelulain uudistamisen toisesta vaiheesta odotettiin korjauksia kriisiytyneeseen tilanteeseen. On h\u00e4lytt\u00e4v\u00e4\u00e4, ett\u00e4 kyseinen esitys sai lausuntokierroksella asiantuntijoilta t\u00e4ystyrm\u00e4yksen: esityksest\u00e4 puuttuvat sek\u00e4 ratkaisut, ett\u00e4 rahoitus keskeisiin ongelmiin. Akuuttiin hoitajapulaan ei esityksess\u00e4 l\u00f6ydy mit\u00e4\u00e4n vastauksia.&nbsp;Tilanteen vakavuutta kuvaa se, ett\u00e4 eduskunnan oikeusasiamies vaati ministeri Kiurun puutteellisen esityksen perusteellista korjaamista.&nbsp;Ik\u00e4v\u00e4 kyll\u00e4 hallitus on tuonut esityksen eduskuntaan l\u00e4hes muuttumattomana. Eduskunnan on m\u00e4\u00e4r\u00e4 aloittaa esityksen k\u00e4sittely kev\u00e4tistuntokaudella.<\/p>\n\n\n\n<p>Hallitus on tehnyt ruman arvovalinnan. Runsaasta rahanjaosta huolimatta hallitukselta ei ole herunut riitt\u00e4v\u00e4sti rahaa hoitajamitoitukseen. Hallituspuolueet voisivat my\u00f6s avoimesti kertoa mist\u00e4 he aikovat sopimansa leikkaukset tehd\u00e4. Hallitus on jo p\u00e4\u00e4tt\u00e4nyt&nbsp;&nbsp;leikata puuttuvat noin 140 miljoonaa euroa terveydenhuollosta. Suurimpia leikkauksia on tulossa l\u00e4\u00e4kekorvauksiin ja yksityisen terveydenhuollon Kela-korvauksiin vuodesta 2023 lukien. Hallituksen vastuuton talouspolitiikka on tulossa tiens\u00e4 p\u00e4\u00e4h\u00e4n.<\/p>\n\n\n\n<p>P\u00e4\u00e4ministerin on nyt syyt\u00e4 vastata puheisiinsa ja luvattava, ett\u00e4 hallitus oikeasti tarttuu kriisiytyneeseen vanhustenhuollon tilaan sen sijaan, ett\u00e4 keskityt\u00e4\u00e4n syyttelem\u00e4\u00e4n t\u00e4ysin perusteettomasti kokoomusta asiasta, josta p\u00e4\u00e4ministerill\u00e4 itsell\u00e4\u00e4n on vastuu. Vanhuspalvelulain kokonaisuudistuksella ja toimilla sote-alan pito- ja vetovoiman vahvistamiseksi on varmistettava ik\u00e4ihmisten hoitoon p\u00e4\u00e4sy, riippumatta hoitopaikasta tai siit\u00e4, onko vanhuksella h\u00e4nen oikeuksistaan huolehtivia omaisia. My\u00f6s muita muita toimia on teht\u00e4v\u00e4. Seniorit ovat hyvin erilaisessa el\u00e4m\u00e4n tilanteissa olevia ihmisi\u00e4 ja erilaisia vaihtoehtoja tarvitaan.<\/p>\n\n\n\n<p>Kummeksun yht\u00e4 lailla Marinin Ylen tentiss\u00e4 esitt\u00e4mi\u00e4, t\u00e4ysin vailla totuuspohjaa olevia v\u00e4itteit\u00e4 siit\u00e4, ett\u00e4 kokoomus olisi esitt\u00e4nyt vaihtoehtobudjetissaan leikkauksia palveluihin.<\/p>\n\n\n\n<p>&nbsp;Marinin v\u00e4ite ei yksiselitteisesti pid\u00e4 paikkaansa.&nbsp;Sosiaali- ja terveyspalveluista tai pelastuspalveluista ei&nbsp;<a href=\"https:\/\/www.kokoomus.fi\/kestavan-tulevaisuuden-vaihtoehto\/\">kokoomuksen esityksess\u00e4<\/a>&nbsp;leikata. Kokoomus on esitt\u00e4nyt toistuvasti ty\u00f6llisyytt\u00e4, taloutta ja palveluja vahvistavia ratkaisuja, jotka hallituspuolueet ovat \u00e4\u00e4nest\u00e4neet kumoon.<\/p>\n\n\n\n<p>Vastaisimme vanhuspalveluiden kriisiin vahvistamalla erityisesti hallituksen pulaan ajamaa kotihoitoa sek\u00e4 omaishoitajien ja muistisairaiden palveluja sek\u00e4 tekisimme senioreille oman superkotitalousv\u00e4hennyksen.&nbsp;Kokoomuksen vaihtoehtobudjetissa esitimme ik\u00e4ihmisten hoivaan 75 miljoonaa euroa enemm\u00e4n lis\u00e4\u00e4 mit\u00e4 hallitus on esitt\u00e4nyt. Olisi kohtuullista, ett\u00e4 p\u00e4\u00e4ministeri tutustuisi opposition esityksiin ennen kuin niit\u00e4 julkisesti kommentoi.<\/p>\n\n\n\n<p>Voit seurata ty\u00f6t\u00e4ni kansanedustajana ja kaupunginvaltuutettuna vastaanottamalla eduskuntaterveiseni, joissa kerron ajankohtaisia politiikan kuulumisia. Eduskuntaterveiset voit tilata&nbsp;<a href=\"mailto:sari.sarkomaa@eduskunta.fi\">sari.sarkomaa@eduskunta.fi<\/a>&nbsp;tai soittamalla&nbsp;050 511 3033. Ajatukset ja palaute&nbsp;&nbsp;ovat aina tervetulleita. Ne ovat t\u00e4rkeit\u00e4. Pidet\u00e4\u00e4n yhteytt\u00e4.<\/p>\n","protected":false},"excerpt":{"rendered":"<p>Oudoksun suuresti p\u00e4\u00e4ministeri Marinin (SDP) puheita&nbsp;torstain 13.1.&nbsp;Ylen vaalitentiss\u00e4, jossa h\u00e4n esitteli hallituksen aikaansaannoksia vanhuspalveluissa. Todellisuudessa &nbsp;demarijohtoisen hallituksen vahtivuorolla vanhuspalvelujen tilanne kent\u00e4ll\u00e4 on ajautunut entist\u00e4 vaikeampaan kriisiin. Her\u00e4\u00e4 vahva huoli p\u00e4\u00e4ministerin tiet\u00e4myksest\u00e4. Vanhustenhuollon asiantuntijat esittiv\u00e4t&nbsp;h\u00e4t\u00e4huutonsa&nbsp;jo syksyll\u00e4 ik\u00e4ihmisten palveluiden ajautumisesta kansalliseen kriisiin. Hallituksen&nbsp;ymp\u00e4rivuorokautisen hoivan valuvikainen&nbsp;henkil\u00f6st\u00f6mitoitus ei tuonut lis\u00e4\u00e4 hoitohenkil\u00f6kuntaa, vaan p\u00e4invastoin jonoja ja palveluiden heikentymist\u00e4.&nbsp;Toimia olisi pit\u00e4nyt <a href=\"https:\/\/www.sarisarkomaa.fi\/?p=10939\" class=\"more-link\">...jatka lukemista<span class=\"screen-reader-text\"> \"P\u00e4\u00e4ministerin puheet vanhuspalveluista ja kokoomuksen vaihtoehtobudjetista eiv\u00e4t vastaa todellisuutta\"<\/span><\/a><\/p>\n","protected":false},"author":1,"featured_media":0,"comment_status":"closed","ping_status":"open","sticky":false,"template":"","format":"standard","meta":[],"categories":[8],"tags":[],"_links":{"self":[{"href":"https:\/\/www.sarisarkomaa.fi\/index.php?rest_route=\/wp\/v2\/posts\/10939"}],"collection":[{"href":"https:\/\/www.sarisarkomaa.fi\/index.php?rest_route=\/wp\/v2\/posts"}],"about":[{"href":"https:\/\/www.sarisarkomaa.fi\/index.php?rest_route=\/wp\/v2\/types\/post"}],"author":[{"embeddable":true,"href":"https:\/\/www.sarisarkomaa.fi\/index.php?rest_route=\/wp\/v2\/users\/1"}],"replies":[{"embeddable":true,"href":"https:\/\/www.sarisarkomaa.fi\/index.php?rest_route=%2Fwp%2Fv2%2Fcomments&post=10939"}],"version-history":[{"count":1,"href":"https:\/\/www.sarisarkomaa.fi\/index.php?rest_route=\/wp\/v2\/posts\/10939\/revisions"}],"predecessor-version":[{"id":10940,"href":"https:\/\/www.sarisarkomaa.fi\/index.php?rest_route=\/wp\/v2\/posts\/10939\/revisions\/10940"}],"wp:attachment":[{"href":"https:\/\/www.sarisarkomaa.fi\/index.php?rest_route=%2Fwp%2Fv2%2Fmedia&parent=10939"}],"wp:term":[{"taxonomy":"category","embeddable":true,"href":"https:\/\/www.sarisarkomaa.fi\/index.php?rest_route=%2Fwp%2Fv2%2Fcategories&post=10939"},{"taxonomy":"post_tag","embeddable":true,"href":"https:\/\/www.sarisarkomaa.fi\/index.php?rest_route=%2Fwp%2Fv2%2Ftags&post=10939"}],"curies":[{"name":"wp","href":"https:\/\/api.w.org\/{rel}","templated":true}]}}