{"id":10992,"date":"2022-01-27T12:42:35","date_gmt":"2022-01-27T10:42:35","guid":{"rendered":"https:\/\/www.sarisarkomaa.fi\/?p=10992"},"modified":"2022-01-27T12:42:37","modified_gmt":"2022-01-27T10:42:37","slug":"kokoomuksen-sarkomaa-helsingin-ei-pida-uhrata-oppilas-ja-opiskelijahuoltoa-alueuudistuksen-alttarilla","status":"publish","type":"post","link":"https:\/\/www.sarisarkomaa.fi\/?p=10992","title":{"rendered":"Kokoomuksen Sarkomaa: Helsingin ei pid\u00e4 uhrata oppilas- ja opiskelijahuoltoa alueuudistuksen alttarilla"},"content":{"rendered":"\n<p>Tiedote\n27.1.2021<\/p>\n\n\n\n<p>Julkaisuvapaa\nheti<\/p>\n\n\n\n<p>Kokoomuksen eduskuntaryhm\u00e4n&nbsp;varapuheenjohtaja,\nkansanedustaja&nbsp;<strong>Sari Sarkomaa<\/strong>&nbsp;pit\u00e4\u00e4 lasten ja nuorten&nbsp;kasvun, kehityksen ja yhdenvertaisen oppimisen tuen\nkannalta viisaana ja v\u00e4ltt\u00e4m\u00e4tt\u00f6m\u00e4n\u00e4, ett\u00e4 Helsingiss\u00e4&nbsp;oppilas- ja\nopiskelijahuolto s\u00e4ilytet\u00e4\u00e4n kasvatuksen ja koulutuksen toimialalla.<\/p>\n\n\n\n<p><br>\nAluehallintouudistuksessa\noppilas- ja opiskelijahuollon j\u00e4rjest\u00e4misvastuu on m\u00e4\u00e4r\u00e4 siirty\u00e4 kunnilta\nhyvinvointialueille ja siten sote-toimialan johdon alaisuuteen. Erityisasemasta\njohtuen Helsinki saa halutessaan pit\u00e4\u00e4 oppilas- ja opiskelijahuollon\nkasvatuksen ja koulutuksen toimialalla.<\/p>\n\n\n\n<p>\u201dT\u00e4m\u00e4\nmahdollisuus on Helsingin ehdottomasti k\u00e4ytett\u00e4v\u00e4. Oppilashuollon siirto on\nmuutos t\u00e4ysin v\u00e4\u00e4r\u00e4\u00e4n suuntaan. Kun johtaminen ja ty\u00f6n sis\u00e4ll\u00f6n m\u00e4\u00e4rittely\nmuuttuvat sosiaali- ja terveydenhuollon tarpeista l\u00e4htev\u00e4ksi, ennaltaehk\u00e4isev\u00e4t\npalvelut ovat vaarassa j\u00e4\u00e4d\u00e4 korjaavien palvelujen jalkoihin. Sosiaali- ja\nterveystoimessa ei ole osaamista eik\u00e4 tietoa p\u00e4iv\u00e4kotien, koulujen ja\noppilaitosten arjesta tai siit\u00e4, mink\u00e4 verran tukea tarvitaan. On valtava\nriski, ett\u00e4 muutoinkin niukat oppilashuollon voimavarat valutetaan paikkaamaan\npuutteellisia sote-palveluja\u201d, Sarkomaa varoittaa.<\/p>\n\n\n\n<p>Oppilashuollon\nyhteis\u00f6llisen roolin, lasten normaalikehityksen ja\noppimisen&nbsp;tuen&nbsp;rampauttaminen olisi Sarkomaan mukaan vakava\nvirhe.&nbsp;Koronaepidemian runnoessa lasten ja nuorten arkea pit\u00e4\u00e4 ennaltaehk\u00e4isev\u00e4\u00e4\ntukea Sarkomaan mielest\u00e4 kouluissa vahvistaa, eik\u00e4 vaarantaa. My\u00f6s\nsyrj\u00e4ytymisen ehk\u00e4isy, kiusaamisen ja v\u00e4kivallan kitkeminen\nedellytt\u00e4v\u00e4t&nbsp;oppilas- ja opiskelijahuollon&nbsp;palveluiden vahvistamista\nosana koulun arkea. Opettajat tarvitsevat ja ansaitsevat haastavassa ty\u00f6ss\u00e4\u00e4n\ntukea. <\/p>\n\n\n\n<p>\u201dKoko\noppilashuollon, psykologi- ja kuraattoripalveluiden pit\u00e4minen kasvatuksen ja\nkoulutuksen hallinnonalalla mahdollistaa palveluiden j\u00e4rjest\u00e4misen kunkin\nkouluyhteis\u00f6n tarpeiden mukaan ja my\u00f6s toimivan sopimuspohjaisen oppilashuollon\nosana kouluverkkoamme toimivien yksityisten koulujen sek\u00e4 valtion koulujen\nkanssa. Kaupunkimme opettajien, rehtoreiden ja oppilashuollon huollon kanta on\nollut selke\u00e4: oppilas- ja opiskelijahuolto on pidett\u00e4v\u00e4 kasvatuksen ja\nkoulutuksen toimialalla. Heid\u00e4n asiantuntemustaan ei pid\u00e4 sivuuttaa. Olisi\nvastuutonta toimia toisin ja vaarantaa oppilashuolto tilanteessa, jossa lapset,\nnuoret ja koko kouluyhteis\u00f6 kipeimmin lis\u00e4tukea tarvitsevat\u201d, Sarkomaa jatkaa.<\/p>\n\n\n\n<p>\u201dLakiesityksen\neduskuntak\u00e4sittelyss\u00e4 asiantuntijoiden valtaenemmist\u00f6 ei kannattanut\nopiskelija- ja oppilashuollon siirtoa arvioiden sen heikent\u00e4v\u00e4n oppilashuollon\ntoimintaa. Hallituksen lakiesityksen perusteluissakin oli arviotu siirron\nolevan hyvin ongelmallinen. T\u00e4st\u00e4 piittaamatta hallituspuolueet veiv\u00e4t\nlakiesityksen l\u00e4pi eduskunnassa. Me kokoomuslaiset \u00e4\u00e4nestimme esityst\u00e4\nvastaan\u201d, Sarkomaa p\u00e4\u00e4tt\u00e4\u00e4.<\/p>\n\n\n\n<p>Lis\u00e4tietoja:<\/p>\n\n\n\n<p>Sari\nSarkomaa, puh.&nbsp;09 432 3033<\/p>\n","protected":false},"excerpt":{"rendered":"<p>Tiedote 27.1.2021 Julkaisuvapaa heti Kokoomuksen eduskuntaryhm\u00e4n&nbsp;varapuheenjohtaja, kansanedustaja&nbsp;Sari Sarkomaa&nbsp;pit\u00e4\u00e4 lasten ja nuorten&nbsp;kasvun, kehityksen ja yhdenvertaisen oppimisen tuen kannalta viisaana ja v\u00e4ltt\u00e4m\u00e4tt\u00f6m\u00e4n\u00e4, ett\u00e4 Helsingiss\u00e4&nbsp;oppilas- ja opiskelijahuolto s\u00e4ilytet\u00e4\u00e4n kasvatuksen ja koulutuksen toimialalla. Aluehallintouudistuksessa oppilas- ja opiskelijahuollon j\u00e4rjest\u00e4misvastuu on m\u00e4\u00e4r\u00e4 siirty\u00e4 kunnilta hyvinvointialueille ja siten sote-toimialan johdon alaisuuteen. Erityisasemasta johtuen Helsinki saa halutessaan pit\u00e4\u00e4 oppilas- ja opiskelijahuollon kasvatuksen ja <a href=\"https:\/\/www.sarisarkomaa.fi\/?p=10992\" class=\"more-link\">...jatka lukemista<span class=\"screen-reader-text\"> \"Kokoomuksen Sarkomaa: Helsingin ei pid\u00e4 uhrata oppilas- ja opiskelijahuoltoa alueuudistuksen alttarilla\"<\/span><\/a><\/p>\n","protected":false},"author":1,"featured_media":0,"comment_status":"closed","ping_status":"open","sticky":false,"template":"","format":"standard","meta":[],"categories":[4],"tags":[],"_links":{"self":[{"href":"https:\/\/www.sarisarkomaa.fi\/index.php?rest_route=\/wp\/v2\/posts\/10992"}],"collection":[{"href":"https:\/\/www.sarisarkomaa.fi\/index.php?rest_route=\/wp\/v2\/posts"}],"about":[{"href":"https:\/\/www.sarisarkomaa.fi\/index.php?rest_route=\/wp\/v2\/types\/post"}],"author":[{"embeddable":true,"href":"https:\/\/www.sarisarkomaa.fi\/index.php?rest_route=\/wp\/v2\/users\/1"}],"replies":[{"embeddable":true,"href":"https:\/\/www.sarisarkomaa.fi\/index.php?rest_route=%2Fwp%2Fv2%2Fcomments&post=10992"}],"version-history":[{"count":1,"href":"https:\/\/www.sarisarkomaa.fi\/index.php?rest_route=\/wp\/v2\/posts\/10992\/revisions"}],"predecessor-version":[{"id":10993,"href":"https:\/\/www.sarisarkomaa.fi\/index.php?rest_route=\/wp\/v2\/posts\/10992\/revisions\/10993"}],"wp:attachment":[{"href":"https:\/\/www.sarisarkomaa.fi\/index.php?rest_route=%2Fwp%2Fv2%2Fmedia&parent=10992"}],"wp:term":[{"taxonomy":"category","embeddable":true,"href":"https:\/\/www.sarisarkomaa.fi\/index.php?rest_route=%2Fwp%2Fv2%2Fcategories&post=10992"},{"taxonomy":"post_tag","embeddable":true,"href":"https:\/\/www.sarisarkomaa.fi\/index.php?rest_route=%2Fwp%2Fv2%2Ftags&post=10992"}],"curies":[{"name":"wp","href":"https:\/\/api.w.org\/{rel}","templated":true}]}}