{"id":10998,"date":"2022-01-28T08:57:43","date_gmt":"2022-01-28T06:57:43","guid":{"rendered":"https:\/\/www.sarisarkomaa.fi\/?p=10998"},"modified":"2022-01-28T08:57:46","modified_gmt":"2022-01-28T06:57:46","slug":"kotitalousvahennys-taloyhtioiden-remontteihin-lisaa-yhdenvertaisuutta-iltalehti-paivan-poiminta-28-1-2022","status":"publish","type":"post","link":"https:\/\/www.sarisarkomaa.fi\/?p=10998","title":{"rendered":"Kotitalousv\u00e4hennys taloyhti\u00f6iden remontteihin lis\u00e4\u00e4 yhdenvertaisuutta (Iltalehti P\u00e4iv\u00e4n Poiminta 28.1.2022)"},"content":{"rendered":"\n<p>Merkitt\u00e4v\u00e4 m\u00e4\u00e4r\u00e4 suomalaisista asuu asunto-osakeyhti\u00f6ss\u00e4. Ei ole yhdenvertaisen verokohtelun periaatteiden mukaista, ettei heill\u00e4 ole mahdollisuutta saada kotitalous-v\u00e4hennyksest\u00e4 helpotusta taloyhti\u00f6n teett\u00e4mien remonttien palkkakustannuksiin. Omakotiasukkailla on jo oikeus tehd\u00e4 v\u00e4hennys vastaavista korjauksista. <\/p>\n\n\n\n<p>Olen ajanut v\u00e4hennyksen\nlaajentamista jo pitk\u00e4\u00e4n. &nbsp;Kirjallisiin kysymyksiini on ministeri\u00f6st\u00e4 aina\nvastattu, ett\u00e4 kotitalousv\u00e4hennys my\u00f6nnet\u00e4\u00e4n vain luonnolliselle henkil\u00f6lle.\nT\u00e4m\u00e4 ei ole kest\u00e4v\u00e4 perustelu. Taloyhti\u00f6 on tosiasiassa vain yksi v\u00e4liporras\nasukkaan ja remonttiyrityksen v\u00e4liss\u00e4. Taloyhti\u00f6 voisi antaa vuosittain\nosakkaalle verovuonna teetetyn remonttity\u00f6n kustannuksista laskelman, josta\nn\u00e4kyisiv\u00e4t verottajan tarvitsemat tiedot remontin ty\u00f6kustannuksista,\nremonttiyrityksen tiedot sek\u00e4 osakkaan vastikeperusteinen osuus kustannuksista.\nOsakas ilmoittaisi tietojen perusteella v\u00e4hennyksen verohallintoon.<\/p>\n\n\n\n<p>Monille palkansaajille ja\nel\u00e4kel\u00e4isille taloyhti\u00f6iden remontit ovat taloudellisesti mittavia taakkoja.\nTilanne on erityisen haastava Helsingiss\u00e4 ja p\u00e4\u00e4kaupunkiseudulla, jossa on\nkalleimmat asumisen ja el\u00e4misen kustannukset. Kasvavat korjausvastuut tekev\u00e4t\ntilanteen monille l\u00e4hes siet\u00e4m\u00e4tt\u00f6m\u00e4ksi.<\/p>\n\n\n\n<p>Kylpyhuoneen kunnostaminen on\nesimerkki isosta menoer\u00e4st\u00e4. Yleinen tapa on, ett\u00e4 taloyhti\u00f6ss\u00e4 kylpyhuoneet\nkorjataan keskitetysti yhti\u00f6vetoisesti. T\u00e4llaisissa yhti\u00f6n vastuulle kuuluvissa\nremonteissa asukas ei voi hy\u00f6dynt\u00e4\u00e4 kotitalousv\u00e4hennyst\u00e4, sill\u00e4 v\u00e4hennys\nmy\u00f6nnet\u00e4\u00e4n vain henkil\u00f6lle, ei yhti\u00f6lle.<\/p>\n\n\n\n<p>Asunto-osakeyhti\u00f6ss\u00e4 asuvien\nhuutavan ep\u00e4reilu kohtelu on perusteltua korjata. Eri\u00e4v\u00e4n verokohtelun\nkorjaaminen on perusteltua my\u00f6s kannustettaessa asuntokannan kunnossapitoon,\nperuskorjaamiseen ja energiatehokkuuteen sek\u00e4 muihin ilmastonmuutoksen\nvastaisiin toimiin. Esimerkiksi Ilmasto- ja energiapolitiikka vaikuttavat\nmerkitt\u00e4v\u00e4sti asumiskustannusten kehitykseen.<\/p>\n\n\n\n<p>Esittelin eduskunnassa\nmarraskuussa 2021 lakialoitteeni kotitalousv\u00e4hennyksen laajentamista\nasunto-osakeyhti\u00f6n osakkaille, niin ett\u00e4 v\u00e4hennyksen voi saada yhti\u00f6n teett\u00e4m\u00e4n\nremontin palkkakustannuksista. Aloite on nyt valtiovarainvaliokunnassa\nodottamassa k\u00e4sittely\u00e4.&nbsp;<\/p>\n\n\n\n<p>Eduskunnasta asia sai vahvaa\ntukea, kun valtiovarainvaliokunnan mietint\u00f6\u00f6n vuoden 2022 tuloverolain\nmuutoksista kirjasimme vahvan tuen selvitt\u00e4\u00e4 kotitalousv\u00e4hennyksen\nlaajentamista my\u00f6s taloyhti\u00f6iden teett\u00e4miin remontteihin.<\/p>\n\n\n\n<p><br>\nSari Sarkomaa<\/p>\n\n\n\n<p>Kansanedustaja<\/p>\n\n\n\n<p>Valtiovarainvaliokunnan j\u00e4sen<\/p>\n\n\n\n<p>Kokoomuksen eduskuntaryhm\u00e4n varapuheenjohtaja<\/p>\n","protected":false},"excerpt":{"rendered":"<p>Merkitt\u00e4v\u00e4 m\u00e4\u00e4r\u00e4 suomalaisista asuu asunto-osakeyhti\u00f6ss\u00e4. Ei ole yhdenvertaisen verokohtelun periaatteiden mukaista, ettei heill\u00e4 ole mahdollisuutta saada kotitalous-v\u00e4hennyksest\u00e4 helpotusta taloyhti\u00f6n teett\u00e4mien remonttien palkkakustannuksiin. Omakotiasukkailla on jo oikeus tehd\u00e4 v\u00e4hennys vastaavista korjauksista. Olen ajanut v\u00e4hennyksen laajentamista jo pitk\u00e4\u00e4n. &nbsp;Kirjallisiin kysymyksiini on ministeri\u00f6st\u00e4 aina vastattu, ett\u00e4 kotitalousv\u00e4hennys my\u00f6nnet\u00e4\u00e4n vain luonnolliselle henkil\u00f6lle. T\u00e4m\u00e4 ei ole kest\u00e4v\u00e4 perustelu. Taloyhti\u00f6 on <a href=\"https:\/\/www.sarisarkomaa.fi\/?p=10998\" class=\"more-link\">...jatka lukemista<span class=\"screen-reader-text\"> \"Kotitalousv\u00e4hennys taloyhti\u00f6iden remontteihin lis\u00e4\u00e4 yhdenvertaisuutta (Iltalehti P\u00e4iv\u00e4n Poiminta 28.1.2022)\"<\/span><\/a><\/p>\n","protected":false},"author":1,"featured_media":0,"comment_status":"closed","ping_status":"open","sticky":false,"template":"","format":"standard","meta":[],"categories":[1],"tags":[],"_links":{"self":[{"href":"https:\/\/www.sarisarkomaa.fi\/index.php?rest_route=\/wp\/v2\/posts\/10998"}],"collection":[{"href":"https:\/\/www.sarisarkomaa.fi\/index.php?rest_route=\/wp\/v2\/posts"}],"about":[{"href":"https:\/\/www.sarisarkomaa.fi\/index.php?rest_route=\/wp\/v2\/types\/post"}],"author":[{"embeddable":true,"href":"https:\/\/www.sarisarkomaa.fi\/index.php?rest_route=\/wp\/v2\/users\/1"}],"replies":[{"embeddable":true,"href":"https:\/\/www.sarisarkomaa.fi\/index.php?rest_route=%2Fwp%2Fv2%2Fcomments&post=10998"}],"version-history":[{"count":1,"href":"https:\/\/www.sarisarkomaa.fi\/index.php?rest_route=\/wp\/v2\/posts\/10998\/revisions"}],"predecessor-version":[{"id":10999,"href":"https:\/\/www.sarisarkomaa.fi\/index.php?rest_route=\/wp\/v2\/posts\/10998\/revisions\/10999"}],"wp:attachment":[{"href":"https:\/\/www.sarisarkomaa.fi\/index.php?rest_route=%2Fwp%2Fv2%2Fmedia&parent=10998"}],"wp:term":[{"taxonomy":"category","embeddable":true,"href":"https:\/\/www.sarisarkomaa.fi\/index.php?rest_route=%2Fwp%2Fv2%2Fcategories&post=10998"},{"taxonomy":"post_tag","embeddable":true,"href":"https:\/\/www.sarisarkomaa.fi\/index.php?rest_route=%2Fwp%2Fv2%2Ftags&post=10998"}],"curies":[{"name":"wp","href":"https:\/\/api.w.org\/{rel}","templated":true}]}}