{"id":11051,"date":"2022-02-08T09:42:37","date_gmt":"2022-02-08T07:42:37","guid":{"rendered":"https:\/\/www.sarisarkomaa.fi\/?p=11051"},"modified":"2022-02-08T09:42:40","modified_gmt":"2022-02-08T07:42:40","slug":"tiedote-5-2-kokoomusedustajat-ministeri-lindenilla-nayton-paikka-nyt-katsotaan-lunastaako-hallitus-lupaukset-terapiatakuusta%ef%bb%bf","status":"publish","type":"post","link":"https:\/\/www.sarisarkomaa.fi\/?p=11051","title":{"rendered":"Tiedote 5.2: Kokoomusedustajat: Ministeri Lind\u00e9nill\u00e4 n\u00e4yt\u00f6n paikka \u2013 nyt katsotaan lunastaako hallitus lupaukset Terapiatakuusta\ufeff"},"content":{"rendered":"\n<p>Tiedote 5.2.2022<\/p>\n\n\n\n<p>Julkaisuvapaa\nheti<\/p>\n\n\n\n<p><strong>Kokoomusedustajat:\nMinisteri Lind\u00e9nill\u00e4 n\u00e4yt\u00f6n paikka \u2013 nyt katsotaan lunastaako hallitus\nlupaukset Terapiatakuusta<\/strong><\/p>\n\n\n\n<p>Lausuntokierrokselle\nesitelty hoitotakuulains\u00e4\u00e4d\u00e4nn\u00f6n luonnos ei sis\u00e4lt\u00e4nyt terapiatakuuta.\nMielenterveyspalveluiden asiantuntijat <a href=\"https:\/\/www.hs.fi\/mielipide\/art-2000008568169.html\">nostivat Helsingin\nSanomissa 4.2. esiin<\/a> huolen, ett\u00e4 hoitotakuu uhkaa jopa heikent\u00e4\u00e4 p\u00e4\u00e4sy\u00e4\nmielenterveyspalveluihin. Kokoomuksen kansanedustajat <strong>Sari Sarkomaa<\/strong>, <strong>Paula\nRisikko<\/strong> ja <strong>Mia Laiho <\/strong>vaativat perjantaina nimitetylt\u00e4 uudelta\nperuspalveluministeri Aki Lind\u00e9nilt\u00e4 toimia terapiatakuun sis\u00e4llytt\u00e4miseksi\nhoitotakuulains\u00e4\u00e4d\u00e4nt\u00f6\u00f6n.<\/p>\n\n\n\n<p>\u201dHallitus on\npett\u00e4nyt niin ihmiset kuin mielenterveysj\u00e4rjest\u00f6t. Viel\u00e4 on kuitenkin\nmahdollista korjata tilanne ja lunastaa lupaukset. Terapiatakuun toteuttamisen\nkannalla ovat kaikki eduskuntapuolueet, joten kannatusta varmasti l\u00f6ytyy.\nTuoreen peruspalveluministeri Lind\u00e9nin on otettava huomioon\nmielenterveysj\u00e4rjest\u00f6jen osoittamat puutteet lakiluonnoksessa ja korjattava\nhoitotakuuesityst\u00e4 ennen eduskuntak\u00e4sittely\u00e4\u201d, edustajat vaativat.<\/p>\n\n\n\n<p>\u201dTerapiatakuu\n-kansalaisaloitteen k\u00e4sittely eduskunnassa on jo kahden vuoden ajan estetty\nhallituspuolueiden toimesta. T\u00e4t\u00e4 on perusteltu sill\u00e4, ett\u00e4 terapiaan p\u00e4\u00e4sy\u00e4\ntullaan parantamaan osana hoitotakuulains\u00e4\u00e4d\u00e4nt\u00f6\u00e4. My\u00f6s peruspalveluministeri\nKrista Kiuru on toistuvasti vakuuttanut, ett\u00e4 viikon hoitotakuu koskee niin\nfyysist\u00e4 kuin psyykkist\u00e4kin hoitoa. Lupaukset on kuitenkin rumasti petetty\nrajaamalla psykoterapia ja muu psykososiaalinen hoito hoitotakuun\nulkopuolelle\u201d, edustajat sanovat.<\/p>\n\n\n\n<p>Kokoomusedustajat\nmustuttavat, ett\u00e4 hoitoonp\u00e4\u00e4sy mielenterveyspalveluihin on koronapandemian\nmy\u00f6t\u00e4 entisest\u00e4\u00e4n vaikeutunut. <\/p>\n\n\n\n<p>\u201dMielenterveysongelmat\naiheuttavat menetettyj\u00e4 ty\u00f6tunteja, pudottavat nuoria koulutuspolulta ja\nty\u00f6st\u00e4. Tilanne on sek\u00e4 inhimillisesti ett\u00e4 yhteiskunnallisesti kest\u00e4m\u00e4t\u00f6n. Jo\ntoista vuotta on heitetty hukkaan mielenterveyspalveluiden saatavuuden\nparantamisessa, kun hallituspuolueet ovat vitkutelleet terapiatakuun\nk\u00e4sittely\u00e4\u201d, edustajat sanovat.<\/p>\n\n\n\n<p>Kokoomusedustajat\nmuistuttavat ministeri Lind\u00e9ni\u00e4 siit\u00e4, ett\u00e4 h\u00e4n itse <a href=\"https:\/\/intranet.eduskunta.fi\/FI\/vaski\/poytakirja\/Documents\/PTK_111+2021.pdf\">kysyi<\/a>\nministeri Kiurulta kyselytunnilla 7.10.2021 klo 16.42: \u201dKysynkin nyt\nministerilt\u00e4: miss\u00e4 aikataulussa me olemme saamassa t\u00e4m\u00e4n hoitotakuun, jonka\nosa on t\u00e4m\u00e4 terapiatakuu?\u201d Samaa kysyv\u00e4t nyt kokoomusedustajat Lindenilt\u00e4.<\/p>\n\n\n\n<p>\u201dMinisteri\nLind\u00e9nin on nyt selv\u00e4sanaisesti kerrottava, miten asia on. Kirjataanko\nterapiatakuun terveydenhuoltolakiin, vai ei? Mik\u00e4li tahtoa asian korjaamiseen\nei ministerilt\u00e4 l\u00f6ydy, on eduskunnan viimein saatava k\u00e4sitell\u00e4 kansalaisaloite\nTerapiatakuusta. Siin\u00e4 punnittaneen hallituspuolueiden puheet lopullisesti\u201d,\nedustajat sanovat.<\/p>\n\n\n\n<p>Lis\u00e4tietoja:<\/p>\n\n\n\n<p><strong>Sari Sarkomaa, kokoomuksen eduskuntaryhm\u00e4n varapuheenjohtaja, p. 050 511 3033<\/strong><\/p>\n\n\n\n<p><strong>Paula Risikko, sivistysvaliokunnan puheenjohtaja, p. 050 511 3107<\/strong><\/p>\n\n\n\n<p><strong>Mia Laiho, sosiaali- ja terveysvaliokunnan varapuheenjohtaja, p. 050 433 6461<\/strong><\/p>\n","protected":false},"excerpt":{"rendered":"<p>Tiedote 5.2.2022 Julkaisuvapaa heti Kokoomusedustajat: Ministeri Lind\u00e9nill\u00e4 n\u00e4yt\u00f6n paikka \u2013 nyt katsotaan lunastaako hallitus lupaukset Terapiatakuusta Lausuntokierrokselle esitelty hoitotakuulains\u00e4\u00e4d\u00e4nn\u00f6n luonnos ei sis\u00e4lt\u00e4nyt terapiatakuuta. Mielenterveyspalveluiden asiantuntijat nostivat Helsingin Sanomissa 4.2. esiin huolen, ett\u00e4 hoitotakuu uhkaa jopa heikent\u00e4\u00e4 p\u00e4\u00e4sy\u00e4 mielenterveyspalveluihin. Kokoomuksen kansanedustajat Sari Sarkomaa, Paula Risikko ja Mia Laiho vaativat perjantaina nimitetylt\u00e4 uudelta peruspalveluministeri Aki Lind\u00e9nilt\u00e4 toimia <a href=\"https:\/\/www.sarisarkomaa.fi\/?p=11051\" class=\"more-link\">...jatka lukemista<span class=\"screen-reader-text\"> \"Tiedote 5.2: Kokoomusedustajat: Ministeri Lind\u00e9nill\u00e4 n\u00e4yt\u00f6n paikka \u2013 nyt katsotaan lunastaako hallitus lupaukset Terapiatakuusta\ufeff\"<\/span><\/a><\/p>\n","protected":false},"author":1,"featured_media":0,"comment_status":"closed","ping_status":"open","sticky":false,"template":"","format":"standard","meta":[],"categories":[18,4],"tags":[44,47,46,45],"_links":{"self":[{"href":"https:\/\/www.sarisarkomaa.fi\/index.php?rest_route=\/wp\/v2\/posts\/11051"}],"collection":[{"href":"https:\/\/www.sarisarkomaa.fi\/index.php?rest_route=\/wp\/v2\/posts"}],"about":[{"href":"https:\/\/www.sarisarkomaa.fi\/index.php?rest_route=\/wp\/v2\/types\/post"}],"author":[{"embeddable":true,"href":"https:\/\/www.sarisarkomaa.fi\/index.php?rest_route=\/wp\/v2\/users\/1"}],"replies":[{"embeddable":true,"href":"https:\/\/www.sarisarkomaa.fi\/index.php?rest_route=%2Fwp%2Fv2%2Fcomments&post=11051"}],"version-history":[{"count":1,"href":"https:\/\/www.sarisarkomaa.fi\/index.php?rest_route=\/wp\/v2\/posts\/11051\/revisions"}],"predecessor-version":[{"id":11052,"href":"https:\/\/www.sarisarkomaa.fi\/index.php?rest_route=\/wp\/v2\/posts\/11051\/revisions\/11052"}],"wp:attachment":[{"href":"https:\/\/www.sarisarkomaa.fi\/index.php?rest_route=%2Fwp%2Fv2%2Fmedia&parent=11051"}],"wp:term":[{"taxonomy":"category","embeddable":true,"href":"https:\/\/www.sarisarkomaa.fi\/index.php?rest_route=%2Fwp%2Fv2%2Fcategories&post=11051"},{"taxonomy":"post_tag","embeddable":true,"href":"https:\/\/www.sarisarkomaa.fi\/index.php?rest_route=%2Fwp%2Fv2%2Ftags&post=11051"}],"curies":[{"name":"wp","href":"https:\/\/api.w.org\/{rel}","templated":true}]}}