{"id":11069,"date":"2022-02-14T09:58:57","date_gmt":"2022-02-14T07:58:57","guid":{"rendered":"https:\/\/www.sarisarkomaa.fi\/?p=11069"},"modified":"2022-02-14T10:03:05","modified_gmt":"2022-02-14T08:03:05","slug":"kokoomuksen-eduskuntaryhman-varapuheenjohtaja-sarkomaa-hallitus-on-epaonnistunut-tiedepolitiikassaan","status":"publish","type":"post","link":"https:\/\/www.sarisarkomaa.fi\/?p=11069","title":{"rendered":"Tiedote 12.2: Kokoomuksen eduskuntaryhm\u00e4n varapuheenjohtaja Sarkomaa: Hallitus on ep\u00e4onnistunut tiedepolitiikassaan"},"content":{"rendered":"\n<p>Tiedote 12.2.2022<br>\nJulkaisuvapaa heti<\/p>\n\n\n\n<p>Kokoomuksen\nkansanedustaja ja eduskuntaryhm\u00e4n varapuheenjohtaja&nbsp;<strong>Sari Sarkomaa<\/strong>&nbsp;vaatii\nhallitukselta korjausliikett\u00e4 korkeakoulu- ja tiedepolitiikan linjaan.\nHallituksen holtiton ja ennakoimaton leikkauspolitiikka on edesvastuutonta.<\/p>\n\n\n\n<p>\u201dHallitus on sopinut rajuista\nleikkauksista tieteen ja tutkimuksen m\u00e4\u00e4r\u00e4rahoihin. Lis\u00e4ksi yliopistollisen\nsosiaali- ja terveydenhuollon tutkimusrahoitus on aluehallintouudistuksessa\nj\u00e4tetty ratkaisematta. T\u00e4m\u00e4 on vastoin hallituksen omaa tavoitetta nostaa\ntutkimus-, kehitys- ja innovaatiotoiminnan rahoitustaso 4 prosenttiin\nbruttokansantuotteesta. Nopea korjausliike on v\u00e4ltt\u00e4m\u00e4t\u00f6n\u201d, aloittaa Sarkomaa.<\/p>\n\n\n\n<p>Valoa tilanteeseen on\ntuonut parlamentaarinen sopu nostaa vaiheittain tutkimus-, kehitt\u00e4mis- ja\ninnovaatiorahoitus nelj\u00e4\u00e4n prosenttiin bruttokansantuotteesta. Kaikki\neduskuntapuolueet sitoutuivat my\u00f6s edist\u00e4m\u00e4\u00e4n T&amp;K-rahoituslakia, jonka\nmy\u00f6t\u00e4 tieteen ja tutkimuksen rahoitusta tullaan tulevina vuosina nostamaan.\nMy\u00f6s T&amp;K-verokannustin laajennetaan ja toteutetaan pysyv\u00e4sti.<\/p>\n\n\n\n<p>\u201dOn hallituksen\nvelvollisuus l\u00f6yt\u00e4\u00e4 kev\u00e4\u00e4n kehysneuvotteluista kehyksien sis\u00e4lt\u00e4 rahoitus\ntieteelle ja tutkimukselle. Onko hallitus sitoutunut omalla vahtivuorollaan\nparlamentaariseen sopuun siten, ett\u00e4 rahoitustasoa nostetaan yhdess\u00e4 sovitun\ntavoitteen saavuttamiseksi? Aikooko tiedeministeri esitt\u00e4\u00e4 lis\u00e4rahoitusta\ntieteelle ja tutkimukselle vuoden 2023 valtion talousarvioon?\u201d, Sarkomaa kysyy.<\/p>\n\n\n\n<p>Sarkomaa pit\u00e4\u00e4\nhistoriallisena ylimielisyyten\u00e4 sit\u00e4, ett\u00e4 tieteen puolestapuhujaksi\ntarkoitettu tiedeministeri Kurvinen (kesk.) <a href=\"https:\/\/www.mtvuutiset.fi\/artikkeli\/tiedeministeri-antti-kurvinen-tyrmaa-tarja-halosen-ja-muiden-arvostelijoiden-kritiikin-nama-yliopistojen-hallitusten-puheenjohtajat-eivat-tieda-mista-he-puhuvat\/8352302#gs.pfj0jl\">suhtautuu\njopa naureskellen<\/a> yliopistojen hallitusten puheenjohtajien johdolla\ntehtyyn&nbsp;<a href=\"https:\/\/akava.fi\/verkkouutiset\/koulutuksen-pirstaloiminen-pienempiin-yksikoihin-vaarantaa-laadun\/\">h\u00e4t\u00e4huutoon<\/a>&nbsp;yliopistojemme&nbsp;laadun ja\nkilpailukyvyn&nbsp;puolesta.<\/p>\n\n\n\n<p>\u201dMittavasta\nvelkaantumisesta ja rahanjaosta huolimatta hallitus on tiederahoituksen\nleikkauksella murentamassa Suomen kilpailukyvylle ja hyvinvoinnille perustaa.\nKorkeakoulujen aloituspaikkojen lis\u00e4\u00e4minen on perusteltua. Vakava huoli&nbsp;on\nse, ettei hallitus ole osoittanut vastaavia m\u00e4\u00e4r\u00e4rahoja\u201d, jatkaa Sarkomaa.<\/p>\n\n\n\n<p>Lis\u00e4ksi Sarkomaa\nmuistuttaa, ett\u00e4 Suomen koulutusj\u00e4rjestelm\u00e4 on jo t\u00e4t\u00e4 nyky\u00e4 alueellisesti\neritt\u00e4in kattava.<\/p>\n\n\n\n<p>\u201dKorkeakoulutuksen\nlaadusta ei pid\u00e4 tinki\u00e4 hajauttamisen kustannuksella. On aika kuunnella\nkorkeakoulujen \u00e4\u00e4nt\u00e4. Vain keskittym\u00e4ll\u00e4 vahvuuksiin p\u00e4\u00e4semme kohti maailman\nhuippua. Ilman korkealaatuista tutkimusta ei ole my\u00f6sk\u00e4\u00e4n talouskasvua. Se on\nmy\u00f6s kaiken osaamisen perusta\u201d, Sarkomaa p\u00e4\u00e4tt\u00e4\u00e4.&nbsp;<\/p>\n\n\n\n<p><strong>Lis\u00e4tietoja:<\/strong><\/p>\n\n\n\n<p>Sari Sarkomaa,\np.&nbsp;050&nbsp;511 3033<\/p>\n","protected":false},"excerpt":{"rendered":"<p>Tiedote 12.2.2022 Julkaisuvapaa heti Kokoomuksen kansanedustaja ja eduskuntaryhm\u00e4n varapuheenjohtaja&nbsp;Sari Sarkomaa&nbsp;vaatii hallitukselta korjausliikett\u00e4 korkeakoulu- ja tiedepolitiikan linjaan. Hallituksen holtiton ja ennakoimaton leikkauspolitiikka on edesvastuutonta. \u201dHallitus on sopinut rajuista leikkauksista tieteen ja tutkimuksen m\u00e4\u00e4r\u00e4rahoihin. Lis\u00e4ksi yliopistollisen sosiaali- ja terveydenhuollon tutkimusrahoitus on aluehallintouudistuksessa j\u00e4tetty ratkaisematta. T\u00e4m\u00e4 on vastoin hallituksen omaa tavoitetta nostaa tutkimus-, kehitys- ja innovaatiotoiminnan rahoitustaso 4 <a href=\"https:\/\/www.sarisarkomaa.fi\/?p=11069\" class=\"more-link\">...jatka lukemista<span class=\"screen-reader-text\"> \"Tiedote 12.2: Kokoomuksen eduskuntaryhm\u00e4n varapuheenjohtaja Sarkomaa: Hallitus on ep\u00e4onnistunut tiedepolitiikassaan\"<\/span><\/a><\/p>\n","protected":false},"author":1,"featured_media":0,"comment_status":"closed","ping_status":"open","sticky":false,"template":"","format":"standard","meta":[],"categories":[18,4],"tags":[],"_links":{"self":[{"href":"https:\/\/www.sarisarkomaa.fi\/index.php?rest_route=\/wp\/v2\/posts\/11069"}],"collection":[{"href":"https:\/\/www.sarisarkomaa.fi\/index.php?rest_route=\/wp\/v2\/posts"}],"about":[{"href":"https:\/\/www.sarisarkomaa.fi\/index.php?rest_route=\/wp\/v2\/types\/post"}],"author":[{"embeddable":true,"href":"https:\/\/www.sarisarkomaa.fi\/index.php?rest_route=\/wp\/v2\/users\/1"}],"replies":[{"embeddable":true,"href":"https:\/\/www.sarisarkomaa.fi\/index.php?rest_route=%2Fwp%2Fv2%2Fcomments&post=11069"}],"version-history":[{"count":2,"href":"https:\/\/www.sarisarkomaa.fi\/index.php?rest_route=\/wp\/v2\/posts\/11069\/revisions"}],"predecessor-version":[{"id":11075,"href":"https:\/\/www.sarisarkomaa.fi\/index.php?rest_route=\/wp\/v2\/posts\/11069\/revisions\/11075"}],"wp:attachment":[{"href":"https:\/\/www.sarisarkomaa.fi\/index.php?rest_route=%2Fwp%2Fv2%2Fmedia&parent=11069"}],"wp:term":[{"taxonomy":"category","embeddable":true,"href":"https:\/\/www.sarisarkomaa.fi\/index.php?rest_route=%2Fwp%2Fv2%2Fcategories&post=11069"},{"taxonomy":"post_tag","embeddable":true,"href":"https:\/\/www.sarisarkomaa.fi\/index.php?rest_route=%2Fwp%2Fv2%2Ftags&post=11069"}],"curies":[{"name":"wp","href":"https:\/\/api.w.org\/{rel}","templated":true}]}}