{"id":11092,"date":"2022-02-17T14:45:40","date_gmt":"2022-02-17T12:45:40","guid":{"rendered":"https:\/\/www.sarisarkomaa.fi\/?p=11092"},"modified":"2022-02-17T14:45:46","modified_gmt":"2022-02-17T12:45:46","slug":"raikean-ideologinen-aie-romuttaa-kela-korvaus-pysaytettava-uusi-suomi-16-2-2022","status":"publish","type":"post","link":"https:\/\/www.sarisarkomaa.fi\/?p=11092","title":{"rendered":"R\u00e4ike\u00e4n ideologinen aie romuttaa Kela-korvaus pys\u00e4ytett\u00e4v\u00e4 (Uusi Suomi 16.2.2022)"},"content":{"rendered":"\n<p>Otimme t\u00e4n\u00e4\u00e4n kantaa Paula Risikon kanssa hallituksen aikeeseen pyyhki\u00e4 parlamentaarisella sovulla p\u00f6yt\u00e4\u00e4 ja romuttaa eduskuntapuolueiden yhteisest\u00e4 kannasta poiketen Kela-korvaukset.&nbsp;<a href=\"https:\/\/www.verkkouutiset.fi\/vasemmistovihrealle-ideologiselle-terveydenhuollon-tallomiselle-on-laitettava-stoppi\/\">https:\/\/www.verkkouutiset.fi\/vasemmistovihrealle-ideologiselle-terveydenhuollon-tallomiselle-on-laitettava-stoppi\/<\/a><\/p>\n\n\n\n<p>Iltalehden uutisen mukaan hallitus aikoo tehd\u00e4&nbsp;merkitt\u00e4vi\u00e4 leikkauksia yksityisen sairaanhoidon Kela-korvauksiin. Tuskin on muste ehtinyt kuivua, kun parlamentaariselta sovulta vedet\u00e4\u00e4n pohja. Ei n\u00e4in voi toimia.&nbsp;<a href=\"https:\/\/www.iltalehti.fi\/politiikka\/a\/c188575a-bd0f-4ec3-b89b-78685d6a161d\">https:\/\/www.iltalehti.fi\/politiikka\/a\/c188575a-bd0f-4ec3-b89b-78685d6a161d<\/a><\/p>\n\n\n\n<p>Esitys Kela-korvauksen alasajosta tilanteessa, jossa koronan vaikutuksesta hoitovelka on enn\u00e4tyksellinen, jonot hoitoon ep\u00e4inhimilliset ja sosiaali- sek\u00e4 terveyspalveluita mullistetaan historiallisella hallintomuutoksella, on umpivastuuton. Ihmisten palveluiden saatavuus on turvattava. Vasemmistovihre\u00e4lle ideologiselle terveydenhuollon tallomiselle on laitettava stoppi.<\/p>\n\n\n\n<p>Suunnan pit\u00e4\u00e4 olla p\u00e4invastainen.&nbsp;&nbsp;Koronan tuoman hoitovelan purkamiseksi ja julkisen terveydenhuollon kuormituksen kevent\u00e4miseksi on Kela-korvauksia nostettava ja otettava laajasti palvelusetelit k\u00e4ytt\u00f6\u00f6n niin, ett\u00e4 ihmiset saavat tarvitsemansa hoidon ajoissa. N\u00e4in voisimme purkaa hoitojonoja, hy\u00f6dynt\u00e4\u00e4 paremmin yksityisen sektorin voimavaroja ja kevent\u00e4\u00e4 ylikuormittuneen julkisen sektorin henkil\u00f6st\u00f6n ty\u00f6taakkaa.<\/p>\n\n\n\n<p>Kela-korvauksen leikkaaminen johtaa julkisten palveluiden kuormittumiseen entisest\u00e4\u00e4n, kun yh\u00e4 useampi siirtyy yksityisest\u00e4 palvelusta julkisen palvelun jonoon.&nbsp;Seurauksena on palveluiden heikentyminen, julkisen terveydenhuollon&nbsp;kustannusten kasvu, henkil\u00f6st\u00f6n ylikuormitus ja ruuhkautuminen.<\/p>\n\n\n\n<p>SAK:n asiantuntijal\u00e4\u00e4k\u00e4ri&nbsp;Riitta Ty\u00f6l\u00e4j\u00e4rvi&nbsp;on vakavasti (Iltalehti 11.10.2021) varoittanut Kela-korvauksen poiston katastrofaalisista seurauksista ja lausunut, ettei korvausta tulisi miss\u00e4\u00e4n nimess\u00e4 poistaa sote-uudistuksen toimeenpanon yhteydess\u00e4.<\/p>\n\n\n\n<p>Kela-korvaus mahdollistaa vuosittain noin 3,4 miljoonaa k\u00e4ynti\u00e4 l\u00e4\u00e4k\u00e4rin vastaanotolla. Kela-korvausta maksetaan sosioekonomiseen asemaan katsomatta kaikille suomalaisille.<\/p>\n\n\n\n<p>Vuonna 2019 l\u00e4\u00e4k\u00e4rin hoidossa oli 1,5 miljoonaa Kela-korvauksen saajaa. T\u00e4m\u00e4 kuvaa k\u00e4yt\u00f6n laajuutta monissa tuloluokissa.<\/p>\n\n\n\n<p>Joko vasemmistovihre\u00e4t puolueet eiv\u00e4t ymm\u00e4rr\u00e4 suomalaisten arkea ja sit\u00e4, mik\u00e4 merkitys yritt\u00e4jien ty\u00f6ll\u00e4 ja yksityisill\u00e4 sektorilla on suomalaisten mahdollisuudelle saada tarvitsemansa palvelut, tai sitten he eiv\u00e4t siit\u00e4 piittaa. Oli vastaus kumpi tahansa, niin yht\u00e4 j\u00e4rkytt\u00e4v\u00e4\u00e4<\/p>\n\n\n\n<p>Moni k\u00e4ytt\u00e4\u00e4 yksityist\u00e4 terveydenhuoltoa yksinkertaisesti siksi, ettei julkisen sektorin palveluihin p\u00e4\u00e4se. Lis\u00e4ksi merkitt\u00e4v\u00e4\u00e4 osaa Kelan korvaamista l\u00e4\u00e4k\u00e4ripalveluista ei ole edes saatavilla kuntien terveyskeskuksissa, esimerkkein\u00e4 silm\u00e4l\u00e4\u00e4k\u00e4rit, gynekologit ja lastenl\u00e4\u00e4k\u00e4rit. Koko suunterveydenhuoltomme on rakennettu siten, ett\u00e4 merkitt\u00e4v\u00e4 m\u00e4\u00e4r\u00e4 aikuisv\u00e4est\u00f6st\u00e4 k\u00e4ytt\u00e4\u00e4 yksityisi\u00e4 palveluja.&nbsp;Kuntoutusj\u00e4rjestelm\u00e4mme on monin osin yritt\u00e4jien varassa.&nbsp;Vuonna 2020 kaksi miljoonaa ihmist\u00e4 k\u00e4ytti Kela-korvattuja terveydenhuollon palveluja.<\/p>\n\n\n\n<p>Kun yksityisen hoidon ja tutkimuksen Kela-korvaukset romutetaan, niin mit\u00e4 hallitus tarjoaa tilalle? Vastausta ei n\u00e4y eik\u00e4 kuulu. On selv\u00e4\u00e4, ett\u00e4 toimesta&nbsp;k\u00e4rsisi&nbsp;koko kansanterveys&nbsp;mutta&nbsp;eniten heikoimmassa asemassa olevat. Muualla Euroopassa tehd\u00e4\u00e4n toimia koronan aikana kertyneen hoitovelan purkamiseksi. Niin pit\u00e4isi tehd\u00e4 Suomessakin. Jos Kela- korvausta ei olisi,&nbsp;se pit\u00e4isi nyt keksi\u00e4.&nbsp;<\/p>\n\n\n\n<p>Kela-korvausten romuttaminen sis\u00e4ltyy hallituksen sopimaan ensi vuoden budjettiin tulossa olevaan terveydenhuollon 140 miljoonan leikkauspakettiin. Runsaasta rahanjaosta huolimatta vanhuspalveluiden\u00a0hoitajamitoitus j\u00e4i ilman riitt\u00e4vi\u00e4 m\u00e4\u00e4r\u00e4rahoja. Puuttuvat eurot leikataan terveydenhuollosta ja erityisesti Kela-korvauksesta. Lis\u00e4ksi hallitus on p\u00e4\u00e4tt\u00e4nyt leikata l\u00e4\u00e4kekorvausten valtion osuudesta\u00a0\u00a060 miljoonaa euroa. Hallituksen tolkuton talouspolitiikka on umpikujassa, kun kehyksien rikkomisesta ja valtavasta velkaantumisesta huolimatta puuttuvia rahoja vanhusten palveluihin etsit\u00e4\u00e4n leikkaamalla sairaiden palveluista.<\/p>\n\n\n\n<p><strong>Sari Sarkomaa<\/strong><\/p>\n\n\n\n<p><strong>kansanedustaja (kok)<\/strong><\/p>\n\n\n\n<p><strong>Eduskuntaryhm\u00e4n&nbsp;varapuheenjohtaja<\/strong><\/p>\n","protected":false},"excerpt":{"rendered":"<p>Otimme t\u00e4n\u00e4\u00e4n kantaa Paula Risikon kanssa hallituksen aikeeseen pyyhki\u00e4 parlamentaarisella sovulla p\u00f6yt\u00e4\u00e4 ja romuttaa eduskuntapuolueiden yhteisest\u00e4 kannasta poiketen Kela-korvaukset.&nbsp;https:\/\/www.verkkouutiset.fi\/vasemmistovihrealle-ideologiselle-terveydenhuollon-tallomiselle-on-laitettava-stoppi\/ Iltalehden uutisen mukaan hallitus aikoo tehd\u00e4&nbsp;merkitt\u00e4vi\u00e4 leikkauksia yksityisen sairaanhoidon Kela-korvauksiin. Tuskin on muste ehtinyt kuivua, kun parlamentaariselta sovulta vedet\u00e4\u00e4n pohja. Ei n\u00e4in voi toimia.&nbsp;https:\/\/www.iltalehti.fi\/politiikka\/a\/c188575a-bd0f-4ec3-b89b-78685d6a161d Esitys Kela-korvauksen alasajosta tilanteessa, jossa koronan vaikutuksesta hoitovelka on enn\u00e4tyksellinen, jonot hoitoon <a href=\"https:\/\/www.sarisarkomaa.fi\/?p=11092\" class=\"more-link\">...jatka lukemista<span class=\"screen-reader-text\"> \"R\u00e4ike\u00e4n ideologinen aie romuttaa Kela-korvaus pys\u00e4ytett\u00e4v\u00e4 (Uusi Suomi 16.2.2022)\"<\/span><\/a><\/p>\n","protected":false},"author":1,"featured_media":0,"comment_status":"closed","ping_status":"open","sticky":false,"template":"","format":"standard","meta":[],"categories":[1],"tags":[],"_links":{"self":[{"href":"https:\/\/www.sarisarkomaa.fi\/index.php?rest_route=\/wp\/v2\/posts\/11092"}],"collection":[{"href":"https:\/\/www.sarisarkomaa.fi\/index.php?rest_route=\/wp\/v2\/posts"}],"about":[{"href":"https:\/\/www.sarisarkomaa.fi\/index.php?rest_route=\/wp\/v2\/types\/post"}],"author":[{"embeddable":true,"href":"https:\/\/www.sarisarkomaa.fi\/index.php?rest_route=\/wp\/v2\/users\/1"}],"replies":[{"embeddable":true,"href":"https:\/\/www.sarisarkomaa.fi\/index.php?rest_route=%2Fwp%2Fv2%2Fcomments&post=11092"}],"version-history":[{"count":1,"href":"https:\/\/www.sarisarkomaa.fi\/index.php?rest_route=\/wp\/v2\/posts\/11092\/revisions"}],"predecessor-version":[{"id":11093,"href":"https:\/\/www.sarisarkomaa.fi\/index.php?rest_route=\/wp\/v2\/posts\/11092\/revisions\/11093"}],"wp:attachment":[{"href":"https:\/\/www.sarisarkomaa.fi\/index.php?rest_route=%2Fwp%2Fv2%2Fmedia&parent=11092"}],"wp:term":[{"taxonomy":"category","embeddable":true,"href":"https:\/\/www.sarisarkomaa.fi\/index.php?rest_route=%2Fwp%2Fv2%2Fcategories&post=11092"},{"taxonomy":"post_tag","embeddable":true,"href":"https:\/\/www.sarisarkomaa.fi\/index.php?rest_route=%2Fwp%2Fv2%2Ftags&post=11092"}],"curies":[{"name":"wp","href":"https:\/\/api.w.org\/{rel}","templated":true}]}}