{"id":11197,"date":"2022-04-06T08:57:28","date_gmt":"2022-04-06T06:57:28","guid":{"rendered":"https:\/\/www.sarisarkomaa.fi\/?p=11197"},"modified":"2022-06-03T12:39:46","modified_gmt":"2022-06-03T10:39:46","slug":"maaliskuun-eduskuntaterveiset","status":"publish","type":"post","link":"https:\/\/www.sarisarkomaa.fi\/?p=11197","title":{"rendered":"Maaliskuun eduskuntaterveiset"},"content":{"rendered":"\n<figure class=\"wp-block-image size-full\"><a href=\"https:\/\/www.sarisarkomaa.fi\/wp-content\/uploads\/image-17.png\"><img loading=\"lazy\" width=\"882\" height=\"734\" src=\"https:\/\/www.sarisarkomaa.fi\/wp-content\/uploads\/image-17.png\" alt=\"\" class=\"wp-image-11198\" srcset=\"https:\/\/www.sarisarkomaa.fi\/wp-content\/uploads\/image-17.png 882w, https:\/\/www.sarisarkomaa.fi\/wp-content\/uploads\/image-17-300x250.png 300w, https:\/\/www.sarisarkomaa.fi\/wp-content\/uploads\/image-17-768x639.png 768w, https:\/\/www.sarisarkomaa.fi\/wp-content\/uploads\/image-17-640x533.png 640w\" sizes=\"(max-width: 882px) 100vw, 882px\" \/><\/a><\/figure>\n\n\n\n<p>Arvoisa vastaanottaja,<\/p>\n\n\n\n<p>Ven\u00e4j\u00e4n brutaali hy\u00f6kk\u00e4yssota Ukrainaan ja sen tuomat valtavat vaikutukset ovat eduskuntaty\u00f6ss\u00e4 p\u00e4\u00e4llimm\u00e4isen\u00e4. N\u00e4en Nato-j\u00e4senyyden parhaana saatuvilla olevana ratkaisuna lis\u00e4t\u00e4 Suomen turvallisuutta ja l\u00e4hialueen vakautta. Olen, ja eduskuntaryhm\u00e4mme on valmis j\u00e4tt\u00e4m\u00e4\u00e4n hakemuksen v\u00e4litt\u00f6m\u00e4sti. Natoon liittymisess\u00e4 valtavin riski on j\u00e4tt\u00e4\u00e4 ratkaisu tekem\u00e4tt\u00e4.<\/p>\n\n\n\n<p>Valtioneuvoston on antaa l\u00e4hip\u00e4ivin\u00e4 eduskunnalle turvallisuuspoliittisen selonteon. Selonteon k\u00e4sittelyn rinnalle puhemiesneuvosto on asettanut koordinaatioryhm\u00e4n, jonka teht\u00e4v\u00e4 on muodostaa eduskunnalle kanta Natoon liittymisest\u00e4. Jos eduskunta p\u00e4\u00e4tyy kannattamaan Nato-j\u00e4senyyden hakemista, tekee p\u00e4\u00e4t\u00f6ksen tasavallan presidentti valtioneuvoston esityksen pohjalta. Eduskunnan on toimittava asiassa ripe\u00e4sti. Jottei Suomeen koskaan tulisi sotaa, on siihen parhaalla mahdollisella tavalla varauduttava.<\/p>\n\n\n\n<figure class=\"wp-block-image size-full\"><a href=\"https:\/\/www.sarisarkomaa.fi\/wp-content\/uploads\/image-18.png\"><img loading=\"lazy\" width=\"882\" height=\"882\" src=\"https:\/\/www.sarisarkomaa.fi\/wp-content\/uploads\/image-18.png\" alt=\"\" class=\"wp-image-11199\" srcset=\"https:\/\/www.sarisarkomaa.fi\/wp-content\/uploads\/image-18.png 882w, https:\/\/www.sarisarkomaa.fi\/wp-content\/uploads\/image-18-300x300.png 300w, https:\/\/www.sarisarkomaa.fi\/wp-content\/uploads\/image-18-150x150.png 150w, https:\/\/www.sarisarkomaa.fi\/wp-content\/uploads\/image-18-768x768.png 768w, https:\/\/www.sarisarkomaa.fi\/wp-content\/uploads\/image-18-640x640.png 640w\" sizes=\"(max-width: 882px) 100vw, 882px\" \/><\/a><\/figure>\n\n\n\n<p><strong>Maaliskuun terveisiss\u00e4:<\/strong><\/p>\n\n\n\n<ul><li>Tervetuloa tapaamaan<\/li><li>Yhdenvertaisuusvaltuutetun eduskuntakertomusta vastaanottamassa<\/li><li>Koulutuspoliittisesta selonteosta hallitukselle kotil\u00e4ksy\u00e4<\/li><li>P\u00e4\u00e4t\u00f6ksemme opiskeluhuollon palveluista&nbsp;oli lasten ja nuorten etu<\/li><li>Helsingin katujen kunnossapitoon tarvitaan ryhtiliike<\/li><li>Hallituksen tekem\u00e4tt\u00f6myys vaarantaa&nbsp;yliopistosairaaloiden jatkon<\/li><li>Hallituksen aie romuttaa Kela-korvaukset on suuri virhe<\/li><li>Lakialoitteeni&nbsp;yhdenvertaisen saattohoidon turvaamiseksi<\/li><li>P\u00e4\u00e4kirjoitukseni Muisti-lehdess\u00e4<\/li><li>Liikunta on parasta l\u00e4\u00e4kett\u00e4<\/li><li>Toimenpidealoitteeni purkaa esteet uusien sy\u00f6v\u00e4n yhdistelm\u00e4hoitojen antamisesta<\/li><li>Johtamani eduskunnan ulkosuomalaisten yst\u00e4vyysryhm\u00e4n terveiset<\/li><\/ul>\n\n\n\n<figure class=\"wp-block-image size-large\"><a href=\"http:\/\/www.sarisarkomaa.fi\/wp-content\/uploads\/nimeton.png\"><img loading=\"lazy\" width=\"1024\" height=\"680\" src=\"http:\/\/www.sarisarkomaa.fi\/wp-content\/uploads\/nimeton-1024x680.png\" alt=\"\" class=\"wp-image-11208\" srcset=\"https:\/\/www.sarisarkomaa.fi\/wp-content\/uploads\/nimeton-1024x680.png 1024w, https:\/\/www.sarisarkomaa.fi\/wp-content\/uploads\/nimeton-300x199.png 300w, https:\/\/www.sarisarkomaa.fi\/wp-content\/uploads\/nimeton-768x510.png 768w, https:\/\/www.sarisarkomaa.fi\/wp-content\/uploads\/nimeton-640x425.png 640w, https:\/\/www.sarisarkomaa.fi\/wp-content\/uploads\/nimeton-960x638.png 960w, https:\/\/www.sarisarkomaa.fi\/wp-content\/uploads\/nimeton.png 1085w\" sizes=\"(max-width: 1024px) 100vw, 1024px\" \/><\/a><\/figure>\n\n\n\n<h2><strong>Yhdenvertaisuusvaltuutetun eduskuntakertomusta vastaanottamassa<\/strong><\/h2>\n\n\n\n<p>Oli kunnia vastaanottaa yhdenvertaisuusvaltuutetun eduskuntakertomus kokoomuksen eduskuntaryhm\u00e4n puolesta. Nostin puheessani esille useita toimia, joita viel\u00e4 t\u00e4ll\u00e4 eduskuntakaudella on syyt\u00e4 saada yhdenvertaisuuden edist\u00e4miseksi eduskunnassa tehty\u00e4.<\/p>\n\n\n\n<p>Odotan eduskuntaan malttamattomana vammaispalvelulains\u00e4\u00e4d\u00e4nn\u00f6n uudistusesityst\u00e4. Vammaiset ihmiset kohtaavat edelleen paljon syrjint\u00e4\u00e4 ja heid\u00e4n itsem\u00e4\u00e4r\u00e4\u00e4misoikeutensa kunnioittamiseen ja yhdenvertaisuuden toteuttamiseen liittyy esteit\u00e4, asenteellisia ja rakenteellisia. Ty\u00f6llistymiseen liittyvien esteiden purkaminen on yksi keskeinen kokonaisuus ratkaistavaksi.<\/p>\n\n\n\n<p>Sukuelinten silpominen on tytt\u00f6jen ja naisten ihmis- ja perusoikeuksia j\u00e4rkytt\u00e4v\u00e4ll\u00e4 tavalla loukkaava v\u00e4kivallan muoto. Silpominen on kiellett\u00e4v\u00e4 erillislailla. Olen tehnyt asiasta lakialoitteen yhdess\u00e4 Sofia Vikmanin kanssa.<\/p>\n\n\n\n<p>Kokoomus haluaa kehitt\u00e4\u00e4 Suomea yh\u00e4 tasa-arvoisemmaksi ja yhdenvertaisemmaksi maaksi, jossa jokainen voi el\u00e4\u00e4 turvallisesti ja rauhassa, omana itsen\u00e4\u00e4n, ilman syrjint\u00e4\u00e4 ja pelkoa.<\/p>\n\n\n\n<figure class=\"wp-block-image size-full\"><a href=\"https:\/\/www.sarisarkomaa.fi\/wp-content\/uploads\/image-19.png\"><img loading=\"lazy\" width=\"882\" height=\"882\" src=\"https:\/\/www.sarisarkomaa.fi\/wp-content\/uploads\/image-19.png\" alt=\"\" class=\"wp-image-11200\" srcset=\"https:\/\/www.sarisarkomaa.fi\/wp-content\/uploads\/image-19.png 882w, https:\/\/www.sarisarkomaa.fi\/wp-content\/uploads\/image-19-300x300.png 300w, https:\/\/www.sarisarkomaa.fi\/wp-content\/uploads\/image-19-150x150.png 150w, https:\/\/www.sarisarkomaa.fi\/wp-content\/uploads\/image-19-768x768.png 768w, https:\/\/www.sarisarkomaa.fi\/wp-content\/uploads\/image-19-640x640.png 640w\" sizes=\"(max-width: 882px) 100vw, 882px\" \/><\/a><\/figure>\n\n\n\n<h2><strong>Koulutuspoliittisesta selonteosta hallitukselle kotil\u00e4ksy\u00e4<\/strong><\/h2>\n\n\n\n<p><br>Koulutuspoliittinen selonteostaan hallitus sai koko eduskunnalta kotil\u00e4ksyn tarkistaa linjauksiaan. Hallitus oli ohittanut selonteon valmistelussa valmistelua varten nimetyn parlamentaarisen ty\u00f6ryhm\u00e4n. Selonteko oli monin tavoin puutteellinen, mutta sivistysvaliokunnan ponnistelun ansiosta saimme sit\u00e4 paikattua. Suomen t\u00e4rkein tavoite on, ett\u00e4 jokainen nuori saa sellaiset tiedot, taidot ja oppimisen ilon, jotka kantavat v\u00e4hint\u00e4\u00e4n toisen asteen tutkintoon ja omien unelmien tavoitteluun. T\u00e4m\u00e4 edellytt\u00e4\u00e4 erityisesti investointeja varhaiskasvatukseen ja perusopetukseen, sill\u00e4 varhaisvuodet ovat t\u00e4rkeimm\u00e4t oppimisen vuodet. Lue lis\u00e4\u00e4 t\u00e4\u00e4lt\u00e4:&nbsp;&nbsp;<a rel=\"noreferrer noopener\" href=\"https:\/\/puheenvuoro.uusisuomi.fi\/sarisarkomaa\/hallitus-sai-eduskunnalta-kotilaksyt-koulutuspoliittisen-selonteon-parlamentaarisen-tyon-sivuuttamisesta\/\" target=\"_blank\">https:\/\/bit.ly\/3x5yiJj<\/a><\/p>\n\n\n\n<h2><strong>P\u00e4\u00e4t\u00f6ksemme opiskeluhuollon palveluista oli lasten ja nuorten etu<\/strong><\/h2>\n\n\n\n<p>Iloitsen Helsingin kaupunginvaltuustossa tehdyst\u00e4 kokoomuksen vahvasti ajamasta yksimielisest\u00e4 p\u00e4\u00e4t\u00f6ksest\u00e4 pit\u00e4\u00e4 opiskeluhuollon palvelut kasvatuksen ja koulutuksen toimialalla sek\u00e4 yksityisten ja muiden opetuksen j\u00e4rjest\u00e4jien nykyisen kaltaisella j\u00e4rjestelyll\u00e4. Oli viisasta, ettemme uhranneet oppilashuoltoa alueuudistuksen alttarilla. Olisi ollut valtava riski, ett\u00e4 oppilashuollon voimavarat valuisivat paikkaamaan puutteellisia sote-palveluja varhaiskasvatuksen ja opetuksen kustannuksella. Oli viisasta kuulla opettajien ja koko koulun v\u00e4en \u00e4\u00e4nt\u00e4. Lue lis\u00e4\u00e4 t\u00e4\u00e4lt\u00e4:&nbsp;<a rel=\"noreferrer noopener\" href=\"https:\/\/www.sarisarkomaa.fi\/?p=11097\" target=\"_blank\">https:\/\/www.sarisarkomaa.fi\/?p=11097<\/a><\/p>\n\n\n\n<h2><strong>Helsingin katujen kunnossapitoon tarvitaan ryhtiliike<\/strong><\/h2>\n\n\n\n<p> Kuluneen talven aikana liikkuminen jalan Helsingiss\u00e4 on ollut vaikeaa, vaarallista ja osin jopa mahdotonta. Liukastumisesta johtuvia vammoja on enemm\u00e4n kuin vuosikausiin. Pyysin kaupunginhallituksessa kunnossapidon linjauksista <\/p>\n\n\n\n<p>lis\u00e4selvityksen. Kaupunginhallituksessa edellytimme yksimielisesti ryhtiliikett\u00e4 katujen kunnossapitoon. Linjasimme, ett\u00e4 jalankulun v\u00e4ylien yll\u00e4pidon kehitt\u00e4minen ja tason parantaminen ovat kiireellisi\u00e4 toimia. Hyv\u00e4ksyimme Helsingin ensimm\u00e4isen k\u00e4velyn edist\u00e4misohjelman. Tarkoitus on edist\u00e4\u00e4 k\u00e4vely\u00e4 suunnittelussa, toteutuksessa ja yll\u00e4pidossa sek\u00e4 huomioida viihtyvyys, turvallisuus, viheralueet, riitt\u00e4v\u00e4 penkkien m\u00e4\u00e4r\u00e4 ja palveluiden saavutettavuus k\u00e4vellen.<br><br><br>Lue lis\u00e4\u00e4 t\u00e4\u00e4lt\u00e4:&nbsp;<a rel=\"noreferrer noopener\" href=\"https:\/\/www.sttinfo.fi\/tiedote\/helsingin-kaupunginhallitus-hyvaksyi-kavelyn-edistamisohjelman?publisherId=60590288&amp;releaseId=69935062\" target=\"_blank\">https:\/\/www.sttinfo.fi\/tiedote\/helsingin-kaupunginhallitus-hyvaksyi-kavelyn-edistamisohjelman?publisherId=60590288&amp;releaseId=69935062<\/a><\/p>\n\n\n\n<h2><strong>Hallituksen tekem\u00e4tt\u00f6myys vaarantaa yliopistosairaaloiden jatkon<\/strong> <\/h2>\n\n\n\n<p>Aluehallintouudistus hyv\u00e4ksyttiin eduskunnassa hallituspuolueiden enemmist\u00f6ll\u00e4 ilman toimivaa ja valmista rahoitusmallia. Rahoitusmalli johtaa rahoituksen leikkaantumiseen erityisesti suurissa kaupungeissa, kuten Helsingiss\u00e4. My\u00f6s HUS:n rahoitus leikkaantuu uudistuksen my\u00f6t\u00e4. Lis\u00e4ksi yliopistosairaaloiden rooli ja rahoitus on edelleen varmistamatta. Hallituksen on tulevassa kehysriihess\u00e4 esitett\u00e4v\u00e4 asiaan ratkaisut.<br><br><br>Lue lis\u00e4\u00e4 t\u00e4\u00e4lt\u00e4:&nbsp;<a rel=\"noreferrer noopener\" href=\"https:\/\/www.sarisarkomaa.fi\/?p=11189\" target=\"_blank\">https:\/\/www.sarisarkomaa.fi\/?p=11189<\/a><\/p>\n\n\n\n<figure class=\"wp-block-image size-full\"><a href=\"https:\/\/www.sarisarkomaa.fi\/wp-content\/uploads\/image-20.png\"><img loading=\"lazy\" width=\"882\" height=\"882\" src=\"https:\/\/www.sarisarkomaa.fi\/wp-content\/uploads\/image-20.png\" alt=\"\" class=\"wp-image-11201\" srcset=\"https:\/\/www.sarisarkomaa.fi\/wp-content\/uploads\/image-20.png 882w, https:\/\/www.sarisarkomaa.fi\/wp-content\/uploads\/image-20-300x300.png 300w, https:\/\/www.sarisarkomaa.fi\/wp-content\/uploads\/image-20-150x150.png 150w, https:\/\/www.sarisarkomaa.fi\/wp-content\/uploads\/image-20-768x768.png 768w, https:\/\/www.sarisarkomaa.fi\/wp-content\/uploads\/image-20-640x640.png 640w\" sizes=\"(max-width: 882px) 100vw, 882px\" \/><\/a><\/figure>\n\n\n\n<h2>Hallituksen aie romuttaa Kela-korvaukset on suuri virhe<\/h2>\n\n\n\n<p>Moni k\u00e4ytt\u00e4\u00e4 yksityist\u00e4 terveydenhuoltoa yksinkertaisesti siksi, ettei julkisen sektorin palveluihin p\u00e4\u00e4se. Merkitt\u00e4v\u00e4\u00e4 osaa Kelan korvaamista l\u00e4\u00e4k\u00e4ripalveluista ei ole edes saatavilla kuntien terveyskeskuksissa, esimerkkein\u00e4 silm\u00e4l\u00e4\u00e4k\u00e4rit ja gynekologit. Koko suunterveydenhuoltomme on rakennettu siten, ett\u00e4 merkitt\u00e4v\u00e4 m\u00e4\u00e4r\u00e4 <\/p>\n\n\n\n<p>aikuisv\u00e4est\u00f6st\u00e4 k\u00e4ytt\u00e4\u00e4 yksityisi\u00e4 palveluja. Kuntoutusj\u00e4rjestelm\u00e4mme on monin osin yritt\u00e4jien varassa.<br>Kela-korvauksien romuttaminen ja ihmisten hoitoon p\u00e4\u00e4syn heikent\u00e4minen on kylm\u00e4\u00e4 ja vastuutonta politiikkaa. Romuttamisen sijaan Kela-korvauksia pit\u00e4isi enemminkin nostaa.<\/p>\n\n\n\n<p>Lue lis\u00e4\u00e4 t\u00e4\u00e4lt\u00e4: <a href=\"https:\/\/www.sarisarkomaa.fi\/?p=11178\">https:\/\/www.sarisarkomaa.fi\/?p=11178<\/a><\/p>\n\n\n\n<h2>Lakialoitteeni yhdenvertaisen saattohoidon turvaamiseksi<\/h2>\n\n\n\n<p>Yliopistossa opiskeluni alkuaikoina tein y\u00f6vuoroja vanhusten ymp\u00e4rivuorokautisen hoivan osastolla. Valvoessani viime hetki\u00e4 el\u00e4v\u00e4n, usein kipujen kanssa kamppailevan, ihmisen rinnalla osaston t\u00f6iden painaessa p\u00e4\u00e4lle tuli minusta vannoutunut hyv\u00e4n saattohoidon ja palliatiivisen hoidon puolestapuhuja ja edist\u00e4j\u00e4.<br>Vaikka Suomessa on tehty kehitt\u00e4misty\u00f6t\u00e4 ja laadukkaasta hoidosta on hyvi\u00e4 esimerkkej\u00e4, hoidoissa on alueellisia eroja ja r\u00e4ikeit\u00e4kin puutteita. Vauhdittaakseni yhdenvertaisen ja inhimillisen saattohoidon toteutumista, tein asiasta lakialoitteen pohjautuen asiantuntijoiden esitykseen. Arvokas el\u00e4m\u00e4n viimeinen vaihe kuuluu kaikille.<\/p>\n\n\n\n<p>Lue lis\u00e4\u00e4: <a href=\"https:\/\/bit.ly\/3LLTaJT\">https:\/\/bit.ly\/3LLTaJT<\/a><\/p>\n\n\n\n<figure class=\"wp-block-image size-full\"><a href=\"https:\/\/www.sarisarkomaa.fi\/wp-content\/uploads\/image-21.png\"><img loading=\"lazy\" width=\"882\" height=\"882\" src=\"https:\/\/www.sarisarkomaa.fi\/wp-content\/uploads\/image-21.png\" alt=\"\" class=\"wp-image-11202\" srcset=\"https:\/\/www.sarisarkomaa.fi\/wp-content\/uploads\/image-21.png 882w, https:\/\/www.sarisarkomaa.fi\/wp-content\/uploads\/image-21-300x300.png 300w, https:\/\/www.sarisarkomaa.fi\/wp-content\/uploads\/image-21-150x150.png 150w, https:\/\/www.sarisarkomaa.fi\/wp-content\/uploads\/image-21-768x768.png 768w, https:\/\/www.sarisarkomaa.fi\/wp-content\/uploads\/image-21-640x640.png 640w\" sizes=\"(max-width: 882px) 100vw, 882px\" \/><\/a><\/figure>\n\n\n\n<h2>P\u00e4\u00e4kirjoitukseni Muisti-lehdess\u00e4<\/h2>\n\n\n\n<p>Vakavina aikoina on entist\u00e4kin t\u00e4rke\u00e4mpi huolehtia omasta ja l\u00e4heisten terveydest\u00e4 sek\u00e4 hyvinvoinnista. Nostin Muisti-lehden p\u00e4\u00e4kirjoituksessa esille tarpeen luoda keinoja, joilla erilaisissa el\u00e4m\u00e4ntilanteissa olevat ihmiset voivat huolehtia aivoterveydest\u00e4\u00e4n, erityisesti muistisairauksien riskitekij\u00f6iden ehk\u00e4isyn n\u00e4k\u00f6kulmasta. On luotava Suomi, jossa kukaan ei j\u00e4\u00e4 yksin avuntarpeen kanssa. Lue kirjoitus t\u00e4\u00e4lt\u00e4: <a href=\"https:\/\/www.sarisarkomaa.fi\/?p=11171\">https:\/\/www.sarisarkomaa.fi\/?p=11171<\/a><\/p>\n\n\n\n<h2>Liikunta on parasta l\u00e4\u00e4kett\u00e4<\/h2>\n\n\n\n<p><br>Maaliskuussa vietettiin my\u00f6s keltaisen nauhan p\u00e4iv\u00e4\u00e4, joka muistuttaa vuosittain arkiliikunnan merkityksest\u00e4. Korostin Kokoomusnaisten vieraskyn\u00e4kirjoituksessani arkiliikunnan t\u00e4rke\u00e4\u00e4 roolia sairauksien ennaltaehk\u00e4isyss\u00e4 sek\u00e4 el\u00e4m\u00e4n laadun yll\u00e4pit\u00e4j\u00e4n\u00e4. Lue kirjoitus t\u00e4\u00e4lt\u00e4: <a href=\"https:\/\/www.kokoomusnaiset.fi\/liikunnallinen-arki-on-paras-laake-kaikenikaisille\/\">https:\/\/www.kokoomusnaiset.fi\/liikunnallinen-arki-on-paras-laake-kaikenikaisille\/<\/a><\/p>\n\n\n\n<h2>Toimenpidealoitteeni purkaa esteet uusien sy\u00f6v\u00e4n yhdistelm\u00e4hoitojen antamisesta<\/h2>\n\n\n\n<p>Pidin eduskunnan sy\u00f6p\u00e4verkoston puheenjohtajan roolissa puheenvuoron Tiedekulmassa Cancer IO:n j\u00e4rjest\u00e4m\u00e4ss\u00e4 tilaisuudessa, jossa julkaistiin Cancer Immunotherapies in Finland-raportti. Esteet uusien sy\u00f6v\u00e4n yhdistelm\u00e4hoitojen antamiselle pit\u00e4\u00e4 poistaa viipym\u00e4tt\u00e4 erillislains\u00e4\u00e4d\u00e4nn\u00f6ll\u00e4. Tehokkaaksi todetun muualla Euroopassa saatavilla olevan hoidon mahdollistavan lains\u00e4\u00e4d\u00e4nn\u00f6n odotteluun eik\u00e4 aikaa vieviin kokonaisuudistuksiin olisi aikaa Suomella, eik\u00e4 etenk\u00e4\u00e4n vakavasti sairailla sy\u00f6p\u00e4potilailla. Asiaa vauhdittaakseni olen eduskunnassa tehnyt asiasta toimenpidealoitteen. Lue lis\u00e4\u00e4 t\u00e4\u00e4lt\u00e4:&nbsp;<a rel=\"noreferrer noopener\" href=\"https:\/\/www.facebook.com\/100057737335476\/posts\/404067661527808\/?d=n\" target=\"_blank\">https:\/\/www.facebook.com\/100057737335476\/posts\/404067661527808\/?d=n<\/a><\/p>\n\n\n\n<figure class=\"wp-block-image size-full\"><a href=\"https:\/\/www.sarisarkomaa.fi\/wp-content\/uploads\/image-22.png\"><img loading=\"lazy\" width=\"882\" height=\"882\" src=\"https:\/\/www.sarisarkomaa.fi\/wp-content\/uploads\/image-22.png\" alt=\"\" class=\"wp-image-11203\" srcset=\"https:\/\/www.sarisarkomaa.fi\/wp-content\/uploads\/image-22.png 882w, https:\/\/www.sarisarkomaa.fi\/wp-content\/uploads\/image-22-300x300.png 300w, https:\/\/www.sarisarkomaa.fi\/wp-content\/uploads\/image-22-150x150.png 150w, https:\/\/www.sarisarkomaa.fi\/wp-content\/uploads\/image-22-768x768.png 768w, https:\/\/www.sarisarkomaa.fi\/wp-content\/uploads\/image-22-640x640.png 640w\" sizes=\"(max-width: 882px) 100vw, 882px\" \/><\/a><\/figure>\n\n\n\n<h2>Johtamani eduskunnan ulkosuomalaisten yst\u00e4vyysryhm\u00e4n terveiset <\/h2>\n\n\n\n<p>Iloitsen uudesta Ulkosuomalaisstrategiasta vuosille 2022\u20132026. Sen tavoitteena on kehitt\u00e4\u00e4 ulkosuomalaisille saatavilla olevia palveluja, hy\u00f6dynt\u00e4\u00e4 heid\u00e4n osaamistaan ja tiivist\u00e4\u00e4 heid\u00e4n siteit\u00e4 Suomeen. Ulkosuomalaiset ovat monipuolinen verkosto ihmisi\u00e4, joilla on erilaisia Suomen valtionhallintoon liittyvi\u00e4 palvelutarpeita ja joiden asiantuntemusta yhteiskuntamme on viisasta hy\u00f6dynt\u00e4\u00e4. Eduskunnan ulkosuomalaisten yst\u00e4vyysryhm\u00e4mme tarkoitus on olla Arkadianm\u00e4ell\u00e4 ulkosuomalaisten \u00e4\u00e4nitorvi ja yhteisty\u00f6taho. Kirjoitin yst\u00e4vyysryhm\u00e4mme puheenjohtajana ajatuksiani uudesta Ulkosuomalaisstrategiasta.<br>Lue lis\u00e4\u00e4 t\u00e4\u00e4lt\u00e4: <a href=\"https:\/\/www.sarisarkomaa.fi\/?p=11164\">https:\/\/www.sarisarkomaa.fi\/?p=11164<\/a><\/p>\n\n\n\n<figure class=\"wp-block-image size-full\"><a href=\"http:\/\/www.sarisarkomaa.fi\/wp-content\/uploads\/ek-tervetulo-1.png\"><img loading=\"lazy\" width=\"836\" height=\"347\" src=\"http:\/\/www.sarisarkomaa.fi\/wp-content\/uploads\/ek-tervetulo-1.png\" alt=\"\" class=\"wp-image-11134\" srcset=\"https:\/\/www.sarisarkomaa.fi\/wp-content\/uploads\/ek-tervetulo-1.png 836w, https:\/\/www.sarisarkomaa.fi\/wp-content\/uploads\/ek-tervetulo-1-300x125.png 300w, https:\/\/www.sarisarkomaa.fi\/wp-content\/uploads\/ek-tervetulo-1-768x319.png 768w, https:\/\/www.sarisarkomaa.fi\/wp-content\/uploads\/ek-tervetulo-1-640x266.png 640w\" sizes=\"(max-width: 836px) 100vw, 836px\" \/><\/a><\/figure>\n","protected":false},"excerpt":{"rendered":"<p>Arvoisa vastaanottaja, Ven\u00e4j\u00e4n brutaali hy\u00f6kk\u00e4yssota Ukrainaan ja sen tuomat valtavat vaikutukset ovat eduskuntaty\u00f6ss\u00e4 p\u00e4\u00e4llimm\u00e4isen\u00e4. N\u00e4en Nato-j\u00e4senyyden parhaana saatuvilla olevana ratkaisuna lis\u00e4t\u00e4 Suomen turvallisuutta ja l\u00e4hialueen vakautta. Olen, ja eduskuntaryhm\u00e4mme on valmis j\u00e4tt\u00e4m\u00e4\u00e4n hakemuksen v\u00e4litt\u00f6m\u00e4sti. Natoon liittymisess\u00e4 valtavin riski on j\u00e4tt\u00e4\u00e4 ratkaisu tekem\u00e4tt\u00e4. Valtioneuvoston on antaa l\u00e4hip\u00e4ivin\u00e4 eduskunnalle turvallisuuspoliittisen selonteon. Selonteon k\u00e4sittelyn rinnalle puhemiesneuvosto on asettanut <a href=\"https:\/\/www.sarisarkomaa.fi\/?p=11197\" class=\"more-link\">...jatka lukemista<span class=\"screen-reader-text\"> \"Maaliskuun eduskuntaterveiset\"<\/span><\/a><\/p>\n","protected":false},"author":1,"featured_media":0,"comment_status":"closed","ping_status":"open","sticky":false,"template":"","format":"standard","meta":[],"categories":[6,1],"tags":[],"_links":{"self":[{"href":"https:\/\/www.sarisarkomaa.fi\/index.php?rest_route=\/wp\/v2\/posts\/11197"}],"collection":[{"href":"https:\/\/www.sarisarkomaa.fi\/index.php?rest_route=\/wp\/v2\/posts"}],"about":[{"href":"https:\/\/www.sarisarkomaa.fi\/index.php?rest_route=\/wp\/v2\/types\/post"}],"author":[{"embeddable":true,"href":"https:\/\/www.sarisarkomaa.fi\/index.php?rest_route=\/wp\/v2\/users\/1"}],"replies":[{"embeddable":true,"href":"https:\/\/www.sarisarkomaa.fi\/index.php?rest_route=%2Fwp%2Fv2%2Fcomments&post=11197"}],"version-history":[{"count":5,"href":"https:\/\/www.sarisarkomaa.fi\/index.php?rest_route=\/wp\/v2\/posts\/11197\/revisions"}],"predecessor-version":[{"id":11384,"href":"https:\/\/www.sarisarkomaa.fi\/index.php?rest_route=\/wp\/v2\/posts\/11197\/revisions\/11384"}],"wp:attachment":[{"href":"https:\/\/www.sarisarkomaa.fi\/index.php?rest_route=%2Fwp%2Fv2%2Fmedia&parent=11197"}],"wp:term":[{"taxonomy":"category","embeddable":true,"href":"https:\/\/www.sarisarkomaa.fi\/index.php?rest_route=%2Fwp%2Fv2%2Fcategories&post=11197"},{"taxonomy":"post_tag","embeddable":true,"href":"https:\/\/www.sarisarkomaa.fi\/index.php?rest_route=%2Fwp%2Fv2%2Ftags&post=11197"}],"curies":[{"name":"wp","href":"https:\/\/api.w.org\/{rel}","templated":true}]}}