{"id":11272,"date":"2022-05-03T06:57:59","date_gmt":"2022-05-03T04:57:59","guid":{"rendered":"https:\/\/www.sarisarkomaa.fi\/?p=11272"},"modified":"2022-05-03T07:37:06","modified_gmt":"2022-05-03T05:37:06","slug":"kokoomuksen-sarkomaa-keskustelu-tyoterveyshuollosta-on-syyta-kayda-ilman-ideologisia-silmalaseja-tiedote-3-5-2022","status":"publish","type":"post","link":"https:\/\/www.sarisarkomaa.fi\/?p=11272","title":{"rendered":"Kokoomuksen Sarkomaa: Keskustelu ty\u00f6terveyshuollosta on syyt\u00e4 k\u00e4yd\u00e4 ilman ideologisia silm\u00e4laseja (Tiedote 3.5.2022)"},"content":{"rendered":"\n<p>Kokoomuksen eduskuntaryhm\u00e4n varapuheenjohtaja Sari Sarkomaa pit\u00e4\u00e4 t\u00e4rke\u00e4n\u00e4, ett\u00e4 keskustelu ty\u00f6terveyshuollosta k\u00e4yd\u00e4\u00e4n perusteellisesti ilman ideologisia silm\u00e4laseja. Keskustelu ty\u00f6terveyshuollosta ry\u00f6ps\u00e4hti, kun THL:n johtaja Mika Salminen totesi Ylen dokumenttiohjelmassa ty\u00f6terveydenhuollon olevan \u201dhyvin typer\u00e4 j\u00e4rjestelm\u00e4\u201d.<\/p>\n\n\n\n<p>Kansanedustaja Sari Sarkomaan mukaan ty\u00f6terveyshuollon heikent\u00e4minen ei kohentaisi perusterveydenhuoltoa vaan entisest\u00e4\u00e4n kuormittaisi julkista palvelua. Sarkomaa pelk\u00e4\u00e4, ett\u00e4 se voisi pahimmillaan ajaa koko terveydenhuollon kriisiin.<\/p>\n\n\n\n<p>\u201dItse ajattelen ett\u00e4, jos ty\u00f6terveyshuoltoa ei olisi, pit\u00e4isi se keksi\u00e4. Mika Salminen oli enemm\u00e4n kuin oikeassa siin\u00e4, ett\u00e4 perusterveydenhuollon ongelmat ovat vakavia. Ajatusta siit\u00e4, ett\u00e4 perusterveydenhuollon ep\u00e4kohtien korjaamiseen ryhdytt\u00e4isiin ty\u00f6terveyshuoltoa heikent\u00e4m\u00e4ll\u00e4, on mahdoton ymm\u00e4rt\u00e4\u00e4. Toimenpiteen vaikutus olisi t\u00e4ysin p\u00e4in vastainen\u201d, Sarkomaa sanoo.<\/p>\n\n\n\n<p>\u201dOn hyv\u00e4 muistaa, ett\u00e4 ty\u00f6terveyshuollon rahoittavat ty\u00f6nantajat ja ty\u00f6ntekij\u00e4t. Valtion suora osuus ty\u00f6terveyshuollon kustannuksista (0,3 % vuonna 2017) on hyvin pieni \u201d, Sarkomaa lis\u00e4\u00e4.<\/p>\n\n\n\n<p>Sarkomaa muistuttaa, ett\u00e4 ty\u00f6llisyysasteen nostaminen Pohjoismaiselle tasolle on v\u00e4ltt\u00e4m\u00e4t\u00f6nt\u00e4 julkisten terveyspalveluiden ja koko hyvinvointiyhteiskunnan rahoituksen turvaamiseksi. H\u00e4nen mukaansa ty\u00f6terveyshuollolla on oltava siin\u00e4 nykyist\u00e4kin vahvempi rooli.<\/p>\n\n\n\n<p>\u201dTy\u00f6terveyshuollon erityisosaamista tarvitaan kipe\u00e4sti ty\u00f6llisyystalkoissa ja ty\u00f6paikkojen ty\u00f6kykyjohtamisessa edist\u00e4m\u00e4\u00e4n ty\u00f6ntekij\u00f6iden ty\u00f6turvallisuutta, ty\u00f6kyky\u00e4 ja terveytt\u00e4 muuttuvassa ty\u00f6el\u00e4m\u00e4ss\u00e4. Ty\u00f6terveyshuollon ja julkisen terveydenhuollon yhteisty\u00f6ss\u00e4 on paljon k\u00e4ytt\u00e4m\u00e4t\u00f6nt\u00e4 potentiaalia. Ty\u00f6terveyshuoltoa on jatkuvasti kehitett\u00e4v\u00e4 pit\u00e4en painopiste ennaltaehk\u00e4isyss\u00e4\u201d, Sarkomaa sanoo.<\/p>\n\n\n\n<p>Terveyspalvelujen saatavuutta parantavia ratkaisuja on kiirehditt\u00e4v\u00e4<br>Sarkomaan mielest\u00e4 hallituksen olisi nyt hoitoon p\u00e4\u00e4sy\u00e4 heikent\u00e4vien toimien sijaan kiirehditt\u00e4v\u00e4 terveyspalveluiden saatavuutta parantavia ratkaisuja.<\/p>\n\n\n\n<p>\u201dHallitus aikoo toteuttaa valtavan leikkauksen yksityisen terveydenhuollon Kela-korvauksiin, vaikka tiedossa on, ett\u00e4 se johtaa julkisten palveluiden kuormittumiseen yh\u00e4 useamman siirtyess\u00e4 yksityisest\u00e4 palvelusta julkisen palvelun jonoon. Seurauksena on palveluiden heikentyminen, julkisen terveydenhuollon kustannusten kasvu, henkil\u00f6st\u00f6n lis\u00e4kuormitus ja ruuhkautuminen\u201d, Sarkomaa sanoo.<\/p>\n\n\n\n<p>\u201dTerveydenhuoltoa heikent\u00e4vien toimien sijaan on ripe\u00e4sti saatava ratkaisuja perusterveydenhuollon vahvistamiseksi ja koronan paisuttamien hoitojonojen sek\u00e4 hoitovelan purkamiseksi. Hallituksen lupaama hoitotakuuesitys on edelleen tuomatta eduskuntaan. On ep\u00e4selv\u00e4\u00e4 onko sen toteuttamiseksi l\u00f6ydetty keinoja saatikka riitt\u00e4v\u00e4\u00e4 rahoitusta\u201d, Sarkomaa sanoo.<\/p>\n\n\n\n<p>\u201dMielenterveyden h\u00e4iri\u00f6t ovat merkitt\u00e4vin syy syrj\u00e4ytymiseen ty\u00f6markkinoilta. Hallituspuolueet ovat luvanneet toteuttaa perustason mielenterveyspalveluja vahvistavan terapiatakuun, mutta est\u00e4neet eduskunnassa jopa asiaa koskevan kansalaisaloitteen k\u00e4sittelyn. Eduskunnan on saatava k\u00e4sitell\u00e4 kansalaisaloite terapiatakuusta ennen kuluvan kauden p\u00e4\u00e4ttymist\u00e4, jolloin aloite raukeaisi\u201d, Sarkomaa vaatii.<\/p>\n","protected":false},"excerpt":{"rendered":"<p>Kokoomuksen eduskuntaryhm\u00e4n varapuheenjohtaja Sari Sarkomaa pit\u00e4\u00e4 t\u00e4rke\u00e4n\u00e4, ett\u00e4 keskustelu ty\u00f6terveyshuollosta k\u00e4yd\u00e4\u00e4n perusteellisesti ilman ideologisia silm\u00e4laseja. Keskustelu ty\u00f6terveyshuollosta ry\u00f6ps\u00e4hti, kun THL:n johtaja Mika Salminen totesi Ylen dokumenttiohjelmassa ty\u00f6terveydenhuollon olevan \u201dhyvin typer\u00e4 j\u00e4rjestelm\u00e4\u201d. Kansanedustaja Sari Sarkomaan mukaan ty\u00f6terveyshuollon heikent\u00e4minen ei kohentaisi perusterveydenhuoltoa vaan entisest\u00e4\u00e4n kuormittaisi julkista palvelua. Sarkomaa pelk\u00e4\u00e4, ett\u00e4 se voisi pahimmillaan ajaa koko terveydenhuollon kriisiin. <a href=\"https:\/\/www.sarisarkomaa.fi\/?p=11272\" class=\"more-link\">...jatka lukemista<span class=\"screen-reader-text\"> \"Kokoomuksen Sarkomaa: Keskustelu ty\u00f6terveyshuollosta on syyt\u00e4 k\u00e4yd\u00e4 ilman ideologisia silm\u00e4laseja (Tiedote 3.5.2022)\"<\/span><\/a><\/p>\n","protected":false},"author":1,"featured_media":0,"comment_status":"closed","ping_status":"open","sticky":false,"template":"","format":"standard","meta":[],"categories":[4],"tags":[],"_links":{"self":[{"href":"https:\/\/www.sarisarkomaa.fi\/index.php?rest_route=\/wp\/v2\/posts\/11272"}],"collection":[{"href":"https:\/\/www.sarisarkomaa.fi\/index.php?rest_route=\/wp\/v2\/posts"}],"about":[{"href":"https:\/\/www.sarisarkomaa.fi\/index.php?rest_route=\/wp\/v2\/types\/post"}],"author":[{"embeddable":true,"href":"https:\/\/www.sarisarkomaa.fi\/index.php?rest_route=\/wp\/v2\/users\/1"}],"replies":[{"embeddable":true,"href":"https:\/\/www.sarisarkomaa.fi\/index.php?rest_route=%2Fwp%2Fv2%2Fcomments&post=11272"}],"version-history":[{"count":2,"href":"https:\/\/www.sarisarkomaa.fi\/index.php?rest_route=\/wp\/v2\/posts\/11272\/revisions"}],"predecessor-version":[{"id":11277,"href":"https:\/\/www.sarisarkomaa.fi\/index.php?rest_route=\/wp\/v2\/posts\/11272\/revisions\/11277"}],"wp:attachment":[{"href":"https:\/\/www.sarisarkomaa.fi\/index.php?rest_route=%2Fwp%2Fv2%2Fmedia&parent=11272"}],"wp:term":[{"taxonomy":"category","embeddable":true,"href":"https:\/\/www.sarisarkomaa.fi\/index.php?rest_route=%2Fwp%2Fv2%2Fcategories&post=11272"},{"taxonomy":"post_tag","embeddable":true,"href":"https:\/\/www.sarisarkomaa.fi\/index.php?rest_route=%2Fwp%2Fv2%2Ftags&post=11272"}],"curies":[{"name":"wp","href":"https:\/\/api.w.org\/{rel}","templated":true}]}}