{"id":1135,"date":"2011-09-01T13:28:58","date_gmt":"2011-09-01T11:28:58","guid":{"rendered":"http:\/\/www.kaikupuro.fi\/SariSarkomaa\/?p=1135"},"modified":"2011-09-01T13:28:58","modified_gmt":"2011-09-01T11:28:58","slug":"kuukausikirje-31-8-2011","status":"publish","type":"post","link":"https:\/\/www.sarisarkomaa.fi\/?p=1135","title":{"rendered":"Kuukausikirje 31.8.2011"},"content":{"rendered":"<p>Kirjoitan kuukausittain kirjeen ajankohtaisista asioista.<\/p>\n<p>Saat kuukausikirjeen\u00a0t\u00e4ytt\u00e4m\u00e4ll\u00e4 <a href=\"http:\/\/www.kaikupuro.fi\/SariSarkomaa\/?page_id=106\">lomakkeen<\/a> tai\u00a0ottamalla minuun yhteytt\u00e4. Ohessa n\u00e4et viimeisimm\u00e4n kuukausikirjeeni aiheet.<\/p>\n<p><span style=\"text-decoration: underline;\"><strong>Sari\u00a0Sarkomaalta\u00a0eduskuntaterveiset 31<\/strong><strong>.8.2011<\/strong><\/span><\/p>\n<p>Arvoisa vastaanottaja,<\/p>\n<p>Kaunis ja l\u00e4mmin kes\u00e4 on takana. Purjehdimme perheen voimin koko hein\u00e4kuun Tukholman saaristossa ja k\u00e4vimme tietenkin Gotlannissa. Elokuun alkaessa palasin ty\u00f6n \u00e4\u00e4reen. Elokuun ensimm\u00e4isi\u00e4 matkoja oli ulkoasiainvaliokuntamme tapaaminen tasavallan presidentin kanssa aina yht\u00e4 upeassa Kultarannassa.<\/p>\n<p>Elokuussa oli poikkeuksellisen paljon ty\u00f6matkoja ja tapaamisia, koska maratoniksi venyneet hallitusneuvottelut laittoivat aikataulut t\u00e4ysin uusiksi. T\u00e4ll\u00e4 viikolla oli eduskuntaryhm\u00e4mme perinteinen kes\u00e4kokous, jonka ensimm\u00e4inen p\u00e4iv\u00e4 oli Loviisassa ja toinen Espoossa. Vakuuskeskustelut ovat vallinneet mediaa ja siksi oli t\u00e4rke\u00e4\u00e4, ett\u00e4 kokouksessamme k\u00e4vimme puheenjohtaja Kataisen johdolla laajasti l\u00e4pi EU- ja talouspolitiikkaa sek\u00e4 erityisesti syksyn tulevaa agendaa. T\u00e4rkein asia oli tietysti valtion ensi vuoden talousarvio. Kokouksemme t\u00e4m\u00e4n aamun yll\u00e4tyspuhuja Sauli Niinist\u00f6 ei j\u00e4tt\u00e4nyt ket\u00e4\u00e4n kylm\u00e4ksi.<\/p>\n<p>On koko Suomen kannalta upea asia, ett\u00e4 Sauli Niinist\u00f6 suostui presidenttiehdokkaaksi. Saulin tukijoukkoihin voi liitty\u00e4 osoitteessa <a title=\"http:\/\/niinisto.fi\/\" href=\"http:\/\/niinisto.fi\/\">http:\/\/niinisto.fi<\/a>. Kannustetaan yst\u00e4v\u00e4mme, naapurimme ja ty\u00f6toverimme mukaan tekem\u00e4\u00e4n Saulista presidentti!<\/p>\n<p><strong><span style=\"text-decoration: underline;\">T\u00e4ss\u00e4 kirjeess\u00e4ni k\u00e4sittelen seuraavia asioita:<\/span><\/strong><br \/>\n<strong>- Roskaamiseen nollatoleranssi<\/strong><br \/>\n<strong>- Vanhuspalvelulaista pidett\u00e4v\u00e4 kiinni<\/strong><br \/>\n<strong>- Hallitusohjelma koskee my\u00f6s peruspalveluministeri\u00e4<\/strong><br \/>\n<strong>- Poikkea putiikissa - kampanjaviikko 5.9 - 10.9 <a title=\"http:\/\/www.poikkeaputiikissa.fi\/\" href=\"http:\/\/www.poikkeaputiikissa.fi\/\">www.poikkeaputiikissa.fi<\/a> <\/strong><br \/>\n<strong>- Pukeudutaan Punaiseen 9.9. naisten syd\u00e4nterveyden edist\u00e4miseksi! <a title=\"http:\/\/www.punainen.fi\/\" href=\"http:\/\/www.punainen.fi\/\">www.punainen.fi<\/a> <\/strong><\/p>\n<p><strong><span style=\"text-decoration: underline;\">- Tervetuloa tapaamaan lauantaina 3.9 kokoomuksen teltalle!<\/span><\/strong><br \/>\n* Lauttasaari-p\u00e4iv\u00e4ss\u00e4 mukana klo 10.30, Kasinonranta, S\u00e4rkiniementie.<br \/>\n* Haagan torilla markkinoilla mukana klo 11.30<\/p>\n","protected":false},"excerpt":{"rendered":"<p>Kirjoitan kuukausittain kirjeen ajankohtaisista asioista. Saat kuukausikirjeen\u00a0t\u00e4ytt\u00e4m\u00e4ll\u00e4 lomakkeen tai\u00a0ottamalla minuun yhteytt\u00e4. Ohessa n\u00e4et viimeisimm\u00e4n kuukausikirjeeni aiheet. Sari\u00a0Sarkomaalta\u00a0eduskuntaterveiset 31.8.2011 Arvoisa vastaanottaja, Kaunis ja l\u00e4mmin kes\u00e4 on takana. Purjehdimme perheen voimin koko hein\u00e4kuun Tukholman saaristossa ja k\u00e4vimme tietenkin Gotlannissa. Elokuun alkaessa palasin ty\u00f6n \u00e4\u00e4reen. Elokuun ensimm\u00e4isi\u00e4 matkoja oli ulkoasiainvaliokuntamme tapaaminen tasavallan presidentin kanssa aina yht\u00e4 upeassa Kultarannassa. <a href=\"https:\/\/www.sarisarkomaa.fi\/?p=1135\" class=\"more-link\">...jatka lukemista<span class=\"screen-reader-text\"> \"Kuukausikirje 31.8.2011\"<\/span><\/a><\/p>\n","protected":false},"author":1,"featured_media":0,"comment_status":"closed","ping_status":"closed","sticky":false,"template":"","format":"standard","meta":[],"categories":[6],"tags":[],"_links":{"self":[{"href":"https:\/\/www.sarisarkomaa.fi\/index.php?rest_route=\/wp\/v2\/posts\/1135"}],"collection":[{"href":"https:\/\/www.sarisarkomaa.fi\/index.php?rest_route=\/wp\/v2\/posts"}],"about":[{"href":"https:\/\/www.sarisarkomaa.fi\/index.php?rest_route=\/wp\/v2\/types\/post"}],"author":[{"embeddable":true,"href":"https:\/\/www.sarisarkomaa.fi\/index.php?rest_route=\/wp\/v2\/users\/1"}],"replies":[{"embeddable":true,"href":"https:\/\/www.sarisarkomaa.fi\/index.php?rest_route=%2Fwp%2Fv2%2Fcomments&post=1135"}],"version-history":[{"count":2,"href":"https:\/\/www.sarisarkomaa.fi\/index.php?rest_route=\/wp\/v2\/posts\/1135\/revisions"}],"predecessor-version":[{"id":1137,"href":"https:\/\/www.sarisarkomaa.fi\/index.php?rest_route=\/wp\/v2\/posts\/1135\/revisions\/1137"}],"wp:attachment":[{"href":"https:\/\/www.sarisarkomaa.fi\/index.php?rest_route=%2Fwp%2Fv2%2Fmedia&parent=1135"}],"wp:term":[{"taxonomy":"category","embeddable":true,"href":"https:\/\/www.sarisarkomaa.fi\/index.php?rest_route=%2Fwp%2Fv2%2Fcategories&post=1135"},{"taxonomy":"post_tag","embeddable":true,"href":"https:\/\/www.sarisarkomaa.fi\/index.php?rest_route=%2Fwp%2Fv2%2Ftags&post=1135"}],"curies":[{"name":"wp","href":"https:\/\/api.w.org\/{rel}","templated":true}]}}