{"id":11380,"date":"2022-06-02T09:35:09","date_gmt":"2022-06-02T07:35:09","guid":{"rendered":"https:\/\/www.sarisarkomaa.fi\/?p=11380"},"modified":"2022-06-02T09:35:16","modified_gmt":"2022-06-02T07:35:16","slug":"tiedote-2-6-2022-kokoomuksen-sarkomaa-ja-multala-hallituksen-paatokset-kasvattavat-ryhmakokoja-ja-lisaavat-koulutuksellista-eriarvoisuutta","status":"publish","type":"post","link":"https:\/\/www.sarisarkomaa.fi\/?p=11380","title":{"rendered":"Tiedote 2.6.2022: Kokoomuksen Sarkomaa ja Multala: Hallituksen p\u00e4\u00e4t\u00f6kset kasvattavat ryhm\u00e4kokoja ja lis\u00e4\u00e4v\u00e4t koulutuksellista eriarvoisuutta"},"content":{"rendered":"\n<p><strong>Eduskunnan valtiovarainvaliokunnan sivistys- ja tiedejaoston j\u00e4senet Sari Sarkomaa (kok.) ja Sari Multala (kok.) ovat huolissaan hallituksen p\u00e4\u00e4t\u00f6ksist\u00e4 leikata varhaiskasvatuksen ja perusopetuksen tasa-arvorahoitusta. P\u00e4\u00e4t\u00f6ksell\u00e4 on rajut heikent\u00e4v\u00e4t vaikutukset varhaiskasvatuksen ja perusopetuksen laatuun, lasten mahdollisuuteen oppia ja opettajien opettaa. Koulutuksen tasa-arvon vahvistamiseen on jo vuosia panostettu merkitt\u00e4vi\u00e4 summia.<\/strong><\/p>\n\n\n\n<p>\u201dHallituksen p\u00e4\u00e4t\u00f6kset vaarantavat koulutuksen tasa-arvon eteen tehdyn ty\u00f6n juuri, kun sit\u00e4 tarvittaisiin eniten. K\u00e4yt\u00e4nn\u00f6ss\u00e4 t\u00e4m\u00e4 tulee johtamaan opettajien ty\u00f6suhteiden p\u00e4\u00e4ttymiseen ja ryhm\u00e4kokojen kasvamiseen, sek\u00e4 oppimisen tuen heikompaan saatavuuteen\u201d, aloittavat edustajat.<br><br>Nyt n\u00e4m\u00e4 koulutuksen tasa-arvorahat ovat jo niin vakiintuneita, ett\u00e4 niiden vuoden 2023 alusta p\u00e4\u00e4tetty merkitt\u00e4v\u00e4 leikkaaminen on tullut kunnille j\u00e4rkytyksen\u00e4. Varhaiskasvatuksen ja perusopetuksen tasa-arvorahoituksen rahoituksen leikkaus (yli 130 miljoonasta eurosta 15 miljoonaan) vuoden 2023 alusta vastaa OAJ:n arvion mukaan esimerkiksi perusopetuksessa yli 1400 opettajan palkkakustannuksia.<br><br>\u201dNyt jos koskaan pit\u00e4isi investoida pitk\u00e4j\u00e4nteisesti koulujen ty\u00f6rauhaan, eik\u00e4 leikata voimavaroja opetuksesta. Rahoitustason yht\u00e4kkinen leikkaaminen on valtava uhka varhaiskasvatuksen ja perusopetuksen laadulle: kasvattajia ja opettajia on p\u00e4iv\u00e4kodeissa ja kouluissa jatkossa v\u00e4hemm\u00e4n\u201d, edustajat jatkavat.<\/p>\n\n\n\n<p>Kokoomus on esitt\u00e4nyt jokaisessa vaihtoehtobudjetissaan, ett\u00e4 varhaiskasvatuksen sek\u00e4 perusopetuksen laadun ja tasa-arvon vahvistamiseen varatut m\u00e4\u00e4r\u00e4rahat lis\u00e4tt\u00e4isiin valtion budjettiin pysyv\u00e4sti, eik\u00e4 jokavuotisena hankerahana.<br><br>\u201dOn vakava virhe, ett\u00e4 hallitus ei kyennyt priorisoimaan kasvatusta ja koulutusta varhaiskasvatuksen ja perusopetuksen m\u00e4\u00e4r\u00e4aikaisten rahojen vakinaistamiseksi. P\u00e4iv\u00e4kodeissa ja kouluissa tarvitaan ty\u00f6rauhaa eik\u00e4 jatkuvaa hankepy\u00f6rityst\u00e4 ja ep\u00e4varmuutta\u201d, edustajat p\u00e4\u00e4tt\u00e4v\u00e4t.<\/p>\n\n\n\n<p>Lis\u00e4tietoja:<\/p>\n\n\n\n<p>Sari Sarkomaa, 050 511 3033<\/p>\n\n\n\n<p>Sari Multala 040 531 7104<\/p>\n","protected":false},"excerpt":{"rendered":"<p>Eduskunnan valtiovarainvaliokunnan sivistys- ja tiedejaoston j\u00e4senet Sari Sarkomaa (kok.) ja Sari Multala (kok.) ovat huolissaan hallituksen p\u00e4\u00e4t\u00f6ksist\u00e4 leikata varhaiskasvatuksen ja perusopetuksen tasa-arvorahoitusta. P\u00e4\u00e4t\u00f6ksell\u00e4 on rajut heikent\u00e4v\u00e4t vaikutukset varhaiskasvatuksen ja perusopetuksen laatuun, lasten mahdollisuuteen oppia ja opettajien opettaa. Koulutuksen tasa-arvon vahvistamiseen on jo vuosia panostettu merkitt\u00e4vi\u00e4 summia. \u201dHallituksen p\u00e4\u00e4t\u00f6kset vaarantavat koulutuksen tasa-arvon eteen tehdyn ty\u00f6n juuri, <a href=\"https:\/\/www.sarisarkomaa.fi\/?p=11380\" class=\"more-link\">...jatka lukemista<span class=\"screen-reader-text\"> \"Tiedote 2.6.2022: Kokoomuksen Sarkomaa ja Multala: Hallituksen p\u00e4\u00e4t\u00f6kset kasvattavat ryhm\u00e4kokoja ja lis\u00e4\u00e4v\u00e4t koulutuksellista eriarvoisuutta\"<\/span><\/a><\/p>\n","protected":false},"author":1,"featured_media":0,"comment_status":"closed","ping_status":"open","sticky":false,"template":"","format":"standard","meta":[],"categories":[4],"tags":[],"_links":{"self":[{"href":"https:\/\/www.sarisarkomaa.fi\/index.php?rest_route=\/wp\/v2\/posts\/11380"}],"collection":[{"href":"https:\/\/www.sarisarkomaa.fi\/index.php?rest_route=\/wp\/v2\/posts"}],"about":[{"href":"https:\/\/www.sarisarkomaa.fi\/index.php?rest_route=\/wp\/v2\/types\/post"}],"author":[{"embeddable":true,"href":"https:\/\/www.sarisarkomaa.fi\/index.php?rest_route=\/wp\/v2\/users\/1"}],"replies":[{"embeddable":true,"href":"https:\/\/www.sarisarkomaa.fi\/index.php?rest_route=%2Fwp%2Fv2%2Fcomments&post=11380"}],"version-history":[{"count":1,"href":"https:\/\/www.sarisarkomaa.fi\/index.php?rest_route=\/wp\/v2\/posts\/11380\/revisions"}],"predecessor-version":[{"id":11381,"href":"https:\/\/www.sarisarkomaa.fi\/index.php?rest_route=\/wp\/v2\/posts\/11380\/revisions\/11381"}],"wp:attachment":[{"href":"https:\/\/www.sarisarkomaa.fi\/index.php?rest_route=%2Fwp%2Fv2%2Fmedia&parent=11380"}],"wp:term":[{"taxonomy":"category","embeddable":true,"href":"https:\/\/www.sarisarkomaa.fi\/index.php?rest_route=%2Fwp%2Fv2%2Fcategories&post=11380"},{"taxonomy":"post_tag","embeddable":true,"href":"https:\/\/www.sarisarkomaa.fi\/index.php?rest_route=%2Fwp%2Fv2%2Ftags&post=11380"}],"curies":[{"name":"wp","href":"https:\/\/api.w.org\/{rel}","templated":true}]}}