{"id":11391,"date":"2022-06-03T14:16:40","date_gmt":"2022-06-03T12:16:40","guid":{"rendered":"https:\/\/www.sarisarkomaa.fi\/?p=11391"},"modified":"2022-06-03T14:16:46","modified_gmt":"2022-06-03T12:16:46","slug":"toukokuun-eduskuntaterveiset","status":"publish","type":"post","link":"https:\/\/www.sarisarkomaa.fi\/?p=11391","title":{"rendered":"Toukokuun eduskuntaterveiset"},"content":{"rendered":"\n<figure class=\"wp-block-image size-large\"><a href=\"http:\/\/www.sarisarkomaa.fi\/wp-content\/uploads\/EK-terveisten-kansikuva.png\"><img loading=\"lazy\" width=\"1024\" height=\"683\" src=\"http:\/\/www.sarisarkomaa.fi\/wp-content\/uploads\/EK-terveisten-kansikuva-1024x683.png\" alt=\"\" class=\"wp-image-11266\" srcset=\"https:\/\/www.sarisarkomaa.fi\/wp-content\/uploads\/EK-terveisten-kansikuva-1024x683.png 1024w, https:\/\/www.sarisarkomaa.fi\/wp-content\/uploads\/EK-terveisten-kansikuva-300x200.png 300w, https:\/\/www.sarisarkomaa.fi\/wp-content\/uploads\/EK-terveisten-kansikuva-768x512.png 768w, https:\/\/www.sarisarkomaa.fi\/wp-content\/uploads\/EK-terveisten-kansikuva-640x427.png 640w, https:\/\/www.sarisarkomaa.fi\/wp-content\/uploads\/EK-terveisten-kansikuva-960x640.png 960w, https:\/\/www.sarisarkomaa.fi\/wp-content\/uploads\/EK-terveisten-kansikuva.png 1200w\" sizes=\"(max-width: 1024px) 100vw, 1024px\" \/><\/a><\/figure>\n\n\n\n<p>Arvoisa vastaanottaja,<br><br>Tiistaina 17.5.2022 koitti vapaan is\u00e4nmaamme kannalta historiallisen merkitt\u00e4v\u00e4 p\u00e4iv\u00e4, kun 188 Suomen kansanedustajista \u00e4\u00e4nesti Suomen Nato-j\u00e4senhakemuksen puolesta. Tunnen\u00a0huojennusta, vaikka iso ty\u00f6 on viel\u00e4 edess\u00e4.<br><br>Iso kiitos kuuluu Suomen kansalle, joka antoi nopeasti vahvan tukensa Nato-j\u00e4senyyden hakemiselle. Se on ollut merkitt\u00e4v\u00e4 tuki hyv\u00e4\u00e4 ty\u00f6t\u00e4 tekev\u00e4lle valtion johdolle ja my\u00f6s ty\u00f6llemme eduskunnassa. Kokoomukselle j\u00e4senyyden tavoittelu on pitk\u00e4aikaisen harkinnan ja ty\u00f6n tulos.\u00a0<br><br>Olemme huolehtineet puolustuskyvyst\u00e4mme. Korkea maanpuolustustahto ja asevelvollisuus on puolustusratkaisumme perusta jatkossakin. Samoin Ven\u00e4j\u00e4-suhteen hallinta on keskeinen kysymys jatkossakin. Presidentti Niinist\u00f6n puhelu Natoon hakeutumisestamme presidentti Putinille oli jo uuden ajan alku. Suomettumisen h\u00e4nt\u00e4 taitettiin. Suomen Nato-j\u00e4senyys on puhtaan puolustuksellinen ratkaisu, eik\u00e4 se ole suunnattu ket\u00e4\u00e4n vastaan.<br><br>Eduskunnan t\u00e4rkein teht\u00e4v\u00e4 on nyt yhdess\u00e4 jatkaa ty\u00f6t\u00e4 sen eteen, ett\u00e4 mahdollisimman ripe\u00e4sti saamme Suomen Naton j\u00e4seneksi.<\/p>\n\n\n\n<h1>Toukokuun terveisiss\u00e4:<\/h1>\n\n\n\n<ul><li>Facebook-live<\/li><li>Eduskuntavaalit 2.4.2023<\/li><li>Lasten piikkiin el\u00e4mist\u00e4 ei voi jatkaa m\u00e4\u00e4r\u00e4tt\u00f6m\u00e4sti<\/li><li>Katujen ripe\u00e4 kev\u00e4tsiivous on terveysteko<\/li><li>Kokoomus ei hyv\u00e4ksy hallituksen p\u00e4\u00e4t\u00f6ksi\u00e4 leikata perusopetuksesta ja varhaiskasvatuksesta<\/li><li>Ihmisten p\u00e4\u00e4st\u00e4v\u00e4 jonoista hoitoon<\/li><li>Alkoholipolitiikassa aika ottaa askel eteenp\u00e4in<\/li><li>Senioreiden terveytt\u00e4 edist\u00e4vi\u00e4 palveluja ei saa j\u00e4tt\u00e4\u00e4 aluehallinnon jyr\u00e4n alle<\/li><li>Eduskunnan teht\u00e4v\u00e4 p\u00e4\u00e4t\u00f6s terapiatakuusta, kun hallitus petti lupauksensa<\/li><li>Saattohoidon laatu on turvattava lains\u00e4\u00e4d\u00e4nn\u00f6ll\u00e4<\/li><li>Nelj\u00e4nsi\u00e4 rokoteannoksia jaettava ripe\u00e4sti riskiryhmille ja yli 60 vuotiaille<\/li><li>Tervetuloa mukaan Nykynaisiin<\/li><\/ul>\n\n\n\n<figure class=\"wp-block-image size-full\"><a href=\"https:\/\/www.sarisarkomaa.fi\/wp-content\/uploads\/nimeton-4.png\"><img loading=\"lazy\" width=\"1007\" height=\"425\" src=\"https:\/\/www.sarisarkomaa.fi\/wp-content\/uploads\/nimeton-4.png\" alt=\"\" class=\"wp-image-11397\" srcset=\"https:\/\/www.sarisarkomaa.fi\/wp-content\/uploads\/nimeton-4.png 1007w, https:\/\/www.sarisarkomaa.fi\/wp-content\/uploads\/nimeton-4-300x127.png 300w, https:\/\/www.sarisarkomaa.fi\/wp-content\/uploads\/nimeton-4-768x324.png 768w, https:\/\/www.sarisarkomaa.fi\/wp-content\/uploads\/nimeton-4-640x270.png 640w, https:\/\/www.sarisarkomaa.fi\/wp-content\/uploads\/nimeton-4-960x405.png 960w\" sizes=\"(max-width: 1007px) 100vw, 1007px\" \/><\/a><\/figure>\n\n\n\n<figure class=\"wp-block-image size-full\"><a href=\"https:\/\/www.sarisarkomaa.fi\/wp-content\/uploads\/nimeton-3.png\"><img loading=\"lazy\" width=\"1003\" height=\"639\" src=\"https:\/\/www.sarisarkomaa.fi\/wp-content\/uploads\/nimeton-3.png\" alt=\"\" class=\"wp-image-11396\" srcset=\"https:\/\/www.sarisarkomaa.fi\/wp-content\/uploads\/nimeton-3.png 1003w, https:\/\/www.sarisarkomaa.fi\/wp-content\/uploads\/nimeton-3-300x191.png 300w, https:\/\/www.sarisarkomaa.fi\/wp-content\/uploads\/nimeton-3-768x489.png 768w, https:\/\/www.sarisarkomaa.fi\/wp-content\/uploads\/nimeton-3-640x408.png 640w, https:\/\/www.sarisarkomaa.fi\/wp-content\/uploads\/nimeton-3-960x612.png 960w\" sizes=\"(max-width: 1003px) 100vw, 1003px\" \/><\/a><\/figure>\n\n\n\n<figure class=\"wp-block-image size-full\"><a href=\"https:\/\/www.sarisarkomaa.fi\/wp-content\/uploads\/velka.jpg\"><img loading=\"lazy\" width=\"800\" height=\"800\" src=\"https:\/\/www.sarisarkomaa.fi\/wp-content\/uploads\/velka.jpg\" alt=\"\" class=\"wp-image-11395\" srcset=\"https:\/\/www.sarisarkomaa.fi\/wp-content\/uploads\/velka.jpg 800w, https:\/\/www.sarisarkomaa.fi\/wp-content\/uploads\/velka-300x300.jpg 300w, https:\/\/www.sarisarkomaa.fi\/wp-content\/uploads\/velka-150x150.jpg 150w, https:\/\/www.sarisarkomaa.fi\/wp-content\/uploads\/velka-768x768.jpg 768w, https:\/\/www.sarisarkomaa.fi\/wp-content\/uploads\/velka-640x640.jpg 640w\" sizes=\"(max-width: 800px) 100vw, 800px\" \/><\/a><\/figure>\n\n\n\n<h1>Lasten piikkiin el\u00e4mist\u00e4 ei voi jatkaa m\u00e4\u00e4r\u00e4tt\u00f6m\u00e4sti<\/h1>\n\n\n\n<p>Panostukset koronakriisin hoitamiseen ja puolustukseen ovat elint\u00e4rkeit\u00e4. Niihin otetun 28 miljardin euron velan lis\u00e4ksi nykyinen hallitus on muissa tarkoituksissa ottanut velkaa reilut 11 miljardia. Valtiovarainvaliokunnassa k\u00e4sittelemme hallituksen linjausta valtion taloudesta tuleville nelj\u00e4lle vuodelle. Tilanne on vakava. Valtio velkaa ja rahaa lis\u00e4t\u00e4\u00e4n runsaalla k\u00e4dell\u00e4 mutta silti ihmisten arjessa useat olennaiset asiat ovat ilman rahoitusta. Hallituksen arvovalinnat ovat olleet monin tavoin rujoja.<br><br>On vakava virhe, ettei nykyhallituksella ole selke\u00e4\u00e4 suunnitelmaa velkaantumisen taittamiseksi. Hallituksen toimin velkaantumiskehitys ei taitu edes vuoteen 2026 menness\u00e4. N\u00e4in ei voi jatkua \u2013 velkaantuminen on pys\u00e4ytett\u00e4v\u00e4! Kokoomus on tehnyt vastuullisen vaihtoehdon hallituksen politiikalle:&nbsp;<a href=\"https:\/\/www.kokoomus.fi\/kestavan-tulevaisuuden-vaihtoehto\/\" target=\"_blank\" rel=\"noreferrer noopener\">https:\/\/www.kokoomus.fi\/kestavan-tulevaisuuden-vaihtoehto\/<\/a><\/p>\n\n\n\n<h1>Katujen ripe\u00e4 kev\u00e4tsiivous on terveysteko<\/h1>\n\n\n\n<p>T\u00e4n\u00e4 vuonna varma kev\u00e4\u00e4n merkki, katujen siivous, saatiin aloitettua s\u00e4iden vuoksi my\u00f6h\u00e4ss\u00e4. Katup\u00f6ly on pitk\u00e4\u00e4n ollut yksi pahimmista Helsingin ilmansuojeluongelmista.&nbsp;Ilmassa leijuva p\u00f6ly ei ole vain viihtyvyysongelma vaan my\u00f6s vakavasti otettava riski kaupunkilaisten terveydelle. Kantakaupungissa asuville ripe\u00e4 ja tehokas lumi- ja hiekoitusty\u00f6 sek\u00e4 kev\u00e4tsiivous on aivan olennaisen t\u00e4rke\u00e4\u00e4.&nbsp;<br><br>Voit lukea aiheesta T\u00f6\u00f6l\u00f6l\u00e4iseen kirjoittamani artikkelin t\u00e4\u00e4lt\u00e4:&nbsp;<a href=\"https:\/\/www.sarisarkomaa.fi\/?p=11299\" target=\"_blank\" rel=\"noreferrer noopener\">https:\/\/www.sarisarkomaa.fi\/?p=11299<\/a><\/p>\n\n\n\n<h1>Kokoomus ei hyv\u00e4ksy hallituksen p\u00e4\u00e4t\u00f6ksi\u00e4 leikata perusopetuksesta ja varhaiskasvatuksesta<\/h1>\n\n\n\n<p>Nyt jos koskaan pit\u00e4isi investoida pitk\u00e4j\u00e4nteisesti koulujen ty\u00f6rauhaan, eik\u00e4 leikata voimavaroja opetuksesta.<br><br>Rahoitustason yht\u00e4kkinen leikkaaminen on valtava uhka varhaiskasvatuksen ja perusopetuksen laadulle. Olemme kokoomuksessa esitt\u00e4nyt jokaisessa vaihtoehtobudjetissamme, ett\u00e4 varhaiskasvatuksen sek\u00e4 perusopetuksen laadun ja tasa-arvon vahvistamiseen varatut m\u00e4\u00e4r\u00e4rahoista teht\u00e4isiin pysyvi\u00e4.<br><br>Voit lukea kannanottomme t\u00e4\u00e4lt\u00e4:&nbsp;<a href=\"https:\/\/www.sarisarkomaa.fi\/?p=11380\" target=\"_blank\" rel=\"noreferrer noopener\">https:\/\/www.sarisarkomaa.fi\/?p=11380<\/a><\/p>\n\n\n\n<h1>Ihmisten p\u00e4\u00e4st\u00e4v\u00e4 jonoista hoitoon<\/h1>\n\n\n\n<p>Ylioppilaiden terveydenhoitos\u00e4\u00e4ti\u00f6n hoitojonot ovat kasvaneet. Opiskelijoiden mielenterveyspalveluiden kysynt\u00e4 l\u00e4hes kolminkertaistui vuoden 2021 aikana.&nbsp;Helsingin Sanomat uutisoi perjantaina 29.4., ett\u00e4 opiskelijoilla voi kest\u00e4\u00e4 kuukausia saada Ylioppilaiden terveydenhoitos\u00e4\u00e4ti\u00f6\u00f6n l\u00e4\u00e4k\u00e4riaika.&nbsp;Tein kirjallisen kysymyksen t\u00e4st\u00e4 kest\u00e4m\u00e4tt\u00f6m\u00e4st\u00e4 tilanteesta. Opiskelijoiden hoitoon p\u00e4\u00e4sy on turvattava.<br><br>Voit lukea kirjallisen kysymyksen t\u00e4\u00e4lt\u00e4:&nbsp;<a href=\"https:\/\/www.sarisarkomaa.fi\/?p=11291\" target=\"_blank\" rel=\"noreferrer noopener\">https:\/\/www.sarisarkomaa.fi\/?p=11291<\/a><\/p>\n\n\n\n<h1>Alkoholipolitiikassa aika ottaa askel eteenp\u00e4in<\/h1>\n\n\n\n<p>Nyt viisi vuotta alkoholilain uudistamisen j\u00e4lkeen voi sanoa, ettei uudistuksessa esille nostetut varoitukset valtavasta alkoholikulutuksesta ole toteutuneet. Alkoholin kulutuksen laskeva ura on jatkunut, samoin v\u00e4kevien juomien kulutuksen v\u00e4heneminen.&nbsp;<br><br>Luontevaksi&nbsp;tavoitteeksi&nbsp;on hyv\u00e4 asettaa mietojen viinien tuonti ruokakauppojen valikoimaan. Samaan tahtiin on ravintoloiden ja pienpanimoiden ulosmyynti vihdoin vapautettava muiden kuin v\u00e4kevien juomien osalta. Ulosmyyntioikeus on ulotettava koskemaan my\u00f6s verkkokauppaa ja mahdollistettava kotiinkuljetukset. Kyse on paitsi luottamuksesta ihmisten omaan harkintaan my\u00f6s valinnan mahdollisuuksien lis\u00e4\u00e4misest\u00e4.&nbsp;<br><br>Voit lukea t\u00e4\u00e4lt\u00e4 lis\u00e4\u00e4:&nbsp;<a href=\"https:\/\/www.sarisarkomaa.fi\/?p=11364\" target=\"_blank\" rel=\"noreferrer noopener\">https:\/\/www.sarisarkomaa.fi\/?p=11364<\/a><\/p>\n\n\n\n<h1>Senioreiden terveytt\u00e4 edist\u00e4vi\u00e4 palveluja ei saa j\u00e4tt\u00e4\u00e4 aluehallinnon jyr\u00e4n alle<\/h1>\n\n\n\n<p>On elint\u00e4rke\u00e4\u00e4 est\u00e4\u00e4 ik\u00e4ihmisten ennaltaehk\u00e4isevien palveluiden rapautuminen. Erityinen huoli ik\u00e4\u00e4ntyneiden ennaltaehk\u00e4isevist\u00e4 ja terveytt\u00e4 edist\u00e4vist\u00e4 palveluista nousi esiin tuoreessa sosiaali- ja terveyspolitiikkaa sek\u00e4 palveluiden ajankohtaista tilaa tarkastelevassa Sosiaalibarometrissa.<br><br>Voit lukea ajatuksiani aiheesta t\u00e4\u00e4lt\u00e4:&nbsp;<a href=\"https:\/\/bit.ly\/3M4fv4Q\" target=\"_blank\" rel=\"noreferrer noopener\">https:\/\/bit.ly\/3M4fv4Q<\/a><\/p>\n\n\n\n<h1>Eduskunnan teht\u00e4v\u00e4 p\u00e4\u00e4t\u00f6s terapiatakuusta, kun hallitus petti lupauksensa<\/h1>\n\n\n\n<p>Toukokuussa esitellyst\u00e4 hoitotakuuesityksest\u00e4 puuttui t\u00e4ysin konkreettiset keinot hoitoon p\u00e4\u00e4syn parantamiseksi. Hoitotakuuesityksest\u00e4 puuttui my\u00f6s Terapiatakuu-kansalaisaloitteen esitys, vaikka nykyiset hallituspuolueet lupasivat tukensa aloitteelle jo ennen eduskuntavaaleja 2019. T\u00e4ll\u00e4 hetkell\u00e4 n\u00e4ytt\u00e4\u00e4 huolestuttavasti silt\u00e4, ett\u00e4 varsinainen \u201dsote\u201d eli ihmisten palveluiden kuntoon laittaminen siirtyy sittenkin seuraavalle eduskuntakaudelle ja hallitukselle.<br><br>Lue lis\u00e4\u00e4 t\u00e4\u00e4lt\u00e4:<br><a href=\"https:\/\/www.sarisarkomaa.fi\/?p=11374\">https:\/\/www.sarisarkomaa.fi\/?p=11374<\/a><br><br><a href=\"https:\/\/www.sarisarkomaa.fi\/?p=11322\">https:\/\/www.sarisarkomaa.fi\/?p=11322<\/a><\/p>\n\n\n\n<h1>Saattohoidon laatu on turvattava lains\u00e4\u00e4d\u00e4nn\u00f6ll\u00e4<\/h1>\n\n\n\n<p>Kenenk\u00e4\u00e4n ei pit\u00e4isi joutua kuolemaan peloissaan eik\u00e4 kivuissaan tai yksin. Laadukkaalla saattohoidolla ja palliatiivisella hoidolla on mahdollista hoitaa ihmist\u00e4 niin, ett\u00e4 arvokas kuolema olisi mahdollinen ja j\u00e4ljell\u00e4 oleva el\u00e4m\u00e4 mahdollisimman hyv\u00e4\u00e4. My\u00f6s omaisten valmistautuminen l\u00e4hestyv\u00e4\u00e4n kuolemaan on t\u00e4rke\u00e4 osa saattohoitoa. Kiritt\u00e4\u00e4kseni hallitusta tuomaan lakiesityksen eduskuntaan, olen tehnyt lakialoitteen terveydenhuoltolain muutoksista pohjautuen asiantuntijoiden esitykseen.<br><br>Kirjoitin saattohoidon merkityksest\u00e4 Kirkko ja kaupunki -lehteen:&nbsp;<a href=\"https:\/\/www.sarisarkomaa.fi\/?p=11326\">https:\/\/www.sarisarkomaa.fi\/?p=11326<\/a><br>sek\u00e4 KaupunkiSanomiin:&nbsp;<a href=\"https:\/\/www.sarisarkomaa.fi\/?p=11341\" target=\"_blank\" rel=\"noreferrer noopener\">https:\/\/www.sarisarkomaa.fi\/?p=11341<\/a><\/p>\n\n\n\n<h1>Nelj\u00e4nsi\u00e4 rokoteannoksia jaettava ripe\u00e4sti riskiryhmille ja yli 60 vuotiaille<\/h1>\n\n\n\n<p>Monet ovat huolissaan koronarokotteiden tehon hiipumisesta. Aikaisemmista vuosista tiedet\u00e4\u00e4n, ett\u00e4 koronatapaukset ovat l\u00e4hteneet kes\u00e4n j\u00e4lkeen jyrkk\u00e4\u00e4n nousuun. Ihmisten el\u00e4m\u00e4n laadun ja toimintakyvyn kannalta on olennaista, ettei huoli rokotteen tehon hiipumisesta johda siihen, ettei liikkeelle omasta kodista uskalleta l\u00e4hte\u00e4. Hallituksen koronarokotelinja on ylikire\u00e4.&nbsp;<br><br>Lue koko kannanottomme t\u00e4\u00e4lt\u00e4:&nbsp;<a href=\"https:\/\/www.sarisarkomaa.fi\/?p=11369\" target=\"_blank\" rel=\"noreferrer noopener\">https:\/\/www.sarisarkomaa.fi\/?p=11369<\/a><\/p>\n\n\n\n<figure class=\"wp-block-image size-full\"><a href=\"https:\/\/www.sarisarkomaa.fi\/wp-content\/uploads\/nimeton-2.png\"><img loading=\"lazy\" width=\"837\" height=\"499\" src=\"https:\/\/www.sarisarkomaa.fi\/wp-content\/uploads\/nimeton-2.png\" alt=\"\" class=\"wp-image-11394\" srcset=\"https:\/\/www.sarisarkomaa.fi\/wp-content\/uploads\/nimeton-2.png 837w, https:\/\/www.sarisarkomaa.fi\/wp-content\/uploads\/nimeton-2-300x179.png 300w, https:\/\/www.sarisarkomaa.fi\/wp-content\/uploads\/nimeton-2-768x458.png 768w, https:\/\/www.sarisarkomaa.fi\/wp-content\/uploads\/nimeton-2-640x382.png 640w\" sizes=\"(max-width: 837px) 100vw, 837px\" \/><\/a><\/figure>\n\n\n\n<figure class=\"wp-block-image size-large\"><a href=\"https:\/\/www.sarisarkomaa.fi\/wp-content\/uploads\/marimekko.jpg\"><img loading=\"lazy\" width=\"768\" height=\"1024\" src=\"https:\/\/www.sarisarkomaa.fi\/wp-content\/uploads\/marimekko-768x1024.jpg\" alt=\"\" class=\"wp-image-11393\" srcset=\"https:\/\/www.sarisarkomaa.fi\/wp-content\/uploads\/marimekko-768x1024.jpg 768w, https:\/\/www.sarisarkomaa.fi\/wp-content\/uploads\/marimekko-225x300.jpg 225w, https:\/\/www.sarisarkomaa.fi\/wp-content\/uploads\/marimekko-1152x1536.jpg 1152w, https:\/\/www.sarisarkomaa.fi\/wp-content\/uploads\/marimekko-640x853.jpg 640w, https:\/\/www.sarisarkomaa.fi\/wp-content\/uploads\/marimekko-960x1280.jpg 960w, https:\/\/www.sarisarkomaa.fi\/wp-content\/uploads\/marimekko.jpg 1536w\" sizes=\"(max-width: 768px) 100vw, 768px\" \/><\/a><\/figure>\n\n\n\n<p><strong>Nykynaiset verkostomme katsastamassa kev\u00e4\u00e4n muotia Marimekossa<\/strong><\/p>\n\n\n\n<figure class=\"wp-block-image size-full\"><a href=\"https:\/\/www.sarisarkomaa.fi\/wp-content\/uploads\/sydam.jpg\"><img loading=\"lazy\" width=\"828\" height=\"599\" src=\"https:\/\/www.sarisarkomaa.fi\/wp-content\/uploads\/sydam.jpg\" alt=\"\" class=\"wp-image-11392\" srcset=\"https:\/\/www.sarisarkomaa.fi\/wp-content\/uploads\/sydam.jpg 828w, https:\/\/www.sarisarkomaa.fi\/wp-content\/uploads\/sydam-300x217.jpg 300w, https:\/\/www.sarisarkomaa.fi\/wp-content\/uploads\/sydam-768x556.jpg 768w, https:\/\/www.sarisarkomaa.fi\/wp-content\/uploads\/sydam-640x463.jpg 640w\" sizes=\"(max-width: 828px) 100vw, 828px\" \/><\/a><\/figure>\n\n\n\n<p><strong>Syd\u00e4ntiimimme mukana Naisten Kympill\u00e4 syd\u00e4nterveyden puolesta<\/strong><\/p>\n","protected":false},"excerpt":{"rendered":"<p>Arvoisa vastaanottaja, Tiistaina 17.5.2022 koitti vapaan is\u00e4nmaamme kannalta historiallisen merkitt\u00e4v\u00e4 p\u00e4iv\u00e4, kun 188 Suomen kansanedustajista \u00e4\u00e4nesti Suomen Nato-j\u00e4senhakemuksen puolesta. Tunnen\u00a0huojennusta, vaikka iso ty\u00f6 on viel\u00e4 edess\u00e4. Iso kiitos kuuluu Suomen kansalle, joka antoi nopeasti vahvan tukensa Nato-j\u00e4senyyden hakemiselle. Se on ollut merkitt\u00e4v\u00e4 tuki hyv\u00e4\u00e4 ty\u00f6t\u00e4 tekev\u00e4lle valtion johdolle ja my\u00f6s ty\u00f6llemme eduskunnassa. Kokoomukselle j\u00e4senyyden tavoittelu <a href=\"https:\/\/www.sarisarkomaa.fi\/?p=11391\" class=\"more-link\">...jatka lukemista<span class=\"screen-reader-text\"> \"Toukokuun eduskuntaterveiset\"<\/span><\/a><\/p>\n","protected":false},"author":1,"featured_media":0,"comment_status":"closed","ping_status":"open","sticky":false,"template":"","format":"standard","meta":[],"categories":[6],"tags":[],"_links":{"self":[{"href":"https:\/\/www.sarisarkomaa.fi\/index.php?rest_route=\/wp\/v2\/posts\/11391"}],"collection":[{"href":"https:\/\/www.sarisarkomaa.fi\/index.php?rest_route=\/wp\/v2\/posts"}],"about":[{"href":"https:\/\/www.sarisarkomaa.fi\/index.php?rest_route=\/wp\/v2\/types\/post"}],"author":[{"embeddable":true,"href":"https:\/\/www.sarisarkomaa.fi\/index.php?rest_route=\/wp\/v2\/users\/1"}],"replies":[{"embeddable":true,"href":"https:\/\/www.sarisarkomaa.fi\/index.php?rest_route=%2Fwp%2Fv2%2Fcomments&post=11391"}],"version-history":[{"count":1,"href":"https:\/\/www.sarisarkomaa.fi\/index.php?rest_route=\/wp\/v2\/posts\/11391\/revisions"}],"predecessor-version":[{"id":11398,"href":"https:\/\/www.sarisarkomaa.fi\/index.php?rest_route=\/wp\/v2\/posts\/11391\/revisions\/11398"}],"wp:attachment":[{"href":"https:\/\/www.sarisarkomaa.fi\/index.php?rest_route=%2Fwp%2Fv2%2Fmedia&parent=11391"}],"wp:term":[{"taxonomy":"category","embeddable":true,"href":"https:\/\/www.sarisarkomaa.fi\/index.php?rest_route=%2Fwp%2Fv2%2Fcategories&post=11391"},{"taxonomy":"post_tag","embeddable":true,"href":"https:\/\/www.sarisarkomaa.fi\/index.php?rest_route=%2Fwp%2Fv2%2Ftags&post=11391"}],"curies":[{"name":"wp","href":"https:\/\/api.w.org\/{rel}","templated":true}]}}