{"id":11490,"date":"2022-08-05T08:03:20","date_gmt":"2022-08-05T06:03:20","guid":{"rendered":"https:\/\/www.sarisarkomaa.fi\/?p=11490"},"modified":"2022-08-05T08:07:47","modified_gmt":"2022-08-05T06:07:47","slug":"kokoomuksen-sarkomaa-miksei-hallitus-etsi-ratkaisuja-hoitoalan-tyovoimapulaan","status":"publish","type":"post","link":"https:\/\/www.sarisarkomaa.fi\/?p=11490","title":{"rendered":"Kokoomuksen Sarkomaa: Miksei hallitus etsi ratkaisuja hoitoalan ty\u00f6voimapulaan?"},"content":{"rendered":"\n<p><strong>Kokoomuksen eduskuntaryhm\u00e4n varapuheenjohtaja Sari Sarkomaa h\u00e4mm\u00e4stelee, miksei hallitus ole valmistellut keinoja hoitoalan ty\u00f6voimapulaan. Sarkomaa aikoo j\u00e4tt\u00e4\u00e4 asiasta kirjallisen kysymyksen hallituksen vastattavaksi.<\/strong><\/p>\n\n\n\n<p>Perhevapaalle j\u00e4\u00e4nyt perhe- ja peruspalveluministeri\u00a0<strong>Krista Kiuru<\/strong>\u00a0(sd.) perusti viime syksyn\u00e4 ty\u00f6ryhm\u00e4n ratkomaan hoitajapulaa hallituksen budjettiriihess\u00e4 tekem\u00e4n p\u00e4\u00e4t\u00f6ksen mukaisesti. Valtiovarainministeri\u00a0<strong>Annika Saarikko<\/strong>\u00a0(kesk.) ei osannut vastata, miksei ty\u00f6ryhm\u00e4 ole esitt\u00e4nyt ainuttakaan toimenpidett\u00e4, kun asiaa kysyttiin valtiovarainministeri\u00f6n budjettiesityksen tiedotustilaisuudessa torstaina.<\/p>\n\n\n\n<p>\u201dPerhe- ja peruspalveluministeri Krista Kiurun johdolla vuosi sitten k\u00e4ynnistetty ty\u00f6 hoitajapulan ratkaisemiseksi on lev\u00e4ll\u00e4\u00e4n kuin jokisen ev\u00e4\u00e4t. Hallituksen tekem\u00e4tt\u00f6myys asiassa on johtamassa sosiaali- ja terveyspalveluita kaaokseen\u201d, Sarkomaa sanoo.<\/p>\n\n\n\n<p>Sarkomaa kiinnitti Saarikon tiedotustilaisuudessa huomion siihen, miten valtiovarainministeri moitti ministerikollegoitaan sosiaali- ja terveysministeri\u00f6ss\u00e4. Sarkomaan mielest\u00e4 moittimiseen on kaikki syyt, kun ty\u00f6ryhm\u00e4 ei ole vuoteen saanut tuloksia aikaiseksi. Sarkomaa ihmettelee, eik\u00f6 hallitus k\u00e4y kesken\u00e4\u00e4n keskustelua n\u00e4in t\u00e4rkeist\u00e4 asioista.<\/p>\n\n\n\n<p>\u201dKuka hallituksessa kantaa asiasta vastuun? Perhe- ja peruspalveluministeri Aki Lind\u00e9n (sd.)? Sosiaali- ja terveysministeri Hanna Sarkkinen (vas.)? P\u00e4\u00e4ministeri Sanna Marin (sd.)? En ole saanut kysymyksiini vastauksia eduskunnan kyselytunneilla, joten j\u00e4t\u00e4n asiasta kirjallisen kysymyksen hallituksen vastattavaksi. Eduskunnan on saatava tiet\u00e4\u00e4, miksi hoitajapulan ratkaiseminen ei ole edennyt vuodessa k\u00e4yt\u00e4nn\u00f6ss\u00e4 mihink\u00e4\u00e4n\u201d, Sarkomaa sanoo.<\/p>\n\n\n\n<p>Sarkomaa vaatii hoitoalan ty\u00f6voimapulan ratkaisemiseksi nopeaa valmistelua ja toimeenpanoa, jotta ongelmia ei lyk\u00e4t\u00e4 seuraavan hallituksen ratkottavaksi.<\/p>\n\n\n\n<p>Lis\u00e4tietoja:<\/p>\n\n\n\n<p>Sari Sarkomaa, eduskuntaryhm\u00e4n varapuheenjohtaja<\/p>\n\n\n\n<p>050 511 3033<\/p>\n","protected":false},"excerpt":{"rendered":"<p>Kokoomuksen eduskuntaryhm\u00e4n varapuheenjohtaja Sari Sarkomaa h\u00e4mm\u00e4stelee, miksei hallitus ole valmistellut keinoja hoitoalan ty\u00f6voimapulaan. Sarkomaa aikoo j\u00e4tt\u00e4\u00e4 asiasta kirjallisen kysymyksen hallituksen vastattavaksi. Perhevapaalle j\u00e4\u00e4nyt perhe- ja peruspalveluministeri\u00a0Krista Kiuru\u00a0(sd.) perusti viime syksyn\u00e4 ty\u00f6ryhm\u00e4n ratkomaan hoitajapulaa hallituksen budjettiriihess\u00e4 tekem\u00e4n p\u00e4\u00e4t\u00f6ksen mukaisesti. Valtiovarainministeri\u00a0Annika Saarikko\u00a0(kesk.) ei osannut vastata, miksei ty\u00f6ryhm\u00e4 ole esitt\u00e4nyt ainuttakaan toimenpidett\u00e4, kun asiaa kysyttiin valtiovarainministeri\u00f6n budjettiesityksen tiedotustilaisuudessa <a href=\"https:\/\/www.sarisarkomaa.fi\/?p=11490\" class=\"more-link\">...jatka lukemista<span class=\"screen-reader-text\"> \"Kokoomuksen Sarkomaa: Miksei hallitus etsi ratkaisuja hoitoalan ty\u00f6voimapulaan?\"<\/span><\/a><\/p>\n","protected":false},"author":1,"featured_media":0,"comment_status":"closed","ping_status":"open","sticky":false,"template":"","format":"standard","meta":[],"categories":[18,4],"tags":[],"_links":{"self":[{"href":"https:\/\/www.sarisarkomaa.fi\/index.php?rest_route=\/wp\/v2\/posts\/11490"}],"collection":[{"href":"https:\/\/www.sarisarkomaa.fi\/index.php?rest_route=\/wp\/v2\/posts"}],"about":[{"href":"https:\/\/www.sarisarkomaa.fi\/index.php?rest_route=\/wp\/v2\/types\/post"}],"author":[{"embeddable":true,"href":"https:\/\/www.sarisarkomaa.fi\/index.php?rest_route=\/wp\/v2\/users\/1"}],"replies":[{"embeddable":true,"href":"https:\/\/www.sarisarkomaa.fi\/index.php?rest_route=%2Fwp%2Fv2%2Fcomments&post=11490"}],"version-history":[{"count":2,"href":"https:\/\/www.sarisarkomaa.fi\/index.php?rest_route=\/wp\/v2\/posts\/11490\/revisions"}],"predecessor-version":[{"id":11494,"href":"https:\/\/www.sarisarkomaa.fi\/index.php?rest_route=\/wp\/v2\/posts\/11490\/revisions\/11494"}],"wp:attachment":[{"href":"https:\/\/www.sarisarkomaa.fi\/index.php?rest_route=%2Fwp%2Fv2%2Fmedia&parent=11490"}],"wp:term":[{"taxonomy":"category","embeddable":true,"href":"https:\/\/www.sarisarkomaa.fi\/index.php?rest_route=%2Fwp%2Fv2%2Fcategories&post=11490"},{"taxonomy":"post_tag","embeddable":true,"href":"https:\/\/www.sarisarkomaa.fi\/index.php?rest_route=%2Fwp%2Fv2%2Ftags&post=11490"}],"curies":[{"name":"wp","href":"https:\/\/api.w.org\/{rel}","templated":true}]}}