{"id":11516,"date":"2022-08-10T09:43:24","date_gmt":"2022-08-10T07:43:24","guid":{"rendered":"https:\/\/www.sarisarkomaa.fi\/?p=11516"},"modified":"2022-08-10T09:43:31","modified_gmt":"2022-08-10T07:43:31","slug":"kirjallinen-kysymys-hallituksen-toimista-hoitajapulan-ratkomiseksi-seka-sosiaali-ja-terveydenhuoltoalan-pito-ja-vetovoiman-lisaamiseksi","status":"publish","type":"post","link":"https:\/\/www.sarisarkomaa.fi\/?p=11516","title":{"rendered":"Kirjallinen kysymys hallituksen toimista hoitajapulan ratkomiseksi sek\u00e4 sosiaali- ja terveydenhuoltoalan pito- ja vetovoiman lis\u00e4\u00e4miseksi"},"content":{"rendered":"\n<h4>KK\u00a0408\/2022 vp<\/h4>\n\n\n\n<h2>Eduskunnan puhemiehelle<\/h2>\n\n\n\n<p>Perhe- ja peruspalveluministeri Krista Kiuru (sd) perusti viime syksyn\u00e4 ty\u00f6ryhm\u00e4n ratkomaan hoitajapulaa hallituksen budjettiriihess\u00e4 tekem\u00e4n p\u00e4\u00e4t\u00f6ksen mukaisesti. Valtiovarainministeri Annika Saarikko (kesk) ei osannut vastata, miksei ty\u00f6ryhm\u00e4 ole esitt\u00e4nyt ainuttakaan toimenpidett\u00e4, kun asiaa kysyttiin valtiovarainministeri\u00f6n budjettiesityksen tiedotustilaisuudessa torstaina 4.8.2022.&nbsp;<\/p>\n\n\n\n<p>Valtiovarainministeri Saarikko moitti samaisessa tiedotustilaisuudessa sosiaali- ja terveysministeri\u00f6t\u00e4 ja sen ministereit\u00e4 tekem\u00e4tt\u00f6mist\u00e4 toimista hoitoalan henkil\u00f6st\u00f6n saatavuuden turvaamiseksi. Moittimiseen on kaikki syyt, kun ty\u00f6ryhm\u00e4 ei ole vuoteen saanut tuloksia aikaiseksi. Ihmetyst\u00e4 her\u00e4tt\u00e4\u00e4 my\u00f6s se, eik\u00f6 hallitus k\u00e4y kesken\u00e4\u00e4n keskustelua n\u00e4in t\u00e4rkeist\u00e4 asioista.&nbsp;<\/p>\n\n\n\n<p>Perhe- ja peruspalveluministeri Krista Kiurun johdolla k\u00e4ynnistetty koko hyvinvointiyhteiskuntamme toimivuudelle t\u00e4ysin v\u00e4ltt\u00e4m\u00e4t\u00f6n ty\u00f6 on kesken ja samaan aikaan sosiaali- ja terveydenhuolto on ajautumassa kriisiin. Hallituksen tekem\u00e4tt\u00f6myys asiassa on johtamassa sosiaali- ja terveyspalveluita kaaokseen. &nbsp;<\/p>\n\n\n\n<p>Tiedotustilaisuus her\u00e4tti vahvan huolen hallituksen toiminnasta. Eduskunnan on saatava tiet\u00e4\u00e4, miksi hoitajapulan ratkaiseminen ei ole edennyt vuodessa k\u00e4yt\u00e4nn\u00f6ss\u00e4 mihink\u00e4\u00e4n. Sosiaali- ja terveydenhuoltoalan ty\u00f6voimapulan ratkaisemiseksi sek\u00e4 hoitoalan pito- ja vetovoiman lis\u00e4\u00e4misen ratkaisemiseksi tarvitaan nopeaa valmistelua ja toimeenpanoa, jotta kaikkia ongelmia ei lyk\u00e4t\u00e4 seuraavan hallituksen ratkottavaksi.\u00a0\u00a0<\/p>\n\n\n\n<p><strong>Edell\u00e4 olevan perusteella ja eduskunnan ty\u00f6j\u00e4rjestyksen 27 \u00a7:\u00e4\u00e4n viitaten esit\u00e4mme asianomaisen ministerin vastattavaksi seuraavan kysymyksen:<\/strong><\/p>\n\n\n\n<ul><li><em>Miksi hallituksen p\u00e4\u00e4tt\u00e4m\u00e4n ty\u00f6ryhm\u00e4n ty\u00f6 sosiaali- ja terveydenhuollon henkil\u00f6st\u00f6vajeen korjaamiseksi sek\u00e4 alan pito- ja vetovoiman lis\u00e4\u00e4miseksi ei ole edennyt ja<\/em><br><\/li><li><em>mihin toimiin hallitus aikoo ryhty\u00e4 hoitajapulan korjaamiseksi sek\u00e4 alan veto- ja pitovoiman lis\u00e4\u00e4miseksi?<\/em>\u00a0<\/li><\/ul>\n\n\n\n<p>Helsingiss\u00e4 8.8.2022\u00a0<\/p>\n\n\n\n<p>Sari\u00a0Sarkomaa\u00a0kok\u00a0\u00a0<br>Pauli\u00a0Kiuru\u00a0kok\u00a0\u00a0<br>Marko\u00a0Kilpi\u00a0kok\u00a0\u00a0<br>Timo\u00a0Heinonen\u00a0kok\u00a0\u00a0<br>Mia\u00a0Laiho\u00a0kok\u00a0\u00a0<br>Sinuhe\u00a0Wallinheimo\u00a0kok\u00a0\u00a0'<br>Jari\u00a0Kinnunen\u00a0kok\u00a0\u00a0<br>Ville\u00a0Kaunisto\u00a0kok\u00a0\u00a0<br>Ville\u00a0Valkonen\u00a0kok\u00a0<br>Paula\u00a0Risikko\u00a0kok\u00a0\u00a0<br>Heikki\u00a0Autto\u00a0kok\u00a0\u00a0<br>Anne-Mari\u00a0Virolainen\u00a0kok\u00a0\u00a0<br>Mari-Leena\u00a0Talvitie\u00a0kok\u00a0\u00a0<\/p>\n","protected":false},"excerpt":{"rendered":"<p>KK\u00a0408\/2022 vp Eduskunnan puhemiehelle Perhe- ja peruspalveluministeri Krista Kiuru (sd) perusti viime syksyn\u00e4 ty\u00f6ryhm\u00e4n ratkomaan hoitajapulaa hallituksen budjettiriihess\u00e4 tekem\u00e4n p\u00e4\u00e4t\u00f6ksen mukaisesti. Valtiovarainministeri Annika Saarikko (kesk) ei osannut vastata, miksei ty\u00f6ryhm\u00e4 ole esitt\u00e4nyt ainuttakaan toimenpidett\u00e4, kun asiaa kysyttiin valtiovarainministeri\u00f6n budjettiesityksen tiedotustilaisuudessa torstaina 4.8.2022.&nbsp; Valtiovarainministeri Saarikko moitti samaisessa tiedotustilaisuudessa sosiaali- ja terveysministeri\u00f6t\u00e4 ja sen ministereit\u00e4 tekem\u00e4tt\u00f6mist\u00e4 toimista <a href=\"https:\/\/www.sarisarkomaa.fi\/?p=11516\" class=\"more-link\">...jatka lukemista<span class=\"screen-reader-text\"> \"Kirjallinen kysymys hallituksen toimista hoitajapulan ratkomiseksi sek\u00e4 sosiaali- ja terveydenhuoltoalan pito- ja vetovoiman lis\u00e4\u00e4miseksi\"<\/span><\/a><\/p>\n","protected":false},"author":1,"featured_media":0,"comment_status":"closed","ping_status":"open","sticky":false,"template":"","format":"standard","meta":[],"categories":[14],"tags":[],"_links":{"self":[{"href":"https:\/\/www.sarisarkomaa.fi\/index.php?rest_route=\/wp\/v2\/posts\/11516"}],"collection":[{"href":"https:\/\/www.sarisarkomaa.fi\/index.php?rest_route=\/wp\/v2\/posts"}],"about":[{"href":"https:\/\/www.sarisarkomaa.fi\/index.php?rest_route=\/wp\/v2\/types\/post"}],"author":[{"embeddable":true,"href":"https:\/\/www.sarisarkomaa.fi\/index.php?rest_route=\/wp\/v2\/users\/1"}],"replies":[{"embeddable":true,"href":"https:\/\/www.sarisarkomaa.fi\/index.php?rest_route=%2Fwp%2Fv2%2Fcomments&post=11516"}],"version-history":[{"count":1,"href":"https:\/\/www.sarisarkomaa.fi\/index.php?rest_route=\/wp\/v2\/posts\/11516\/revisions"}],"predecessor-version":[{"id":11517,"href":"https:\/\/www.sarisarkomaa.fi\/index.php?rest_route=\/wp\/v2\/posts\/11516\/revisions\/11517"}],"wp:attachment":[{"href":"https:\/\/www.sarisarkomaa.fi\/index.php?rest_route=%2Fwp%2Fv2%2Fmedia&parent=11516"}],"wp:term":[{"taxonomy":"category","embeddable":true,"href":"https:\/\/www.sarisarkomaa.fi\/index.php?rest_route=%2Fwp%2Fv2%2Fcategories&post=11516"},{"taxonomy":"post_tag","embeddable":true,"href":"https:\/\/www.sarisarkomaa.fi\/index.php?rest_route=%2Fwp%2Fv2%2Ftags&post=11516"}],"curies":[{"name":"wp","href":"https:\/\/api.w.org\/{rel}","templated":true}]}}