{"id":11583,"date":"2022-08-31T13:26:37","date_gmt":"2022-08-31T11:26:37","guid":{"rendered":"https:\/\/www.sarisarkomaa.fi\/?p=11583"},"modified":"2022-08-31T13:27:37","modified_gmt":"2022-08-31T11:27:37","slug":"elokuun-eduskuntaterveiset-2","status":"publish","type":"post","link":"https:\/\/www.sarisarkomaa.fi\/?p=11583","title":{"rendered":"Elokuun eduskuntaterveiset"},"content":{"rendered":"\n<figure class=\"wp-block-image size-large\"><a href=\"http:\/\/www.sarisarkomaa.fi\/wp-content\/uploads\/EK-terveisten-kansikuva.png\"><img loading=\"lazy\" width=\"1024\" height=\"683\" src=\"http:\/\/www.sarisarkomaa.fi\/wp-content\/uploads\/EK-terveisten-kansikuva-1024x683.png\" alt=\"\" class=\"wp-image-11266\" srcset=\"https:\/\/www.sarisarkomaa.fi\/wp-content\/uploads\/EK-terveisten-kansikuva-1024x683.png 1024w, https:\/\/www.sarisarkomaa.fi\/wp-content\/uploads\/EK-terveisten-kansikuva-300x200.png 300w, https:\/\/www.sarisarkomaa.fi\/wp-content\/uploads\/EK-terveisten-kansikuva-768x512.png 768w, https:\/\/www.sarisarkomaa.fi\/wp-content\/uploads\/EK-terveisten-kansikuva-640x427.png 640w, https:\/\/www.sarisarkomaa.fi\/wp-content\/uploads\/EK-terveisten-kansikuva-960x640.png 960w, https:\/\/www.sarisarkomaa.fi\/wp-content\/uploads\/EK-terveisten-kansikuva.png 1200w\" sizes=\"(max-width: 1024px) 100vw, 1024px\" \/><\/a><\/figure>\n\n\n\n<p>Arvoisa vastaanottaja,<br><br>Hein\u00e4kuusta nautin It\u00e4meren ja Saimaan aalloilla. Elokuun alkaessa alkoi my\u00f6s politiikan syksy ja ty\u00f6t. Elokuussa kokoonnuimme Maarianhaminaan Kokoomuksen puolue- ja ryhm\u00e4johdon kes\u00e4kokoukseen. Eduskuntaryhm\u00e4n kes\u00e4kokous oli Lappeenrannassa ja Kotkassa. Elokuu on t\u00e4rke\u00e4 kuukausi valmistella syyskuussa alkavaa Eduskunnan virallista syysistuntokautta.&nbsp;<br><br>Agendalla eduskuntaryhm\u00e4n kes\u00e4kokouksessa oli turvallisuus, peruskoulu, tutkimus ja ratkaisut arjen kustannusten hillitsemiseen. Pohdimme my\u00f6s johdollani v\u00e4likysymyst\u00e4 vanhustenhuollon ja terveydenhuollon syvenev\u00e4st\u00e4 kriisist\u00e4. Kannamme vahvaa huolta vanhus- ja terveydenhuollon tilasta. Hallitukselta odotamme korjaussarjaa budjettiriihest\u00e4.<\/p>\n\n\n\n<figure class=\"wp-block-image size-large\"><a href=\"http:\/\/www.sarisarkomaa.fi\/wp-content\/uploads\/LAIVALLA-33-scaled-e1661944934644.jpg\"><img loading=\"lazy\" width=\"1024\" height=\"756\" src=\"http:\/\/www.sarisarkomaa.fi\/wp-content\/uploads\/LAIVALLA-33-scaled-e1661944934644-1024x756.jpg\" alt=\"\" class=\"wp-image-11584\" srcset=\"https:\/\/www.sarisarkomaa.fi\/wp-content\/uploads\/LAIVALLA-33-scaled-e1661944934644-1024x756.jpg 1024w, https:\/\/www.sarisarkomaa.fi\/wp-content\/uploads\/LAIVALLA-33-scaled-e1661944934644-300x221.jpg 300w, https:\/\/www.sarisarkomaa.fi\/wp-content\/uploads\/LAIVALLA-33-scaled-e1661944934644-768x567.jpg 768w, https:\/\/www.sarisarkomaa.fi\/wp-content\/uploads\/LAIVALLA-33-scaled-e1661944934644-1536x1134.jpg 1536w, https:\/\/www.sarisarkomaa.fi\/wp-content\/uploads\/LAIVALLA-33-scaled-e1661944934644-640x472.jpg 640w, https:\/\/www.sarisarkomaa.fi\/wp-content\/uploads\/LAIVALLA-33-scaled-e1661944934644-960x709.jpg 960w, https:\/\/www.sarisarkomaa.fi\/wp-content\/uploads\/LAIVALLA-33-scaled-e1661944934644.jpg 1707w\" sizes=\"(max-width: 1024px) 100vw, 1024px\" \/><\/a><\/figure>\n\n\n\n<h1>Elokuun terveisiss\u00e4:<\/h1>\n\n\n\n<ul><li>Tervetuloa mukaan tukemaan ty\u00f6ni jatkoa helsinkil\u00e4isten kansanedustajana&nbsp;<\/li><li>Tervetuloa tapaamaan Helsinki-kierrokselle<\/li><li>Kokoomus j\u00e4tt\u00e4\u00e4 v\u00e4likysymyksen vanhus- ja terveyspalveluiden tilasta<\/li><li>Helsingin on korjattava palkanmaksuongelmat ja otettava opikseen<\/li><li>Hallituksen on budjettiriihess\u00e4 lis\u00e4tt\u00e4v\u00e4 varhaiskasvatuksen opettajien koulutusm\u00e4\u00e4ri\u00e4<\/li><li>Akuuttil\u00e4\u00e4kevarastojen rajaaminen ruuhkauttaa p\u00e4ivystyksi\u00e4 ja i\u00e4kk\u00e4iden hoitoa entisest\u00e4\u00e4n<\/li><li>Kaupunkilaisia kiusaava s\u00e4hk\u00f6potkulautailu on laitettava kuriin<\/li><li>Suostuvatko hallituspuolueet korjaamaan yritt\u00e4jien el\u00e4kelakiesityksen ep\u00e4kohdat? Kokoomus on valmiina<\/li><\/ul>\n\n\n\n<h2>Tervetuloa mukaan tukemaan ty\u00f6ni jatkoa helsinkil\u00e4isten kansanedustajana&nbsp;<\/h2>\n\n\n\n<p>Kuluva eduskuntakausi on k\u00e4\u00e4ntym\u00e4ss\u00e4 loppukiriin. Eduskuntavaalit j\u00e4rjestet\u00e4\u00e4n 2.4.2023. Seuraavasta eduskuntakaudesta on tulossa poikkeuksellisen vaikea. Osaamista, kokemusta ja sisua tehd\u00e4 vaikuttavaa ty\u00f6t\u00e4 suurella syd\u00e4mell\u00e4 helsinkil\u00e4isten ja kotikaupunkimme Helsingin sek\u00e4 koko Suomen parhaaksi tarvitaan enemm\u00e4n kuin koskaan.<br><br>Arvostan suuresti tukeasi. Luvassa on paljon mukavia tapahtumia ja tilaisuuksia sek\u00e4 jokaiselle sopivia tapoja olla mukana. L\u00e4mpim\u00e4sti tervetuloa mukaan vaality\u00f6h\u00f6n:&nbsp;<a rel=\"noreferrer noopener\" href=\"mailto:sari.sarkomaa@eduskunta.fi\" target=\"_blank\">sari.sarkomaa@eduskunta.fi<\/a>&nbsp;tai soittamalla 050 511 3033<\/p>\n\n\n\n<h2>Tervetuloa tapaamaan Helsinki-kierrokselle<\/h2>\n\n\n\n<p>Facebook-live&nbsp;tiistaina 30.8. klo 17.15.&nbsp;<a rel=\"noreferrer noopener\" href=\"https:\/\/fb.me\/e\/93mB20tVf\" target=\"_blank\">https:\/\/fb.me\/e\/93mB20tVf<\/a><br><br><strong>Haagap\u00e4iv\u00e4,&nbsp;<\/strong>Haagan torilla&nbsp;lauantaina 3.9.&nbsp;klo 11.00-11.45 ja&nbsp;<strong>Puistola-p\u00e4iv\u00e4,&nbsp;<\/strong>Puistolan torilla&nbsp;klo 12.30-13.15<br><br><strong>Hakaniemen markkinat,&nbsp;<\/strong>Hakaniemen tori&nbsp;sunnuntaina 4.9. klo 10.00-10.45 ja&nbsp;<strong>Meilahti-p\u00e4iv\u00e4,&nbsp;<\/strong>Valpurin puistossa klo 11.15-13.00&nbsp;<br><br><strong>Eduskunnan avoimet ovet,&nbsp;<\/strong>Mannerheimintie 30, B-ovi maanantaina 5.9. klo&nbsp;14.15-15.15 ja klo 16.30-17.30.&nbsp;<a rel=\"noreferrer noopener\" href=\"https:\/\/bit.ly\/3Tp0H5L\" target=\"_blank\">https:\/\/bit.ly\/3Tp0H5L<\/a><br><br><strong>AfterWalk&nbsp;<\/strong>torstaina 8.9. klo 17.15.&nbsp;<a rel=\"noreferrer noopener\" href=\"https:\/\/fb.me\/e\/2feNfU8AC\" target=\"_blank\">https:\/\/fb.me\/e\/2feNfU8AC<\/a><br><br><strong>Pit\u00e4j\u00e4nm\u00e4ki-p\u00e4iv\u00e4,&nbsp;<\/strong>Turkismiehentie 1<strong>&nbsp;<\/strong>sunnuntaina 11.9. klo 12.00-13.00<\/p>\n\n\n\n<h2>Kokoomus j\u00e4tt\u00e4\u00e4 v\u00e4likysymyksen vanhus- ja terveyspalveluiden tilasta<\/h2>\n\n\n\n<p>Kes\u00e4kokouksessa p\u00e4\u00e4timme tehd\u00e4 v\u00e4likysymyksen vanhus- ja terveyspalveluiden kriisiytyv\u00e4st\u00e4 tilanteesta. Yh\u00e4 useampi vanhus j\u00e4\u00e4 ilman hoitoa ja hoivaa, jopa heitteille. Kriisi on jo ruuhkauttanut p\u00e4ivystykset vaarantaen jo potilasturvallisuuden. Haluamme her\u00e4tt\u00e4\u00e4 hallituksen toimiin. Vaadimme hallitukselta toimia tilanteen korjaamiseksi ja &nbsp;p\u00e4\u00e4t\u00f6ksi\u00e4 jo budjettiriihess\u00e4 entisest\u00e4\u00e4n ja potilasturvallisuus vaarantuu.&nbsp;<br><br>Kokoomus on vaatinut, ett\u00e4 vanhuspalvelut pit\u00e4\u00e4 laittaa kuntoon kokonaisuutena: kotihoito, hoivakodit ja omaishoito. Kaikkiin vanhuspalveluihin tarvitaan lis\u00e4\u00e4 hoitajia.<br><br><a rel=\"noreferrer noopener\" href=\"https:\/\/www.sarisarkomaa.fi\/?p=11552\" target=\"_blank\">https:\/\/www.sarisarkomaa.fi\/?p=11552<\/a><\/p>\n\n\n\n<h2>Helsingin on korjattava palkanmaksuongelmat ja otettava opikseen<\/h2>\n\n\n\n<p>Kaupunki, joka ei kuuntele henkil\u00f6st\u00f6\u00e4 ei ole toimiva eik\u00e4 vetovoimainen. Se oli p\u00e4\u00e4viestini valtuuston keskustelussa kaupungin palkanmaksusotkusta. Nostin esille n\u00e4kemykseni siit\u00e4, ett\u00e4 henkil\u00f6st\u00f6\u00e4 paremmin kuulemalla tilanne ei olisi p\u00e4\u00e4ssyt n\u00e4in pahaksi.<br><br>Palkanmaksu on ty\u00f6nantajan t\u00e4rkein velvollisuus. Siit\u00e4 ei voi mill\u00e4\u00e4n syyll\u00e4 luistaa. Palkan maksun kuntoon laittaminen on oltava kaupungin ykk\u00f6sasia &nbsp;Helsingin on pystytt\u00e4v\u00e4 ja kyll\u00e4 p\u00e4\u00e4kaupunki pystyy varmasti parempaan. On katkaistava sy\u00f6ksykierre, jossa sijaisia on entist\u00e4 vaikeampi saada ja vakihenkil\u00f6st\u00f6n ty\u00f6taakka kasvaa entisest\u00e4\u00e4n. My\u00f6s uuden j\u00e4rjestelm\u00e4n k\u00e4ytt\u00f6\u00f6noton ja ruuhkien kanssa kamppaileva henkil\u00f6st\u00f6 on kovilla.<\/p>\n\n\n\n<p><br><a rel=\"noreferrer noopener\" href=\"https:\/\/l.facebook.com\/l.php?u=https%3A%2F%2Fbit.ly%2F3cfbfE8%3Ffbclid%3DIwAR3ONrRdRACB6YK_XK3aAv1Tn3fmmcFEuqK40ue0Plx195oaoEPfvmTDhlI&amp;h=AT3OqY7ui_5iYy0G0EC80FuftSLVo2JIiOGQwvM5DDkxqR8qFKkKYVJiwNAWfWiaAvtWqFsPaupI6kz2nfVKMsnLwHYEPhzgZd6lui2-DQ6jo8GCtoZ2wPmKWBX5WLacvIxb&amp;__tn__=-UK-R&amp;c%5b0%5d=AT1y5ipYGQHNtmVlYtzrGsQH279KRpr-itrgZ2FhjtqcXDHKUnAc_jxEy2lk1l15HIcYorYLwIzafglcYHAGhkZOVVyXfPgh_6SDJrI_s8qCPry_6nVXksQwn0wjCwwIiG4ZA4HDA5KbzC9V1Pu0G5-YpqBQwxI9luD4AOM3uVa-OG5KJKN0Kirynr8THe8w17vRBBoh\" target=\"_blank\">https:\/\/bit.ly\/3cfbfE8<\/a><\/p>\n\n\n\n<h2>Hallituksen on budjettiriihess\u00e4 lis\u00e4tt\u00e4v\u00e4 varhaiskasvatuksen opettajien koulutusm\u00e4\u00e4ri\u00e4<\/h2>\n\n\n\n<p>Otimme kantaa Sari Multalan kanssa siihen, miten hallituksen tulee lis\u00e4t\u00e4 budjettiriihess\u00e4 varhaiskasvatuksen opettajien aloituspaikkoja yliopistoissa. Yliopistot tarvitsevat pysyv\u00e4\u00e4 rahoitusta varhaiskasvatuksen opettajien aloituspaikkojen vakiinnuttamiseen ja kehitt\u00e4miseen. My\u00f6s kasvatus- ja koulutusalan veto- ja pitovoimaa on vahvistettava.<br><br>Varhaisiin vuosiin panostamalla edist\u00e4mme vaikuttavasti lasten kasvua ja kehityst\u00e4, ennaltaehk\u00e4isemme syrj\u00e4ytymist\u00e4 sek\u00e4 turvaamme lapsille yhdenvertaisemmat mahdollisuudet p\u00e4rj\u00e4t\u00e4 koulutiell\u00e4 ja el\u00e4m\u00e4ss\u00e4.<br><br>Lue koko kannanottomme t\u00e4\u00e4lt\u00e4:&nbsp;<a rel=\"noreferrer noopener\" href=\"https:\/\/www.sarisarkomaa.fi\/?p=11557\" target=\"_blank\">https:\/\/www.sarisarkomaa.fi\/?p=11557<\/a><\/p>\n\n\n\n<h2>Akuuttil\u00e4\u00e4kevarastojen rajaaminen ruuhkauttaa p\u00e4ivystyksi\u00e4 ja i\u00e4kk\u00e4iden hoitoa entisest\u00e4\u00e4n<\/h2>\n\n\n\n<p>Vetosin hallitukseen, jotta se kuulisi vanhustenhoitoon, geriatriaan ja palliatiiviseen hoitoon erikoistuneiden l\u00e4\u00e4k\u00e4reiden h\u00e4t\u00e4huudon hoivakodissa ja saattohoidossa olevien ihmisten hyv\u00e4n hoidon puolesta. L\u00e4\u00e4k\u00e4rit varoittavat hoivakotien akuuttil\u00e4\u00e4kevarastoja rajoittavien uusien s\u00e4\u00e4d\u00f6sten ja ohjeiden heikent\u00e4v\u00e4n hoidettavien el\u00e4m\u00e4n ja hoidon laatua sek\u00e4 ruuhkauttavan entisest\u00e4\u00e4n katastrofin \u00e4\u00e4rell\u00e4 olevia p\u00e4ivystyksi\u00e4.<br><br>Lue kannanottoni t\u00e4\u00e4lt\u00e4:&nbsp;<a rel=\"noreferrer noopener\" href=\"https:\/\/www.sarisarkomaa.fi\/?p=11540\" target=\"_blank\">https:\/\/www.sarisarkomaa.fi\/?p=11540<\/a><\/p>\n\n\n\n<h2>Kaupunkilaisia kiusaava s\u00e4hk\u00f6potkulautailu on laitettava kuriin<\/h2>\n\n\n\n<p>Kirjoitin T\u00f6\u00f6l\u00f6l\u00e4iseen siit\u00e4, miten s\u00e4hk\u00f6potkulautailu on laitettava kuriin turvallisten katujen takaamiseksi. Jos tiukemmat toimet eiv\u00e4t auta on muutettava lains\u00e4\u00e4d\u00e4nt\u00f6\u00e4, ett\u00e4 s\u00e4hk\u00f6potkulaudat kiellet\u00e4\u00e4n kokonaan vilkkaimmilla kaupunkialueilla.<br><br>Lis\u00e4toimia s\u00e4hk\u00f6potkulautailun kuriin saamiseksi on v\u00e4ltt\u00e4m\u00e4t\u00f6nt\u00e4 tehd\u00e4. Lue koko blogini t\u00e4\u00e4lt\u00e4:&nbsp;<a rel=\"noreferrer noopener\" href=\"https:\/\/www.sarisarkomaa.fi\/?p=11545\" target=\"_blank\">https:\/\/www.sarisarkomaa.fi\/?p=11545<\/a><\/p>\n\n\n\n<h2>Suostuvatko hallituspuolueet korjaamaan yritt\u00e4jien el\u00e4kelakiesityksen ep\u00e4kohdat? Kokoomus on valmiina<\/h2>\n\n\n\n<p>Yritt\u00e4jien n\u00e4kemykset sivuutettu monin osin hallituksen esityksess\u00e4 yritt\u00e4jien el\u00e4kelain muuttamisesta. Korjaukset on teht\u00e4v\u00e4 eduskuntak\u00e4sittelyss\u00e4. Yritt\u00e4jyytt\u00e4 on edistett\u00e4v\u00e4 eik\u00e4 kampitettava.<br><br>YEL-j\u00e4rjestelm\u00e4\u00e4 on uudistettava, mutta se on teht\u00e4v\u00e4 reilulla tavalla. Kaavamaisesti sovellettuna valtakunnallinen mediaanipalkka YEL-maksun perusteena kohtelisi yritt\u00e4ji\u00e4 ep\u00e4oikeudenmukaisesti ja merkitsisi pahimmillaan yrityksen kaatumista. Yritt\u00e4ji\u00e4 on mahdotonta ja j\u00e4rjet\u00f6nt\u00e4 sovittaa yhteen muottiin.<br><br>Hallituspuolueilla on eduskunnassa enemmist\u00f6 ja siksi on ratkaisevaa sitoutuvatko he tukemaan v\u00e4ltt\u00e4m\u00e4tt\u00f6mi\u00e4 muutoksia yritt\u00e4jien el\u00e4kelakiesitykseen. Yhteisty\u00f6 asiassa on hyvin t\u00e4rke\u00e4\u00e4. Yritt\u00e4jyys on ratkaiseva kivijalka, joka kannattelee suomalaista hyvinvointiyhteiskuntaa.<br><br>Lue blogini aiheesta t\u00e4\u00e4lt\u00e4:&nbsp;<a rel=\"noreferrer noopener\" href=\"https:\/\/bit.ly\/3zRD9h4?fbclid=IwAR1y66kwg9SPnsqHL0-DKThgaQ_gQR49gFdjWqu9TWGvZTfpEM7ax6UMzWM\" target=\"_blank\">https:\/\/bit.ly\/3zRD9h4<\/a><\/p>\n\n\n\n<h2>It\u00e4meren pelastaminen edellytt\u00e4\u00e4 toimia<\/h2>\n\n\n\n<p>It\u00e4merip\u00e4iv\u00e4\u00e4 vietettiin perinteisesti elokuussa. Intohimoisena It\u00e4meren suojelijana tein videon, jolla haastoin koko kaupunginvaltuuston ja helsinkil\u00e4iset tekem\u00e4\u00e4n toimia It\u00e4meren puolesta.<br><br>Katso video t\u00e4\u00e4lt\u00e4:&nbsp;<a rel=\"noreferrer noopener\" href=\"https:\/\/fb.watch\/fcx4jvXEKr\/\" target=\"_blank\">https:\/\/fb.watch\/fcx4jvXEKr\/<\/a><\/p>\n\n\n\n<figure class=\"wp-block-image size-large\"><a href=\"http:\/\/www.sarisarkomaa.fi\/wp-content\/uploads\/P1180610.jpg\"><img loading=\"lazy\" width=\"1024\" height=\"576\" src=\"http:\/\/www.sarisarkomaa.fi\/wp-content\/uploads\/P1180610-1024x576.jpg\" alt=\"\" class=\"wp-image-11585\" srcset=\"https:\/\/www.sarisarkomaa.fi\/wp-content\/uploads\/P1180610-1024x576.jpg 1024w, https:\/\/www.sarisarkomaa.fi\/wp-content\/uploads\/P1180610-300x169.jpg 300w, https:\/\/www.sarisarkomaa.fi\/wp-content\/uploads\/P1180610-768x432.jpg 768w, https:\/\/www.sarisarkomaa.fi\/wp-content\/uploads\/P1180610-640x360.jpg 640w, https:\/\/www.sarisarkomaa.fi\/wp-content\/uploads\/P1180610-960x540.jpg 960w, https:\/\/www.sarisarkomaa.fi\/wp-content\/uploads\/P1180610.jpg 1350w\" sizes=\"(max-width: 1024px) 100vw, 1024px\" \/><\/a><\/figure>\n\n\n\n<p>Ajatukset ja ideat liittyen kev\u00e4\u00e4n politiikkaan ja tietenkin kotikaupunkini Helsingin sek\u00e4 koko Suomen kehitt\u00e4miseen ovat aina t\u00e4rkeit\u00e4 ja tervetulleita.<\/p>\n\n\n\n<p>Pidet\u00e4\u00e4n yhteytt\u00e4.<strong>Sari Sarkomaa<\/strong><br>Kansanedustaja<br>Kokoomuksen eduskuntaryhm\u00e4n varapuheenjohtaja<br>Helsingin kaupunginhallituksen ja valtuuston j\u00e4sen<br>Kolmen nuoren \u00e4iti<\/p>\n","protected":false},"excerpt":{"rendered":"<p>Arvoisa vastaanottaja, Hein\u00e4kuusta nautin It\u00e4meren ja Saimaan aalloilla. Elokuun alkaessa alkoi my\u00f6s politiikan syksy ja ty\u00f6t. Elokuussa kokoonnuimme Maarianhaminaan Kokoomuksen puolue- ja ryhm\u00e4johdon kes\u00e4kokoukseen. Eduskuntaryhm\u00e4n kes\u00e4kokous oli Lappeenrannassa ja Kotkassa. Elokuu on t\u00e4rke\u00e4 kuukausi valmistella syyskuussa alkavaa Eduskunnan virallista syysistuntokautta.&nbsp; Agendalla eduskuntaryhm\u00e4n kes\u00e4kokouksessa oli turvallisuus, peruskoulu, tutkimus ja ratkaisut arjen kustannusten hillitsemiseen. Pohdimme my\u00f6s johdollani <a href=\"https:\/\/www.sarisarkomaa.fi\/?p=11583\" class=\"more-link\">...jatka lukemista<span class=\"screen-reader-text\"> \"Elokuun eduskuntaterveiset\"<\/span><\/a><\/p>\n","protected":false},"author":1,"featured_media":0,"comment_status":"closed","ping_status":"open","sticky":false,"template":"","format":"standard","meta":[],"categories":[6],"tags":[],"_links":{"self":[{"href":"https:\/\/www.sarisarkomaa.fi\/index.php?rest_route=\/wp\/v2\/posts\/11583"}],"collection":[{"href":"https:\/\/www.sarisarkomaa.fi\/index.php?rest_route=\/wp\/v2\/posts"}],"about":[{"href":"https:\/\/www.sarisarkomaa.fi\/index.php?rest_route=\/wp\/v2\/types\/post"}],"author":[{"embeddable":true,"href":"https:\/\/www.sarisarkomaa.fi\/index.php?rest_route=\/wp\/v2\/users\/1"}],"replies":[{"embeddable":true,"href":"https:\/\/www.sarisarkomaa.fi\/index.php?rest_route=%2Fwp%2Fv2%2Fcomments&post=11583"}],"version-history":[{"count":2,"href":"https:\/\/www.sarisarkomaa.fi\/index.php?rest_route=\/wp\/v2\/posts\/11583\/revisions"}],"predecessor-version":[{"id":11587,"href":"https:\/\/www.sarisarkomaa.fi\/index.php?rest_route=\/wp\/v2\/posts\/11583\/revisions\/11587"}],"wp:attachment":[{"href":"https:\/\/www.sarisarkomaa.fi\/index.php?rest_route=%2Fwp%2Fv2%2Fmedia&parent=11583"}],"wp:term":[{"taxonomy":"category","embeddable":true,"href":"https:\/\/www.sarisarkomaa.fi\/index.php?rest_route=%2Fwp%2Fv2%2Fcategories&post=11583"},{"taxonomy":"post_tag","embeddable":true,"href":"https:\/\/www.sarisarkomaa.fi\/index.php?rest_route=%2Fwp%2Fv2%2Ftags&post=11583"}],"curies":[{"name":"wp","href":"https:\/\/api.w.org\/{rel}","templated":true}]}}