{"id":11590,"date":"2022-08-31T15:02:43","date_gmt":"2022-08-31T13:02:43","guid":{"rendered":"https:\/\/www.sarisarkomaa.fi\/?p=11590"},"modified":"2022-08-31T15:02:48","modified_gmt":"2022-08-31T13:02:48","slug":"verkkouutiset-31-8-2022-huoli-hoitajien-maarasta-ministerilta-vaaditaan-vastauksia","status":"publish","type":"post","link":"https:\/\/www.sarisarkomaa.fi\/?p=11590","title":{"rendered":"Verkkouutiset 31.8.2022: Huoli hoitajien m\u00e4\u00e4r\u00e4st\u00e4, ministerilt\u00e4 vaaditaan vastauksia"},"content":{"rendered":"\n<p>Vaaditusta 3500 hoitajasta saadaan kasaan vain noin puolet ensi kev\u00e4\u00e4seen menness\u00e4.<\/p>\n\n\n\n<p>Perhe- ja peruspalveluministeri&nbsp;<strong>Aki Lind\u00e9nin<\/strong>&nbsp;(sd.) mukaan p\u00e4\u00e4ministeri&nbsp;<strong>Sanna Marinin<\/strong>&nbsp;(sd.) hallitus aikoo p\u00e4\u00e4tt\u00e4\u00e4 syyskuun puoliv\u00e4liin menness\u00e4, pit\u00e4\u00e4k\u00f6 0,7:n hoitajamitoitukseen siirtymist\u00e4 lyk\u00e4t\u00e4. H\u00e4n my\u00f6nsi S\u00e4\u00e4tytalolle saapuessaan, ett\u00e4 vaaditusta 3 500 hoitajasta saataisiin ensi kev\u00e4\u00e4seen menness\u00e4 kasaan vain noin puolet.<\/p>\n\n\n\n<p>Terveyden ja hyvinvoinnin laitos THL on varoittanut hoitohenkil\u00f6st\u00f6n rekrytoinnin vaikeutuneen viime aikoina entisest\u00e4\u00e4n. THL:n arvion mukaan 0,7:n hoitajamitoitukseen siirtymist\u00e4 on pakko lyk\u00e4t\u00e4 v\u00e4hint\u00e4\u00e4n vuodella.<\/p>\n\n\n\n<p>Hoivakodit eiv\u00e4t ole pystyneet t\u00e4ytt\u00e4m\u00e4\u00e4n usein edes nykyist\u00e4 vaatimusta 0,6:n mitoituksesta henkil\u00f6st\u00f6pulan vuoksi. Satoja ymp\u00e4rivuorokautisen hoivan asiakaspaikkoja on jouduttu pit\u00e4m\u00e4\u00e4n tilanteen vuoksi tyhjin\u00e4.<\/p>\n\n\n\n<p>Kokoomuksen kansanedustaja&nbsp;<strong>Sari Sarkomaa<\/strong>&nbsp;vaatii ministeri\u00e4 kertomaan, mit\u00e4 toimia on tehty ja mit\u00e4 aiotaan tehd\u00e4, jotta hoitajia olisi enemm\u00e4n koko vanhustenhuollossa.<\/p>\n\n\n\n<p>\u2013 Budjettiriihest\u00e4 tultava ratkaisuja helpottamaan aiheutettua vanhusten- ja terveydenhuollon kriisi\u00e4. Vastuu kannettava, Sarkomaa tviittaa.<\/p>\n","protected":false},"excerpt":{"rendered":"<p>Vaaditusta 3500 hoitajasta saadaan kasaan vain noin puolet ensi kev\u00e4\u00e4seen menness\u00e4. Perhe- ja peruspalveluministeri&nbsp;Aki Lind\u00e9nin&nbsp;(sd.) mukaan p\u00e4\u00e4ministeri&nbsp;Sanna Marinin&nbsp;(sd.) hallitus aikoo p\u00e4\u00e4tt\u00e4\u00e4 syyskuun puoliv\u00e4liin menness\u00e4, pit\u00e4\u00e4k\u00f6 0,7:n hoitajamitoitukseen siirtymist\u00e4 lyk\u00e4t\u00e4. H\u00e4n my\u00f6nsi S\u00e4\u00e4tytalolle saapuessaan, ett\u00e4 vaaditusta 3 500 hoitajasta saataisiin ensi kev\u00e4\u00e4seen menness\u00e4 kasaan vain noin puolet. Terveyden ja hyvinvoinnin laitos THL on varoittanut hoitohenkil\u00f6st\u00f6n rekrytoinnin <a href=\"https:\/\/www.sarisarkomaa.fi\/?p=11590\" class=\"more-link\">...jatka lukemista<span class=\"screen-reader-text\"> \"Verkkouutiset 31.8.2022: Huoli hoitajien m\u00e4\u00e4r\u00e4st\u00e4, ministerilt\u00e4 vaaditaan vastauksia\"<\/span><\/a><\/p>\n","protected":false},"author":1,"featured_media":0,"comment_status":"closed","ping_status":"open","sticky":false,"template":"","format":"standard","meta":[],"categories":[18,5,4],"tags":[],"_links":{"self":[{"href":"https:\/\/www.sarisarkomaa.fi\/index.php?rest_route=\/wp\/v2\/posts\/11590"}],"collection":[{"href":"https:\/\/www.sarisarkomaa.fi\/index.php?rest_route=\/wp\/v2\/posts"}],"about":[{"href":"https:\/\/www.sarisarkomaa.fi\/index.php?rest_route=\/wp\/v2\/types\/post"}],"author":[{"embeddable":true,"href":"https:\/\/www.sarisarkomaa.fi\/index.php?rest_route=\/wp\/v2\/users\/1"}],"replies":[{"embeddable":true,"href":"https:\/\/www.sarisarkomaa.fi\/index.php?rest_route=%2Fwp%2Fv2%2Fcomments&post=11590"}],"version-history":[{"count":1,"href":"https:\/\/www.sarisarkomaa.fi\/index.php?rest_route=\/wp\/v2\/posts\/11590\/revisions"}],"predecessor-version":[{"id":11592,"href":"https:\/\/www.sarisarkomaa.fi\/index.php?rest_route=\/wp\/v2\/posts\/11590\/revisions\/11592"}],"wp:attachment":[{"href":"https:\/\/www.sarisarkomaa.fi\/index.php?rest_route=%2Fwp%2Fv2%2Fmedia&parent=11590"}],"wp:term":[{"taxonomy":"category","embeddable":true,"href":"https:\/\/www.sarisarkomaa.fi\/index.php?rest_route=%2Fwp%2Fv2%2Fcategories&post=11590"},{"taxonomy":"post_tag","embeddable":true,"href":"https:\/\/www.sarisarkomaa.fi\/index.php?rest_route=%2Fwp%2Fv2%2Ftags&post=11590"}],"curies":[{"name":"wp","href":"https:\/\/api.w.org\/{rel}","templated":true}]}}