{"id":11625,"date":"2022-09-14T09:11:42","date_gmt":"2022-09-14T07:11:42","guid":{"rendered":"https:\/\/www.sarisarkomaa.fi\/?p=11625"},"modified":"2022-09-14T09:11:42","modified_gmt":"2022-09-14T07:11:42","slug":"iltalehti-9-9-2022-oppositio-pommittaa-hallitusta-valikysymys-vanhus-ja-terveyspalveluista","status":"publish","type":"post","link":"https:\/\/www.sarisarkomaa.fi\/?p=11625","title":{"rendered":"Iltalehti 9.9.2022: Oppositio pommittaa hallitusta \u2013 v\u00e4likysymys vanhus- ja terveyspalveluista"},"content":{"rendered":"\n<p><strong>Sanna Marinin (sd) hallitus on saamassa syysistuntokauden alkuun kaksi v\u00e4likysymyst\u00e4.<\/strong><\/p>\n\n\n\n<p>Kokoomus, perussuomalaiset ja kristillisdemokraatit j\u00e4ttiv\u00e4t perjantaina yhteisen v\u00e4likysymyksen\u00a0<strong>Sanna Marinin<\/strong>\u00a0(sd) hallitukselle vanhuspalveluiden tilanteesta ja terveyspalveluiden kriisiytymisest\u00e4.<\/p>\n\n\n\n<p>Oppositioryhm\u00e4t muistuttavat, ett\u00e4 p\u00e4\u00e4ministeri&nbsp;<strong>Sanna Marinin<\/strong>&nbsp;(sd) hallitusohjelmassa luvattiin palauttaa luottamus vanhuspalveluiden laatuun, oikea-aikaisuuteen ja saatavuuteen.<\/p>\n\n\n\n<p>\u2013\u2009Sen sijaan hallituksen vahtivuorolla pitk\u00e4\u00e4n vaivannut hoitajapula on p\u00e4\u00e4stetty entisest\u00e4\u00e4n syvenem\u00e4\u00e4n, mik\u00e4 on johtanut vanhus- ja terveyspalveluissa yh\u00e4 vaikeampaan tilanteeseen, oppositioryhm\u00e4t toteavat.<\/p>\n\n\n\n<h3>\u201dViimeinen hetki tehd\u00e4\u201d<\/h3>\n\n\n\n<p>Oppositioryhmien mielest\u00e4 hallituksella onkin nyt \u201dviimeinen hetki tehd\u00e4 tarvittavat toimet tilanteen korjaamiseksi\u201d.<\/p>\n\n\n\n<p>Kokoomus, PS ja kristillisdemokraatit katsovat, ett\u00e4 hallitus p\u00e4\u00e4tti kunnianhimoisesta hoitajamitoituksesta, mutta j\u00e4tti tekem\u00e4tt\u00e4 toimet hoitajien m\u00e4\u00e4r\u00e4n turvaamiseksi. Oppositioryhmien mielest\u00e4 ymp\u00e4rivuorokautisen hoivan henkil\u00f6st\u00f6mitoitus ei saa johtaa asiakaspaikkojen v\u00e4hent\u00e4miseen tai kotihoidon, omaishoidon ja kuntoutuksen pahenevaan hoitajapulaan.<\/p>\n\n\n\n<p>\u2013\u2009Yh\u00e4 useampi ik\u00e4ihminen j\u00e4\u00e4 vaille v\u00e4ltt\u00e4m\u00e4t\u00f6nt\u00e4 huolenpitoa, johon heill\u00e4 olisi oikeus. Tilanne on ep\u00e4inhimillinen, kansanedustaja&nbsp;<strong>Sari Sarkomaa<\/strong>&nbsp;(kok) toteaa opposition tiedotteessa.<\/p>\n\n\n\n<p>\u2013 Yhteiskuntaa koettelee nyt moni kriisi, mutta emme hyv\u00e4ksy, ett\u00e4 ratkaisujen hakemista vanhuspalveluiden tilanteeseen lyk\u00e4tt\u00e4isiin eteenp\u00e4in. Toimet sosiaali- ja terveysalan henkil\u00f6st\u00f6n saatavuuden turvaamiseksi, hoitoty\u00f6n pito- ja vetovoiman lis\u00e4\u00e4miseksi ja vanhuspalveluiden kriisin ratkaisemiseksi on teht\u00e4v\u00e4 v\u00e4litt\u00f6m\u00e4sti, sarkomaa jatkaa.<\/p>\n\n\n\n<p>PS:n eduskuntaryhm\u00e4n puheenjohtajan\u00a0<strong>Ville Tavion<\/strong>\u00a0mukaan hallitus ratkaisi hoitajapulan ainoastaan paperilla kirjaamalla lakiin sitovan hoitajamitoituksen, mutta ei tehnyt juuri mit\u00e4\u00e4n sote-alan ty\u00f6voimapulan ratkaisemiseksi.<\/p>\n\n\n\n<p>\u2013\u2009Kun mitoituksen edellytt\u00e4m\u00e4\u00e4 m\u00e4\u00e4r\u00e4\u00e4 hoitajia ei ole ollut saatavilla, vanhuksia ei ole voitu ottaa hoivapaikoille. Hoivakoteja on jouduttu jopa sulkemaan. Kynnys p\u00e4\u00e4st\u00e4 palveluiden piiriin on noussut merkitt\u00e4v\u00e4sti, Tavio sanoo.<\/p>\n\n\n\n<p>KD:n kansanedustaja&nbsp;<strong>P\u00e4ivi R\u00e4s\u00e4sen<\/strong>&nbsp;mukaan KD:n eduskuntaryhm\u00e4 on koko vaalikauden ajan patistanut hallitusta ratkaisemaan hoitajapula ja tehnyt konkreettisia esityksi\u00e4 sotekriisin est\u00e4miseksi.<\/p>\n\n\n\n<p>\u2013\u2009Hallitus on osannut tehd\u00e4 vanhuspalveluiden ja terveydenhoidon pyk\u00e4li\u00e4, mutta ei toimia, joilla olisi turvattu resurssit ja henkil\u00f6st\u00f6 niiden toteuttamiseksi. Hallituksen asettama ty\u00f6ryhm\u00e4 ei ole saanut yht\u00e4\u00e4n tomivaa esityst\u00e4 aikaan. K\u00e4rjistyv\u00e4 sotekriisi uhkaa jo v\u00e4litt\u00f6m\u00e4sti kansalaisten henke\u00e4 ja siksikin on v\u00e4ltt\u00e4m\u00e4t\u00f6nt\u00e4 tarttua opposition j\u00e4reimp\u00e4\u00e4n keinoon, v\u00e4likysymykseen, R\u00e4s\u00e4nen toteaa.<\/p>\n\n\n\n<p>Kokoomuksen puheenjohtaja\u00a0<strong>Petteri Orpo<\/strong>\u00a0kertoi jo elokuun puoliv\u00e4liss\u00e4 kokoomuksen puoluejohdon kes\u00e4kokouksessa, ett\u00e4 puolue aikoo j\u00e4tt\u00e4\u00e4 v\u00e4likysymyksen vanhus- ja terveyspalveluiden kriisist\u00e4.<\/p>\n\n\n\n<h3>Kaksi v\u00e4likysymyst\u00e4<\/h3>\n\n\n\n<p><strong>Sanna Marinin<\/strong>&nbsp;(sd) hallitus on saamassa syysistuntokauden alkuun kaksi v\u00e4likysymyst\u00e4.<\/p>\n\n\n\n<p>PS:n puheenjohtaja&nbsp;<strong>Riikka Purra<\/strong>&nbsp;kertoi torstaina eduskunnassa, ett\u00e4 PS j\u00e4tt\u00e4\u00e4 v\u00e4likysymyksen polttoaineiden ja s\u00e4hk\u00f6n hintojen noususta ja hallituksen kyvytt\u00f6myydest\u00e4 reagoida tilanteeseen.<\/p>\n\n\n\n<p>V\u00e4likysymys on v\u00e4hint\u00e4\u00e4n 20 kansanedustajan valtioneuvostolle tai ministerille t\u00e4m\u00e4n toimialaan kuuluvasta asiasta osoittama kysymys, jonka tarkoituksena on mitata valtioneuvoston tai ministerin nauttima luottamus.<\/p>\n","protected":false},"excerpt":{"rendered":"<p>Sanna Marinin (sd) hallitus on saamassa syysistuntokauden alkuun kaksi v\u00e4likysymyst\u00e4. Kokoomus, perussuomalaiset ja kristillisdemokraatit j\u00e4ttiv\u00e4t perjantaina yhteisen v\u00e4likysymyksen\u00a0Sanna Marinin\u00a0(sd) hallitukselle vanhuspalveluiden tilanteesta ja terveyspalveluiden kriisiytymisest\u00e4. Oppositioryhm\u00e4t muistuttavat, ett\u00e4 p\u00e4\u00e4ministeri&nbsp;Sanna Marinin&nbsp;(sd) hallitusohjelmassa luvattiin palauttaa luottamus vanhuspalveluiden laatuun, oikea-aikaisuuteen ja saatavuuteen. \u2013\u2009Sen sijaan hallituksen vahtivuorolla pitk\u00e4\u00e4n vaivannut hoitajapula on p\u00e4\u00e4stetty entisest\u00e4\u00e4n syvenem\u00e4\u00e4n, mik\u00e4 on johtanut vanhus- ja <a href=\"https:\/\/www.sarisarkomaa.fi\/?p=11625\" class=\"more-link\">...jatka lukemista<span class=\"screen-reader-text\"> \"Iltalehti 9.9.2022: Oppositio pommittaa hallitusta \u2013 v\u00e4likysymys vanhus- ja terveyspalveluista\"<\/span><\/a><\/p>\n","protected":false},"author":1,"featured_media":0,"comment_status":"closed","ping_status":"open","sticky":false,"template":"","format":"standard","meta":[],"categories":[18,5,4],"tags":[],"_links":{"self":[{"href":"https:\/\/www.sarisarkomaa.fi\/index.php?rest_route=\/wp\/v2\/posts\/11625"}],"collection":[{"href":"https:\/\/www.sarisarkomaa.fi\/index.php?rest_route=\/wp\/v2\/posts"}],"about":[{"href":"https:\/\/www.sarisarkomaa.fi\/index.php?rest_route=\/wp\/v2\/types\/post"}],"author":[{"embeddable":true,"href":"https:\/\/www.sarisarkomaa.fi\/index.php?rest_route=\/wp\/v2\/users\/1"}],"replies":[{"embeddable":true,"href":"https:\/\/www.sarisarkomaa.fi\/index.php?rest_route=%2Fwp%2Fv2%2Fcomments&post=11625"}],"version-history":[{"count":1,"href":"https:\/\/www.sarisarkomaa.fi\/index.php?rest_route=\/wp\/v2\/posts\/11625\/revisions"}],"predecessor-version":[{"id":11626,"href":"https:\/\/www.sarisarkomaa.fi\/index.php?rest_route=\/wp\/v2\/posts\/11625\/revisions\/11626"}],"wp:attachment":[{"href":"https:\/\/www.sarisarkomaa.fi\/index.php?rest_route=%2Fwp%2Fv2%2Fmedia&parent=11625"}],"wp:term":[{"taxonomy":"category","embeddable":true,"href":"https:\/\/www.sarisarkomaa.fi\/index.php?rest_route=%2Fwp%2Fv2%2Fcategories&post=11625"},{"taxonomy":"post_tag","embeddable":true,"href":"https:\/\/www.sarisarkomaa.fi\/index.php?rest_route=%2Fwp%2Fv2%2Ftags&post=11625"}],"curies":[{"name":"wp","href":"https:\/\/api.w.org\/{rel}","templated":true}]}}