{"id":11668,"date":"2022-10-04T11:36:53","date_gmt":"2022-10-04T09:36:53","guid":{"rendered":"https:\/\/www.sarisarkomaa.fi\/?p=11668"},"modified":"2022-10-04T11:36:53","modified_gmt":"2022-10-04T09:36:53","slug":"mtv-uutiset-28-9-eduskunta-keskustelee-hoiva-alaa-koskevasta-valikysymyksesta-ennestaan-heikko-tilanne-on-romahtanut-ja-kriisiytynyt","status":"publish","type":"post","link":"https:\/\/www.sarisarkomaa.fi\/?p=11668","title":{"rendered":"MTV Uutiset 28.9.: Eduskunta keskustelee hoiva-alaa koskevasta v\u00e4likysymyksest\u00e4 \u2013 &#8221;Ennest\u00e4\u00e4n heikko tilanne on romahtanut ja kriisiytynyt&#8221;"},"content":{"rendered":"\n<p><strong>Hallitus vastaa t\u00e4n\u00e4\u00e4n opposition v\u00e4likysymykseen vanhuspalveluiden tilanteesta ja terveyspalveluiden kriisiytymisest\u00e4.&nbsp;<\/strong><\/p>\n\n\n\n<p>Perussuomalaiset, Kokoomus ja Kristillisdemokraatit j\u00e4ttiv\u00e4t alkukuusta v\u00e4likysymyksen, johon hallitus vastaa t\u00e4n\u00e4\u00e4n eduskunnan istunnossa. Oppostitiopuolueiden mukaan erityisesti vanhuspalvelut ovat kriisiytyneet, ja hallitus on laiminly\u00f6nyt kriisin ratkaisun.&nbsp;<\/p>\n\n\n\n<p>\u2013 Vanhuspalveluiden ennest\u00e4\u00e4n heikko tilanne on romahtanut ja kriisiytynyt t\u00e4ll\u00e4 hallituskaudella, sanoo kansanedustaja&nbsp;<strong>Sari Sarkomaa<\/strong>&nbsp;oppostitiopuolue Kokoomuksesta.&nbsp;<\/p>\n\n\n\n<p>\u2013 Hallitus on laiminly\u00f6nyt toimet henkil\u00f6st\u00f6pulan lievitt\u00e4miseksi. Erityisesti hoitoalan veto- ja pitovoiman toimimenpiteit\u00e4 ei ole t\u00e4ll\u00e4 hallituskaudella tehty, Sarkomaa sanoo.<\/p>\n\n\n\n<h2>Koulutuspaikkoja on lis\u00e4tty, mutta riitt\u00e4\u00e4k\u00f6 se?<\/h2>\n\n\n\n<p>Hallituspuolue sosialidemokraattien kansanedustaja\u00a0<strong>Heidi Viljanen<\/strong>\u00a0sanoo, ett\u00e4 v\u00e4likysymys on t\u00e4rke\u00e4 ja ajankohtainen.\u00a0<\/p>\n\n\n\n<p>\u2013 En allekirjoita, ett\u00e4 mit\u00e4\u00e4n ei olisi tehty. Mik\u00e4\u00e4n muu hallitus kuin t\u00e4m\u00e4 ei ole yh\u00e4 paljon rahoittanut kuntia ja kunnat ovat viel\u00e4 t\u00e4m\u00e4n vuoden loppuun vastuussa sosiaali- ja terveyspalveluista. &nbsp;<\/p>\n\n\n\n<p>H\u00e4n sanoo my\u00f6s, hallitus on lis\u00e4nnyt terveydenhuoltoalan koulutuspaikkoja.&nbsp;<\/p>\n\n\n\n<p>\u2013 Vuoteen 2019 verrattuna viime vuonna aloitti 1000 l\u00e4hihoitaja- ja sairaanhoitajaopiskelijaa enemm\u00e4n.&nbsp;&nbsp;<\/p>\n\n\n\n<p>Sarkomaan mukaan koulutuspaikkojen lis\u00e4\u00e4minen on t\u00e4rke\u00e4\u00e4, mutta ei ratkaise ongelmaa&nbsp;<\/p>\n\n\n\n<p>\u2013 Hakijam\u00e4\u00e4r\u00e4t ovat romahtaneet ja hoitajat l\u00e4htev\u00e4t muille aloille tai ulkomaille t\u00f6ihin. Vakavin virhe on se, ett\u00e4 ne toimet, joilla hoitoalan&nbsp; houkuttelevuutta lis\u00e4tt\u00e4isiin, on laiminly\u00f6ty, Sarkomaa sanoo.<\/p>\n\n\n\n<h2>Hallitus porrastaa hoitajamitoitusta<\/h2>\n\n\n\n<p>Ty\u00f6voimapula uhkaa ensi kev\u00e4\u00e4n\u00e4 voimaan tulevaa 0,7 hoitajamitoitusta. Viljasen mukaan hallitus ei ole valmis tinkim\u00e4\u00e4n hoitajamitoituksesta.&nbsp;<\/p>\n\n\n\n<p>\u2013 T\u00e4ll\u00e4 hetkell\u00e4 on tavoite, ett\u00e4 0,7 tulisi voimaan huhtikuun alussa. Tied\u00e4mme, ett\u00e4 meilt\u00e4 puuttuu 3400 hoitajaa. T\u00e4st\u00e4 syyst\u00e4 porrastamme mitoituksen voimaantuloa.&nbsp;<\/p>\n\n\n\n<p>Kokoomus ei usko, ett\u00e4 hoitajamitoitus yksist\u00e4\u00e4n ratkaisisi terveys- ja vanhuspalveluiden kriisi\u00e4.&nbsp;<\/p>\n\n\n\n<p>\u2013 Hoitajia tarvitaan lis\u00e4\u00e4 kaikkiin palveluihin, mutta t\u00e4m\u00e4 mitoitus ei ole tuonut heit\u00e4 lis\u00e4\u00e4. Kysyn t\u00e4ss\u00e4, onko hallitus edes ollut sitoutunut t\u00e4h\u00e4n mitoitukseen?<\/p>\n\n\n\n<p>\u2013 Jos mitoitus tulisi nyt voimaan, niin esimerkiksi p\u00e4\u00e4kaupunkiseudulla jouduttaisiin edelleen sulkemaan ymp\u00e4rivuorokautisen hoivan paikkoja, esimerkiksi Espoossa 150 ja Vantaalla sata. T\u00e4m\u00e4 on entisest\u00e4\u00e4n heikent\u00e4nyt vanhuspalveuiden tilannetta. Siksi tarvitsemme nyt ratkaisuja, Sarkomaa sanoo.<\/p>\n\n\n\n<p>VIljanen toivoo selkeit\u00e4 neuvoja tilanteen ratkaisemiseksi. H\u00e4nen mukaansa hoiva-avustajien laskeminen 0,7 mitoitukseen helpottaa jo tilannetta.&nbsp;<\/p>\n\n\n\n<p>\u2013&nbsp;Toimia on jo tullut. Nyt pystymme k\u00e4ytt\u00e4m\u00e4\u00e4n hoiva-avustajia enemm\u00e4n kuin ennen. T\u00e4m\u00e4 hoitajamitoitus yksist\u00e4\u00e4n on viesti hoitajille siit\u00e4, ett\u00e4 heid\u00e4n ty\u00f6t\u00e4\u00e4n arvostetaan, Viljanen sanoo.<\/p>\n\n\n\n<p>Viljasen mukaan tilanteesta my\u00f6s maalataan liian synkk\u00e4\u00e4 kuvaa.<\/p>\n\n\n\n<p>\u2013 Meill\u00e4 on jo nyt huomattavan paljon yksik\u00f6it\u00e4, joissa 0,7 toimii ja 0,6 pystyy suurin osa yksik\u00f6ist\u00e4. TIlanne ei ole aivan niin katastrofaalinen, kuin t\u00e4ss\u00e4 maalaillaan, Viljanen sanoo.&nbsp;<\/p>\n\n\n\n<p>Kokoomuksen mukaan hallitus ei ole ottanut oppostion vaihtoehtobudjetissaan tekemi\u00e4 ehdotuksia huomioon. N\u00e4it\u00e4 olisi esimerkiksi teknologisten ratkaisujen laskeminen hoitajamitoitukseen.&nbsp;<\/p>\n\n\n\n<p>Eduskunta keskustelee v\u00e4likysymyksest\u00e4 t\u00e4n\u00e4\u00e4n kello 14.00 alkaen.&nbsp;<\/p>\n","protected":false},"excerpt":{"rendered":"<p>Hallitus vastaa t\u00e4n\u00e4\u00e4n opposition v\u00e4likysymykseen vanhuspalveluiden tilanteesta ja terveyspalveluiden kriisiytymisest\u00e4.&nbsp; Perussuomalaiset, Kokoomus ja Kristillisdemokraatit j\u00e4ttiv\u00e4t alkukuusta v\u00e4likysymyksen, johon hallitus vastaa t\u00e4n\u00e4\u00e4n eduskunnan istunnossa. Oppostitiopuolueiden mukaan erityisesti vanhuspalvelut ovat kriisiytyneet, ja hallitus on laiminly\u00f6nyt kriisin ratkaisun.&nbsp; \u2013 Vanhuspalveluiden ennest\u00e4\u00e4n heikko tilanne on romahtanut ja kriisiytynyt t\u00e4ll\u00e4 hallituskaudella, sanoo kansanedustaja&nbsp;Sari Sarkomaa&nbsp;oppostitiopuolue Kokoomuksesta.&nbsp; \u2013 Hallitus on laiminly\u00f6nyt toimet <a href=\"https:\/\/www.sarisarkomaa.fi\/?p=11668\" class=\"more-link\">...jatka lukemista<span class=\"screen-reader-text\"> \"MTV Uutiset 28.9.: Eduskunta keskustelee hoiva-alaa koskevasta v\u00e4likysymyksest\u00e4 \u2013 &#8221;Ennest\u00e4\u00e4n heikko tilanne on romahtanut ja kriisiytynyt&#8221;\"<\/span><\/a><\/p>\n","protected":false},"author":1,"featured_media":0,"comment_status":"closed","ping_status":"open","sticky":false,"template":"","format":"standard","meta":[],"categories":[18,1,4],"tags":[],"_links":{"self":[{"href":"https:\/\/www.sarisarkomaa.fi\/index.php?rest_route=\/wp\/v2\/posts\/11668"}],"collection":[{"href":"https:\/\/www.sarisarkomaa.fi\/index.php?rest_route=\/wp\/v2\/posts"}],"about":[{"href":"https:\/\/www.sarisarkomaa.fi\/index.php?rest_route=\/wp\/v2\/types\/post"}],"author":[{"embeddable":true,"href":"https:\/\/www.sarisarkomaa.fi\/index.php?rest_route=\/wp\/v2\/users\/1"}],"replies":[{"embeddable":true,"href":"https:\/\/www.sarisarkomaa.fi\/index.php?rest_route=%2Fwp%2Fv2%2Fcomments&post=11668"}],"version-history":[{"count":1,"href":"https:\/\/www.sarisarkomaa.fi\/index.php?rest_route=\/wp\/v2\/posts\/11668\/revisions"}],"predecessor-version":[{"id":11669,"href":"https:\/\/www.sarisarkomaa.fi\/index.php?rest_route=\/wp\/v2\/posts\/11668\/revisions\/11669"}],"wp:attachment":[{"href":"https:\/\/www.sarisarkomaa.fi\/index.php?rest_route=%2Fwp%2Fv2%2Fmedia&parent=11668"}],"wp:term":[{"taxonomy":"category","embeddable":true,"href":"https:\/\/www.sarisarkomaa.fi\/index.php?rest_route=%2Fwp%2Fv2%2Fcategories&post=11668"},{"taxonomy":"post_tag","embeddable":true,"href":"https:\/\/www.sarisarkomaa.fi\/index.php?rest_route=%2Fwp%2Fv2%2Ftags&post=11668"}],"curies":[{"name":"wp","href":"https:\/\/api.w.org\/{rel}","templated":true}]}}