{"id":11703,"date":"2022-10-24T09:09:42","date_gmt":"2022-10-24T07:09:42","guid":{"rendered":"https:\/\/www.sarisarkomaa.fi\/?p=11703"},"modified":"2022-10-24T09:09:42","modified_gmt":"2022-10-24T07:09:42","slug":"tiedote-22-10-2022-kokoomuksen-sarkomaa-ja-laiho-hallituksen-esittama-kela-korvausleikkaus-vastuuton-yha-useampi-sysataan-jonoon","status":"publish","type":"post","link":"https:\/\/www.sarisarkomaa.fi\/?p=11703","title":{"rendered":"Tiedote 22.10.2022: Kokoomuksen Sarkomaa ja Laiho: Hallituksen esitt\u00e4m\u00e4 Kela-korvausleikkaus vastuuton &#8211; yh\u00e4 useampi sys\u00e4t\u00e4\u00e4n jonoon"},"content":{"rendered":"\n<p><strong>Hallitus esitt\u00e4\u00e4 leikkauksia yksityisen sairaanhoidon Kela-korvauksiin. Kokoomuksen eduskuntaryhm\u00e4n varapuheenjohtaja Sari Sarkomaa ja sosiaali- ja terveysvaliokunnan varapuheenjohtaja Mia Laiho pit\u00e4v\u00e4t t\u00e4t\u00e4 umpivastuuttomana.<\/strong><\/p>\n\n\n\n<p>Edustajat n\u00e4kev\u00e4t valtavana riskin\u00e4 alasajaa korvauksia tilanteessa, jossa hoitojonot ovat enn\u00e4tyksellisen pitk\u00e4t ja terveydenhuolto on jo vahvasti kuormittunut. Vaarana on, ett\u00e4 yhuseamman hoito viiv\u00e4styy.<\/p>\n\n\n\n<p>My\u00f6s Kelasta on esitetty ep\u00e4ilyj\u00e4, ett\u00e4 varautuminen Kela-korvausleikkauksen johdosta julkiseen terveydenhuoltoon kohdistuvaan lis\u00e4paineeseen voi olla riitt\u00e4m\u00e4t\u00f6nt\u00e4.<\/p>\n\n\n\n<p>\u201dEduskunnan on budjettik\u00e4sittelyss\u00e4 pys\u00e4ytett\u00e4v\u00e4 hallituksen r\u00e4ike\u00e4n ideologinen esitys romuttaa Kela-korvaus. Palveluiden heikent\u00e4minen tilanteessa, jossa terveydenhuolto on jo kriisiytym\u00e4ss\u00e4 ja edess\u00e4 on valtava hallintouudistus , on j\u00e4\u00e4kylm\u00e4\u00e4 politiikkaa. Kela-korvaus on monin tavoin parantanut palveluiden saatavuutta ja helpottanut julkisen sektorin painetta. Hallitus ei n\u00e4yt\u00e4&nbsp;piittaavan yritysvastaisen toimintansa vahingollisista vaikutuksista ihmisten palveluihin ja terveydenhuollon toimintaan. Koronan tuoman hoitovelan purkuun ja julkisen terveydenhuollon kuormituksen kevent\u00e4miseksi olisi Kela-korvauksia p\u00e4in vastoin nostettava ja otettava laajasti palvelusetelit k\u00e4ytt\u00f6\u00f6n niin, ett\u00e4 ihmiset saavat tarvitsemansa hoidon yhdenvertaisesti ja ajoissa\", Sarkomaa sanoo.<\/p>\n\n\n\n<p>\u201dEriarvoisuus hoitoon ja palveluihin p\u00e4\u00e4syss\u00e4 on suurimpia haasteitamme. Jotta kansalaisten lakis\u00e4\u00e4teiset palvelut voitaisiin turvata, tarvitaan sek\u00e4 julkisen, yksityisen ett\u00e4 kolmannen sektorin ja j\u00e4rjest\u00f6jen sosiaali- ja terveyspalvelujen hy\u00f6dynt\u00e4mist\u00e4. Ilman lis\u00e4toimia hoitojonot ja hoitovelka eiv\u00e4t lyhene. Hallitus ei voi sulkea silmi\u00e4\u00e4n ihmisten h\u00e4d\u00e4lt\u00e4.&nbsp;Hoitoon p\u00e4\u00e4syn turvaamiseksi olisi j\u00e4rkev\u00e4\u00e4 mieluummin korottaa Kela-korvausta. Korvausten leikkauslinja on kylm\u00e4\u00e4 kyyti\u00e4 hoitoa tarvitseville ihmisille\u201d, Laiho sanoo.<\/p>\n\n\n\n<p>My\u00f6s Kelassa on oltu korvausten leikkauksista huolissaan. Kelan asiantuntijan mukaan asiakkaita saattaa siirty\u00e4 paljonkin yksityiselt\u00e4 julkiselle ja on ep\u00e4varmaa, onko hallitus varautunut t\u00e4h\u00e4n riitt\u00e4v\u00e4sti. Kokoomusedustajien mielest\u00e4 Kela-korvausten leikkaus on ristiriidassa sen tavoitteen kanssa, ett\u00e4 hoitoon tulisi p\u00e4\u00e4st\u00e4 nykyist\u00e4 nopeammin.<\/p>\n\n\n\n<p>\u201dMoni k\u00e4ytt\u00e4\u00e4 yksityisi\u00e4 terveydenhuollon palveluita siksi, ett\u00e4 julkisen sektorin palveluihin ei p\u00e4\u00e4se. Kela-korvatuista palveluista esimerkiksi silm\u00e4l\u00e4\u00e4k\u00e4rin ja gynekologin palveluita ei ole edes saatavilla kuntien terveyskeskuksista. Kela-korvausten alasajo on vastuuton, sill\u00e4 se tulee vaikeuttamaan ihmisten hoitoon p\u00e4\u00e4sy\u00e4 ja lis\u00e4\u00e4m\u00e4\u00e4n eriarvoisuutta\u201d, edustajat sanovat.<\/p>\n\n\n\n<p>Lis\u00e4tietoja:<\/p>\n\n\n\n<p>Sari Sarkomaa, 050 511 3033<\/p>\n\n\n\n<p>Mia Laiho, 050 433 6461<\/p>\n","protected":false},"excerpt":{"rendered":"<p>Hallitus esitt\u00e4\u00e4 leikkauksia yksityisen sairaanhoidon Kela-korvauksiin. Kokoomuksen eduskuntaryhm\u00e4n varapuheenjohtaja Sari Sarkomaa ja sosiaali- ja terveysvaliokunnan varapuheenjohtaja Mia Laiho pit\u00e4v\u00e4t t\u00e4t\u00e4 umpivastuuttomana. Edustajat n\u00e4kev\u00e4t valtavana riskin\u00e4 alasajaa korvauksia tilanteessa, jossa hoitojonot ovat enn\u00e4tyksellisen pitk\u00e4t ja terveydenhuolto on jo vahvasti kuormittunut. Vaarana on, ett\u00e4 yhuseamman hoito viiv\u00e4styy. My\u00f6s Kelasta on esitetty ep\u00e4ilyj\u00e4, ett\u00e4 varautuminen Kela-korvausleikkauksen johdosta julkiseen <a href=\"https:\/\/www.sarisarkomaa.fi\/?p=11703\" class=\"more-link\">...jatka lukemista<span class=\"screen-reader-text\"> \"Tiedote 22.10.2022: Kokoomuksen Sarkomaa ja Laiho: Hallituksen esitt\u00e4m\u00e4 Kela-korvausleikkaus vastuuton &#8211; yh\u00e4 useampi sys\u00e4t\u00e4\u00e4n jonoon\"<\/span><\/a><\/p>\n","protected":false},"author":1,"featured_media":0,"comment_status":"closed","ping_status":"open","sticky":false,"template":"","format":"standard","meta":[],"categories":[18,4],"tags":[],"_links":{"self":[{"href":"https:\/\/www.sarisarkomaa.fi\/index.php?rest_route=\/wp\/v2\/posts\/11703"}],"collection":[{"href":"https:\/\/www.sarisarkomaa.fi\/index.php?rest_route=\/wp\/v2\/posts"}],"about":[{"href":"https:\/\/www.sarisarkomaa.fi\/index.php?rest_route=\/wp\/v2\/types\/post"}],"author":[{"embeddable":true,"href":"https:\/\/www.sarisarkomaa.fi\/index.php?rest_route=\/wp\/v2\/users\/1"}],"replies":[{"embeddable":true,"href":"https:\/\/www.sarisarkomaa.fi\/index.php?rest_route=%2Fwp%2Fv2%2Fcomments&post=11703"}],"version-history":[{"count":1,"href":"https:\/\/www.sarisarkomaa.fi\/index.php?rest_route=\/wp\/v2\/posts\/11703\/revisions"}],"predecessor-version":[{"id":11704,"href":"https:\/\/www.sarisarkomaa.fi\/index.php?rest_route=\/wp\/v2\/posts\/11703\/revisions\/11704"}],"wp:attachment":[{"href":"https:\/\/www.sarisarkomaa.fi\/index.php?rest_route=%2Fwp%2Fv2%2Fmedia&parent=11703"}],"wp:term":[{"taxonomy":"category","embeddable":true,"href":"https:\/\/www.sarisarkomaa.fi\/index.php?rest_route=%2Fwp%2Fv2%2Fcategories&post=11703"},{"taxonomy":"post_tag","embeddable":true,"href":"https:\/\/www.sarisarkomaa.fi\/index.php?rest_route=%2Fwp%2Fv2%2Ftags&post=11703"}],"curies":[{"name":"wp","href":"https:\/\/api.w.org\/{rel}","templated":true}]}}