{"id":11707,"date":"2022-10-24T09:12:57","date_gmt":"2022-10-24T07:12:57","guid":{"rendered":"https:\/\/www.sarisarkomaa.fi\/?p=11707"},"modified":"2022-10-24T09:12:57","modified_gmt":"2022-10-24T07:12:57","slug":"tiedote-23-10-2022-kokoomuksen-sarkomaa-ja-multala-hallituksen-vastattava-varhaiskasvatuksen-opettajapulaan-heti","status":"publish","type":"post","link":"https:\/\/www.sarisarkomaa.fi\/?p=11707","title":{"rendered":"Tiedote 23.10.2022: Kokoomuksen Sarkomaa ja Multala: Hallituksen vastattava varhaiskasvatuksen opettajapulaan heti!"},"content":{"rendered":"\n<p><strong>Kokoomuksen kansanedustajat Sari Sarkomaa ja Sari Multala vaativat hallitukselta v\u00e4litt\u00f6mi\u00e4 p\u00e4\u00e4t\u00f6ksi\u00e4, joilla varhaiskasvatuksen opettajien pulaan vastataan. On vakava virhe, ett\u00e4 istuva hallitus ei ole jatkanut Sipil\u00e4n hallituksen viitoittamalla tiell\u00e4, jolla varhaiskasvatuksen opettajien koulutusm\u00e4\u00e4ri\u00e4 alettiin nostaa m\u00e4\u00e4r\u00e4tietoisesti.<\/strong><\/p>\n\n\n\n<p>\u201dHallitus antaa viel\u00e4 t\u00e4ydent\u00e4v\u00e4n talousarvioesityksens\u00e4, jossa se voi korjata virheens\u00e4. Nyt katsotaan hallituksen poliittista tahtotilaa osoittaa riitt\u00e4v\u00e4 rahoitus varhaiskasvatuksen opettajien koulutusm\u00e4\u00e4rien kasvattamiseksi ja vakinaistamiseksi sek\u00e4 sitoutuminen uuteen varhaiskasvatuslakiin\u201d, edustajat aloittavat.<\/p>\n\n\n\n<p>Pula varhaiskasvatuksen opettajista on huutava. Tilanne on johtanut pahimmillaan siihen, ett\u00e4 kunnat ovat joutuneet sulkemaan p\u00e4iv\u00e4koteja. P\u00e4tev\u00e4n henkil\u00f6st\u00f6n ja jopa sijaisten l\u00f6yt\u00e4minen on eritt\u00e4in vaikeaa. T\u00e4m\u00e4 on omiaan murentamaan alan pito- ja vetovoimaa heikent\u00e4en samalla varhaiskasvatuksen laatua.&nbsp;<\/p>\n\n\n\n<p>On vakava laiminly\u00f6nti, ettei&nbsp;korkeakoulu- ja tiedepolitiikasta vastaava ministeri Petri Honkonen (kesk.) ole esitt\u00e4nyt ministeri\u00f6ns\u00e4 johdolla lis\u00e4yst\u00e4 varhaiskasvatuksen opettajien aloituspaikkoihin ensi vuoden talousarvioon.&nbsp;Helsingin yliopiston j\u00e4rjest\u00e4m\u00e4 p\u00e4tev\u00f6itt\u00e4miskoulutus jo alalla oleville lastenhoitajille on my\u00f6s j\u00e4tetty ilman rahoitusta tulevina vuosina.&nbsp;Ministeri on tunnistanut ongelman kutsumalla kriisikokouksen kokoon, mutta ei ole edist\u00e4nyt kaikkein ilmeisint\u00e4 ratkaisua. Her\u00e4\u00e4 vahva ep\u00e4ilys onko tiedeministeri ja muu hallitus ylip\u00e4\u00e4t\u00e4\u00e4n sitoutunut uuden varhaiskasvatuslain toteuttamiseen.<\/p>\n\n\n\n<p>\u201dMinisterilt\u00e4 odotettiin vastuunkantoa t\u00e4ss\u00e4 haastavassa tilanteessa. Esimerkiksi OAJ on laskenut, ett\u00e4 aloituspaikkojen kasvattaminen 1400:aan olisi kustantanut ensi vuonna 2,3 miljoonaa euroa. Kaikista hallituksen menolis\u00e4yksist\u00e4 huolimatta ei t\u00e4h\u00e4n lapsille ja perheille t\u00e4rke\u00e4\u00e4n asiaa ole rahaa riitt\u00e4nyt\", h\u00e4mm\u00e4stelev\u00e4t edustajat.<\/p>\n\n\n\n<p>Edustajat muistuttavat, ett\u00e4 varhaiskasvatuksen opettajapulan taustalla on se, ett\u00e4 yliopistojen koulutusm\u00e4\u00e4r\u00e4t ovat olleet jo pitk\u00e4\u00e4n t\u00e4ysin riitt\u00e4m\u00e4tt\u00f6mi\u00e4. Nyt tarvitaan toimenpiteit\u00e4 hallitukselta. <\/p>\n\n\n\n<p>\u201dVarhaiskasvatuksen laadun vahvistamista on jatkettava varhaiskasvatuslain mukaisesti. Hallituksen teht\u00e4v\u00e4n\u00e4 on varmistaa, ett\u00e4 meill\u00e4 on riitt\u00e4v\u00e4sti varhaiskasvatuksen opettajia ja muita ammattilaisia, kun uusi henkil\u00f6st\u00f6rakenne astuu voimaan vuonna 2030. Nyt on viimeinen aika toimia!\u201d edustajat p\u00e4\u00e4tt\u00e4v\u00e4t.<\/p>\n\n\n\n<p>Lis\u00e4tietoja:<\/p>\n\n\n\n<p>Sari Sarkomaa, 050 511 3033<\/p>\n\n\n\n<p>Sari Multala, 040 531 7104<\/p>\n","protected":false},"excerpt":{"rendered":"<p>Kokoomuksen kansanedustajat Sari Sarkomaa ja Sari Multala vaativat hallitukselta v\u00e4litt\u00f6mi\u00e4 p\u00e4\u00e4t\u00f6ksi\u00e4, joilla varhaiskasvatuksen opettajien pulaan vastataan. On vakava virhe, ett\u00e4 istuva hallitus ei ole jatkanut Sipil\u00e4n hallituksen viitoittamalla tiell\u00e4, jolla varhaiskasvatuksen opettajien koulutusm\u00e4\u00e4ri\u00e4 alettiin nostaa m\u00e4\u00e4r\u00e4tietoisesti. \u201dHallitus antaa viel\u00e4 t\u00e4ydent\u00e4v\u00e4n talousarvioesityksens\u00e4, jossa se voi korjata virheens\u00e4. Nyt katsotaan hallituksen poliittista tahtotilaa osoittaa riitt\u00e4v\u00e4 rahoitus varhaiskasvatuksen <a href=\"https:\/\/www.sarisarkomaa.fi\/?p=11707\" class=\"more-link\">...jatka lukemista<span class=\"screen-reader-text\"> \"Tiedote 23.10.2022: Kokoomuksen Sarkomaa ja Multala: Hallituksen vastattava varhaiskasvatuksen opettajapulaan heti!\"<\/span><\/a><\/p>\n","protected":false},"author":1,"featured_media":0,"comment_status":"closed","ping_status":"open","sticky":false,"template":"","format":"standard","meta":[],"categories":[18,4],"tags":[],"_links":{"self":[{"href":"https:\/\/www.sarisarkomaa.fi\/index.php?rest_route=\/wp\/v2\/posts\/11707"}],"collection":[{"href":"https:\/\/www.sarisarkomaa.fi\/index.php?rest_route=\/wp\/v2\/posts"}],"about":[{"href":"https:\/\/www.sarisarkomaa.fi\/index.php?rest_route=\/wp\/v2\/types\/post"}],"author":[{"embeddable":true,"href":"https:\/\/www.sarisarkomaa.fi\/index.php?rest_route=\/wp\/v2\/users\/1"}],"replies":[{"embeddable":true,"href":"https:\/\/www.sarisarkomaa.fi\/index.php?rest_route=%2Fwp%2Fv2%2Fcomments&post=11707"}],"version-history":[{"count":1,"href":"https:\/\/www.sarisarkomaa.fi\/index.php?rest_route=\/wp\/v2\/posts\/11707\/revisions"}],"predecessor-version":[{"id":11708,"href":"https:\/\/www.sarisarkomaa.fi\/index.php?rest_route=\/wp\/v2\/posts\/11707\/revisions\/11708"}],"wp:attachment":[{"href":"https:\/\/www.sarisarkomaa.fi\/index.php?rest_route=%2Fwp%2Fv2%2Fmedia&parent=11707"}],"wp:term":[{"taxonomy":"category","embeddable":true,"href":"https:\/\/www.sarisarkomaa.fi\/index.php?rest_route=%2Fwp%2Fv2%2Fcategories&post=11707"},{"taxonomy":"post_tag","embeddable":true,"href":"https:\/\/www.sarisarkomaa.fi\/index.php?rest_route=%2Fwp%2Fv2%2Ftags&post=11707"}],"curies":[{"name":"wp","href":"https:\/\/api.w.org\/{rel}","templated":true}]}}