{"id":11833,"date":"2023-01-14T09:56:00","date_gmt":"2023-01-14T07:56:00","guid":{"rendered":"https:\/\/www.sarisarkomaa.fi\/?p=11833"},"modified":"2023-02-08T10:01:57","modified_gmt":"2023-02-08T08:01:57","slug":"tiedote-14-1-2023-sarkomaa-muistisairaiden-sopeutumisvalmennuksen-lopetuspaatos-taytyy-perua","status":"publish","type":"post","link":"https:\/\/www.sarisarkomaa.fi\/?p=11833","title":{"rendered":"Tiedote 14.1.2023: Sarkomaa: Muistisairaiden sopeutumisvalmennuksen lopetusp\u00e4\u00e4t\u00f6s t\u00e4ytyy perua"},"content":{"rendered":"\n<p><strong>Kansanedustaja, kokoomuksen eduskuntaryhm\u00e4n varapuheenjohtaja Sari Sarkomaa pit\u00e4\u00e4 kest\u00e4m\u00e4tt\u00f6m\u00e4n\u00e4 p\u00e4\u00e4t\u00f6st\u00e4 lakkauttaa ik\u00e4\u00e4ntynteiden muistisairaiden sopeutumisvalmennus. Sarkomaa vaatii sosiaali-ja terveysministeri\u00f6t\u00e4 etsim\u00e4\u00e4n ripe\u00e4sti ratkaisun, joka mahdollistaa muistisairaille ja heid\u00e4n perheilleen t\u00e4rke\u00e4n sopeutumisvalmennus jatkumisen. Nykyisin palvelun j\u00e4rjest\u00e4j\u00e4 on ollut Kela.<\/strong><\/p>\n\n\n\n<p>\u201dP\u00e4\u00e4t\u00f6s on tyrmistytt\u00e4v\u00e4 tieto ihmisille, jotka ovat saaneet muistisairausdiagnoosin ja joutuvat sopeutumaan uuteen arkeen etenev\u00e4n neurologisen sairauden kanssa ilman sopeutumisvalmennuksen tuomaa tukea. Muistisairaus koskettaa monin tavoin sairastuneen puolisoa ja muita l\u00e4heisi\u00e4. Tarve tiedolle ja tuelle on useimmiten huutava uudessa el\u00e4m\u00e4ntilanteessa. Sopeutumisvalmennus auttaa l\u00f6yt\u00e4m\u00e4\u00e4n keinoja el\u00e4\u00e4 omann\u00e4k\u00f6ist\u00e4 el\u00e4m\u00e4\u00e4 sairaudesta huolimatta\u201d, Sarkomaa sanoo.<\/p>\n\n\n\n<p>\u201dUsein muistisairaalle ainoan kuntoutusmuodon lakkauttaminen ilman korvaavaa vaihtoehtoa on j\u00e4tt\u00e4m\u00e4ss\u00e4 muistisairaat tyhj\u00e4n p\u00e4\u00e4lle. Olen j\u00e4tt\u00e4nyt hallitukselle eilen <a href=\"https:\/\/www.eduskunta.fi\/FI\/vaski\/KasittelytiedotValtiopaivaasia\/Sivut\/KK_674+2022.aspx\">kirjallisen kysymyksen (674\/2022 vp<\/a>), jossa vaadin vastausta siihen, miten muistisairaiden henkil\u00f6iden sopeutumisvalmennuksen jatkaminen ratkaistaan. P\u00e4\u00e4t\u00f6s lopettaa Muistisairaiden sopeutumisvalmennus on peruttava\u201d, vaatii Sarkomaa.<\/p>\n\n\n\n<p>Nykyisin yh\u00e4 useampi moni-ja muistisairas vanhus j\u00e4\u00e4 ilman tukea, kun palvelut ovat ruuhkautuneet. Sarkomaan mukaan on vastuutonta, ett\u00e4 sairauden kanssa selviytymiseen t\u00e4ht\u00e4\u00e4v\u00e4 kuntoutusmuoto lakkautetaan.<\/p>\n\n\n\n<p>\u201dTavoite asua mahdollisimman pitk\u00e4\u00e4n kotona on ep\u00e4inhimillist\u00e4 politiikkaa, jos sairastunut ja heid\u00e4n l\u00e4heisens\u00e4 j\u00e4tet\u00e4\u00e4n ilman tukea ja lopetetaan toimintakyky\u00e4 ja itsen\u00e4ist\u00e4 selviytymist\u00e4 tukevia palveluita. Kotona asumisen tavoitteen ja i\u00e4kk\u00e4iden muistisairaiden arjen todellisuuden v\u00e4lill\u00e4 on suuri ep\u00e4suhtaa, johon tarvitaan ripe\u00e4sti toimia\u201d, Sarkomaa sanoo.<\/p>\n\n\n\n<p>Sarkomaa muistuttaa, ett\u00e4 l\u00e4hivuosina v\u00e4est\u00f6mme ik\u00e4\u00e4ntyy nopeasti ja sen my\u00f6t\u00e4 my\u00f6s muistisairaiden m\u00e4\u00e4r\u00e4 lis\u00e4\u00e4ntyy. Varhaisessa vaiheessa annettu kuntoutus lis\u00e4\u00e4 el\u00e4m\u00e4n laatua sek\u00e4 s\u00e4\u00e4st\u00e4\u00e4 my\u00f6s kustannuksia toimintakyvyn s\u00e4ilyess\u00e4 hyv\u00e4n\u00e4 pidemp\u00e4\u00e4n. Ymm\u00e4rt\u00e4m\u00e4tt\u00f6myys kuntoutuksen merkityksest\u00e4 tulee inhimillisesti hyvin kalliiksi ja se on my\u00f6s taloudellisesti katsottuna kest\u00e4m\u00e4t\u00f6nt\u00e4.\u00a0<\/p>\n\n\n\n<p>\u201dKaikki syyt puoltavat sit\u00e4, ett\u00e4\u00a0muistisairaiden toimintakyvyn yll\u00e4pitoon pit\u00e4\u00e4 panostaa palveluiden karsimisen sijaan. Sopeutumisvalmennuksen jatkamisen lis\u00e4ksi\u00a0on viisasta lis\u00e4t\u00e4 ik\u00e4ihmisten kotikuntoutusta ja palauttaa fysioterapian Kela-korvaus. Kotitalousv\u00e4hennys pit\u00e4isi laajentaa kotikuntoutukseen.\u00a0Jos kodin remontti on kotitalousv\u00e4hennyksen piiriss\u00e4, niin miksi ei my\u00f6s omasta kunnosta huolehtiminen?\u201d,\u00a0Sarkomaa kysyy.<\/p>\n\n\n\n<p><a href=\"https:\/\/www.eduskunta.fi\/FI\/vaski\/KasittelytiedotValtiopaivaasia\/Sivut\/KK_674+2022.aspx\">Kirjallinen kysymys muistisairaiden henkil\u00f6iden sopeutusvalmennuskurssien j\u00e4rjest\u00e4misen jatkamisesta<\/a><\/p>\n\n\n\n<p>Lis\u00e4tietoja:<\/p>\n\n\n\n<p>Sari Sarkomaa, 050 511 3033<\/p>\n","protected":false},"excerpt":{"rendered":"<p>Kansanedustaja, kokoomuksen eduskuntaryhm\u00e4n varapuheenjohtaja Sari Sarkomaa pit\u00e4\u00e4 kest\u00e4m\u00e4tt\u00f6m\u00e4n\u00e4 p\u00e4\u00e4t\u00f6st\u00e4 lakkauttaa ik\u00e4\u00e4ntynteiden muistisairaiden sopeutumisvalmennus. Sarkomaa vaatii sosiaali-ja terveysministeri\u00f6t\u00e4 etsim\u00e4\u00e4n ripe\u00e4sti ratkaisun, joka mahdollistaa muistisairaille ja heid\u00e4n perheilleen t\u00e4rke\u00e4n sopeutumisvalmennus jatkumisen. Nykyisin palvelun j\u00e4rjest\u00e4j\u00e4 on ollut Kela. \u201dP\u00e4\u00e4t\u00f6s on tyrmistytt\u00e4v\u00e4 tieto ihmisille, jotka ovat saaneet muistisairausdiagnoosin ja joutuvat sopeutumaan uuteen arkeen etenev\u00e4n neurologisen sairauden kanssa ilman sopeutumisvalmennuksen <a href=\"https:\/\/www.sarisarkomaa.fi\/?p=11833\" class=\"more-link\">...jatka lukemista<span class=\"screen-reader-text\"> \"Tiedote 14.1.2023: Sarkomaa: Muistisairaiden sopeutumisvalmennuksen lopetusp\u00e4\u00e4t\u00f6s t\u00e4ytyy perua\"<\/span><\/a><\/p>\n","protected":false},"author":1,"featured_media":0,"comment_status":"closed","ping_status":"open","sticky":false,"template":"","format":"standard","meta":[],"categories":[4],"tags":[],"_links":{"self":[{"href":"https:\/\/www.sarisarkomaa.fi\/index.php?rest_route=\/wp\/v2\/posts\/11833"}],"collection":[{"href":"https:\/\/www.sarisarkomaa.fi\/index.php?rest_route=\/wp\/v2\/posts"}],"about":[{"href":"https:\/\/www.sarisarkomaa.fi\/index.php?rest_route=\/wp\/v2\/types\/post"}],"author":[{"embeddable":true,"href":"https:\/\/www.sarisarkomaa.fi\/index.php?rest_route=\/wp\/v2\/users\/1"}],"replies":[{"embeddable":true,"href":"https:\/\/www.sarisarkomaa.fi\/index.php?rest_route=%2Fwp%2Fv2%2Fcomments&post=11833"}],"version-history":[{"count":1,"href":"https:\/\/www.sarisarkomaa.fi\/index.php?rest_route=\/wp\/v2\/posts\/11833\/revisions"}],"predecessor-version":[{"id":11834,"href":"https:\/\/www.sarisarkomaa.fi\/index.php?rest_route=\/wp\/v2\/posts\/11833\/revisions\/11834"}],"wp:attachment":[{"href":"https:\/\/www.sarisarkomaa.fi\/index.php?rest_route=%2Fwp%2Fv2%2Fmedia&parent=11833"}],"wp:term":[{"taxonomy":"category","embeddable":true,"href":"https:\/\/www.sarisarkomaa.fi\/index.php?rest_route=%2Fwp%2Fv2%2Fcategories&post=11833"},{"taxonomy":"post_tag","embeddable":true,"href":"https:\/\/www.sarisarkomaa.fi\/index.php?rest_route=%2Fwp%2Fv2%2Ftags&post=11833"}],"curies":[{"name":"wp","href":"https:\/\/api.w.org\/{rel}","templated":true}]}}