{"id":1184,"date":"2011-09-16T16:29:47","date_gmt":"2011-09-16T14:29:47","guid":{"rendered":"http:\/\/www.kaikupuro.fi\/SariSarkomaa\/?p=1184"},"modified":"2017-03-06T12:36:26","modified_gmt":"2017-03-06T10:36:26","slug":"muualla-netissa","status":"publish","type":"post","link":"https:\/\/www.sarisarkomaa.fi\/?p=1184","title":{"rendered":"Muualla netiss\u00e4"},"content":{"rendered":"<p>5.8.2013 Suvivirsi on osa suomalaista kulttuuria ja perinnett\u00e4. Ohessa <a href=\"http:\/\/www.sarisarkomaa.fi\/?p=3094\">apulaisoikeusasiamiehen ratkaisu<\/a> asiaan liittyv\u00e4\u00e4n kanteluun. Sek\u00e4 <a href=\"http:\/\/www.seurakuntalainen.fi\/uutiset\/kotimaa\/3605\/sarkomaa_rehtoreiden_ei_enaa_tarvitse_miettia_suvivirren_boikotointia\">linkki seurakuntalainen.fi<\/a> \u2013 sivuston juttuun.<\/p>\n<p>26.4.2013 Haastattelu Opettaja-lehdess\u00e4 (17\/2013, s.6) luettavissa <a href=\"http:\/\/content.opettaja.fi\/epaper\/20130426\/#\">t\u00e4st\u00e4 linkist\u00e4<\/a><\/p>\n<p>20.11.2012 Olen mukana tiistaina <strong>Yle Radio Ykk\u00f6saamussa<\/strong> keskustelemassa taloustilanteesta klo 8.15. Voit kuunnella l\u00e4hetyst\u00e4 (Helsingiss\u00e4 87.9 MHz) suorana tai j\u00e4lkik\u00e4teen osoitteessa <a href=\"http:\/\/yle.fi\/radio1\/asia\/ykkosaamu\/\">http:\/\/yle.fi\/radio1\/asia\/ykkosaamu\/<\/a><\/p>\n<p>20.9.2012 RAWR Magazine -verkkolehden MAMMA-projektin eduskunnassa tehty haastattelu <a href=\"http:\/\/www.rawr.fi\/2012\/09\/saris-interview\/\">http:\/\/www.rawr.fi\/2012\/09\/saris-interview\/<\/a><\/p>\n<p>24.8.2012 <a href=\"http:\/\/www.roosanauha.fi\/\">Roosa nauha<\/a> -l\u00e4hettil\u00e4\u00e4n\u00e4 osallistun Sy\u00f6p\u00e4s\u00e4\u00e4ti\u00f6n kampanjan avaustilaisuuteen. <a href=\"http:\/\/www.mtv3.fi\/viihde\/uutiset\/muut.shtml\/1604172\/sari-sarkomaa-minulla-on-hyva-tukirinki\">MTV3:n uutisointi t\u00e4st\u00e4 linkist\u00e4.<\/a> Tilaisuudesta kirjoitettiin my\u00f6s Apu-lehden <a href=\"http:\/\/www.apu.fi\/artikkeli\/rintalan-roosa-nauha\">verkkosivuilla.<\/a><\/p>\n<p>- Haastattelu <a href=\"http:\/\/www.etiketti.fi\/digilehdet\/etiketti-2-2012\/index.html\">Alkon asiakaslehti Etiketiss\u00e4 2\/2012<\/a><\/p>\n<p>17.4.2012 Eduskunnan Lapsen puolesta -ryhm\u00e4n varapuheenjohtajana allekirjoitin <a href=\"http:\/\/www.eduskunta.fi\/faktatmp\/utatmp\/akxtmp\/kk_296_2012_p.shtml\">kirjallisen kysymyksen vanhempien tukemisesta surussa<\/a><\/p>\n<p>8.2.2012 klo 14.30 olen mukana keskustelemassa kuntauudistuksesta YLE Radio Suomen Ajantasa-ohjelmassa. Ohjelman voi kuunnella radiosta, taajuus Helsingiss\u00e4 94.0 MHz, netin kautta<a href=\"http:\/\/www.yle.fi\/radiosuomi\/\">http:\/\/www.yle.fi\/radiosuomi\/<\/a> tai j\u00e4lkik\u00e4teen osoitteesta\u00a0<a href=\"http:\/\/yle.fi\/radiosuomi\/ohjelmat\/2011\/04\/ajantasa_1584940.html\">http:\/\/yle.fi\/radiosuomi\/ohjelmat\/2011\/04\/ajantasa_1584940.html<\/a><\/p>\n<p>02.11.2011: Ylen Ykk\u00f6saamussa keskustelemassa keskustan Puumalan kanssa, aiheena talous: <a href=\"http:\/\/areena.yle.fi\/audio\/1320218602033\" target=\"_blank\">http:\/\/areena.yle.fi\/audio\/1320218602033<\/a><\/p>\n<p>14.10.2011: Osallistun\u00a0poliitikkojen kyselytunnille\u00a0<a href=\"http:\/\/journalisminpaiva.fi\/\">Journalismin P\u00e4iv\u00e4n\u00e4<\/a> Helsingin Messukeskuksessa. Suora l\u00e4hetys Yle Radio Suomen Ajantasa-ohjelmassa klo 10 - 11. J\u00e4lkik\u00e4teen keskustelun l\u00f6yt\u00e4\u00e4\u00a0<a href=\"http:\/\/yle.fi\/radiosuomi\/ohjelmat\/2011\/04\/ajantasa_1584940.html\">t\u00e4st\u00e4 linkist\u00e4.<\/a><\/p>\n<p>10.9.2011: K\u00e4y kurkkaamassa <a href=\"http:\/\/www.kunkoululoppuu.fi\/Ammattiin\/Kansanedustajien-ystaevaekirja\/Sari-Sarkomaa\">minun tarinani<\/a> osoitteesta <a href=\"http:\/\/www.kunkoululoppuu.fi\">www.kunkoululoppuu.fi<\/a>. Yl\u00e4koululaisille ja lukiolaisille suunnatusta verkkosivustosta l\u00f6ytyy tietoa mm. ty\u00f6el\u00e4m\u00e4st\u00e4, eri ammateista, kes\u00e4t\u00f6ist\u00e4 ja opiskelusta.<\/p>\n<p><strong>5.9.2011: On ilo olla <\/strong><strong><a href=\"http:\/\/www.poikkeaputiikissa.fi\/\"><strong>Poikkea Putiikissa -kampanjan<\/strong><\/a><\/strong><strong> tukija.\u00a0Pienet putiikit tekev\u00e4t kaupungistamme viihtyis\u00e4n paikan asua ja el\u00e4\u00e4.<\/strong>Jokainen meist\u00e4 voi itse vaikuttaa pienten kauppojen elinvoimaisuuteen suosimalla niit\u00e4 ostospaikkoina. Palkaksi saa yst\u00e4v\u00e4llisen palvelun ja yksil\u00f6llisi\u00e4 tuotteita sek\u00e4 el\u00e4v\u00e4n kaupungin. Yritt\u00e4jyys on asia, jonka edist\u00e4minen on elint\u00e4rke\u00e4\u00e4 ja yksi uuden eduskuntakauden p\u00e4\u00e4tavoite. Yritt\u00e4jyys tuo ty\u00f6t\u00e4 ja hyvinvointia meille kaikille.<\/p>\n<p><a href=\"http:\/\/www.verkkouutiset.fi\/index.php?option=com_content&amp;view=article&amp;id=60691%3Apalkat-jaeihin-kesaepuheita&amp;Itemid=8\">16.8.2011: Verkkouutisten haastattelu: Palkat j\u00e4ihin? \u201cKes\u00e4puheita\u201d<\/a><\/p>\n","protected":false},"excerpt":{"rendered":"<p>5.8.2013 Suvivirsi on osa suomalaista kulttuuria ja perinnett\u00e4. Ohessa apulaisoikeusasiamiehen ratkaisu asiaan liittyv\u00e4\u00e4n kanteluun. Sek\u00e4 linkki seurakuntalainen.fi \u2013 sivuston juttuun. 26.4.2013 Haastattelu Opettaja-lehdess\u00e4 (17\/2013, s.6) luettavissa t\u00e4st\u00e4 linkist\u00e4 20.11.2012 Olen mukana tiistaina Yle Radio Ykk\u00f6saamussa keskustelemassa taloustilanteesta klo 8.15. Voit kuunnella l\u00e4hetyst\u00e4 (Helsingiss\u00e4 87.9 MHz) suorana tai j\u00e4lkik\u00e4teen osoitteessa http:\/\/yle.fi\/radio1\/asia\/ykkosaamu\/ 20.9.2012 RAWR Magazine -verkkolehden MAMMA-projektin <a href=\"https:\/\/www.sarisarkomaa.fi\/?p=1184\" class=\"more-link\">...jatka lukemista<span class=\"screen-reader-text\"> \"Muualla netiss\u00e4\"<\/span><\/a><\/p>\n","protected":false},"author":1,"featured_media":0,"comment_status":"closed","ping_status":"closed","sticky":false,"template":"","format":"standard","meta":[],"categories":[1],"tags":[],"_links":{"self":[{"href":"https:\/\/www.sarisarkomaa.fi\/index.php?rest_route=\/wp\/v2\/posts\/1184"}],"collection":[{"href":"https:\/\/www.sarisarkomaa.fi\/index.php?rest_route=\/wp\/v2\/posts"}],"about":[{"href":"https:\/\/www.sarisarkomaa.fi\/index.php?rest_route=\/wp\/v2\/types\/post"}],"author":[{"embeddable":true,"href":"https:\/\/www.sarisarkomaa.fi\/index.php?rest_route=\/wp\/v2\/users\/1"}],"replies":[{"embeddable":true,"href":"https:\/\/www.sarisarkomaa.fi\/index.php?rest_route=%2Fwp%2Fv2%2Fcomments&post=1184"}],"version-history":[{"count":18,"href":"https:\/\/www.sarisarkomaa.fi\/index.php?rest_route=\/wp\/v2\/posts\/1184\/revisions"}],"predecessor-version":[{"id":6089,"href":"https:\/\/www.sarisarkomaa.fi\/index.php?rest_route=\/wp\/v2\/posts\/1184\/revisions\/6089"}],"wp:attachment":[{"href":"https:\/\/www.sarisarkomaa.fi\/index.php?rest_route=%2Fwp%2Fv2%2Fmedia&parent=1184"}],"wp:term":[{"taxonomy":"category","embeddable":true,"href":"https:\/\/www.sarisarkomaa.fi\/index.php?rest_route=%2Fwp%2Fv2%2Fcategories&post=1184"},{"taxonomy":"post_tag","embeddable":true,"href":"https:\/\/www.sarisarkomaa.fi\/index.php?rest_route=%2Fwp%2Fv2%2Ftags&post=1184"}],"curies":[{"name":"wp","href":"https:\/\/api.w.org\/{rel}","templated":true}]}}