{"id":11931,"date":"2023-03-17T11:06:01","date_gmt":"2023-03-17T09:06:01","guid":{"rendered":"https:\/\/www.sarisarkomaa.fi\/?p=11931"},"modified":"2023-03-17T11:06:01","modified_gmt":"2023-03-17T09:06:01","slug":"kuka-teidat-hoitaa-vanhana-tehyn-vaalipaneelissa-poliitikot-vastasivat-tiukkoihin-kysymyksiin-sote-alan-ongelmista","status":"publish","type":"post","link":"https:\/\/www.sarisarkomaa.fi\/?p=11931","title":{"rendered":"Kuka teid\u00e4t hoitaa vanhana? Tehyn vaalipaneelissa poliitikot vastasivat tiukkoihin kysymyksiin sote-alan ongelmista"},"content":{"rendered":"\n<p><em><a href=\"https:\/\/www.tehylehti.fi\/fi\/uutiset\/kuka-teidat-hoitaa-vanhana-tehyn-vaalipaneelissa-poliitikot-vastasivat-tiukkoihin\">Julkaistu Tehyn nettisivuilla 15.3.2023<\/a><\/em><\/p>\n\n\n\n<p>Tehyn suuressa sote-keskustelussa poliitikot kertoivat ratkaisujaan sote-alan polttaviin ongelmiin. He vastasivat my\u00f6s kysymykseen siit\u00e4, millaista hoitoa he itse vanhuudessa toivoisivat saavansa.<\/p>\n\n\n\n<p>KuvatekstiTehyn Suuri sote-keskustelu kokosi poliitikot keskustelemaan sote-alan ongelmista ja kertomaan niihin ratkaisujaan. Linkki keskustelun tallenteeseen l\u00f6ytyy jutun lopusta.<\/p>\n\n\n\n<p><strong>TEHYN SUURESSA SOTE-KESKUSTELUSSA&nbsp;<\/strong>puolueiden edustajat puivat kiihke\u00e4sti sote-alan ongelmia. Keskustelun aluksi Tehyn puheenjohtaja&nbsp;<strong>Millariikka Rytk\u00f6nen<\/strong>&nbsp;muistutti, ett\u00e4&nbsp;Tehy on valmistellut vaalien alla p\u00e4\u00e4tt\u00e4jille kolme kovaa keinoa tulevaa hallituskautta ja sote-palveluita ajatellen. Ne ovat raha, pelis\u00e4\u00e4nn\u00f6t ja osaavat tekij\u00e4t.<\/p>\n\n\n\n<p>\u201dKenellek\u00e4\u00e4n ei voi tulla yll\u00e4tyksen\u00e4 vanhuspalveluiden kriisi, p\u00e4ivystysten ruuhkat, valtavat leikkausjonot ja hoitovelka. Rahoituksen turvaamiseen haluamme vastauksia teilt\u00e4 p\u00e4\u00e4tt\u00e4jilt\u00e4. Tai vaihtoehtoisesti linjauksia siit\u00e4, keit\u00e4 j\u00e4tet\u00e4\u00e4n hoitamatta.\u201d<\/p>\n\n\n\n<p><strong>PUHEENJOHTAJA NOSTI ESIIN&nbsp;<\/strong>my\u00f6s potilasturvallisuuslain, jota moni panelisteista oli s\u00e4\u00e4t\u00e4m\u00e4ss\u00e4 viime syksyn\u00e4. Laki mahdollisti sen, ett\u00e4 hoitajat voidaan m\u00e4\u00e4r\u00e4t\u00e4 t\u00f6ihin ty\u00f6taistelun aikana.<\/p>\n\n\n\n<p>\u201dMinun on todella vaikea ymm\u00e4rt\u00e4\u00e4, miksi juuri hoitohenkil\u00f6st\u00f6n palkkauksen parantaminen on t\u00e4ss\u00e4 maassa niin vaikeaa, ett\u00e4 on ment\u00e4v\u00e4 vaikeimman ja kovimman kautta. N\u00e4in siit\u00e4 huolimatta, ett\u00e4 hoitajapula on tunnustettu tosiasia.\u201d<\/p>\n\n\n\n<p>Paneelin vet\u00e4j\u00e4, sosiaali- ja terveysalan erikoistoimittaja&nbsp;<strong>Tiina Merikanto<\/strong>&nbsp;kysyi, miksi lain puolesta \u00e4\u00e4nest\u00e4neet pitiv\u00e4t sit\u00e4 v\u00e4ltt\u00e4m\u00e4tt\u00f6m\u00e4n\u00e4.<\/p>\n\n\n\n<p>\"Se oli ep\u00e4miellytt\u00e4v\u00e4 lakihanke kaikille\", totesi keskustan kansanedustaja&nbsp;<strong>Markus Lohi<\/strong>. \"Kuulimme asiantuntijoita, jotka sanoivat, ett\u00e4 jos lakia ei s\u00e4\u00e4det\u00e4, ihmishenki\u00e4 menetet\u00e4\u00e4n. Teimme vaikean valinnan, ett\u00e4 laki s\u00e4\u00e4dettiin.\"<\/p>\n\n\n\n<p>Tilanteen vaikeutta korostivat my\u00f6s muut lakia s\u00e4\u00e4t\u00e4m\u00e4ss\u00e4 olleet panelistit.&nbsp;<\/p>\n\n\n\n<p><strong>SUURI OSA<\/strong>&nbsp;kiivaaksikin k\u00e4yneest\u00e4 paneelista k\u00e4sitteli hoitajapulaa. \u201dKaduttaako teit\u00e4, ett\u00e4 aiemmin on tehty liian v\u00e4h\u00e4n?\u201d, Tiina Merikanto tiukkasi panelisteilta.<\/p>\n\n\n\n<p>\u201dHenkil\u00f6st\u00f6pulan pahenemisen nopeus on yll\u00e4tt\u00e4nyt. Se on yll\u00e4tt\u00e4nyt ihan kaikki. On tehty paljon, mutta tekemisen rajuus olisi pit\u00e4nyt aloittaa aikaisemmin\u201d, my\u00f6nsi sosiaalidemokraattien perhe- ja peruspalveluministeri&nbsp;<strong>Krista Kiuru<\/strong>.<\/p>\n\n\n\n<p>\u201dYksi ongelma on tapa, jolla ollaan varauduttu. Ik\u00e4\u00e4ntymisest\u00e4 on puhuttu puhtaasti taloudellisena ongelmana. Varautuminen on tehty s\u00e4\u00e4st\u00f6t edell\u00e4. Milloinkaan ei ole puhuttu, mit\u00e4 ik\u00e4\u00e4ntyminen tarkoittaa hoivan n\u00e4k\u00f6kulmasta\u201d, Vasemmistoliiton opetusministeri&nbsp;<strong>Li Andersson<\/strong>&nbsp;sanoi.<\/p>\n\n\n\n<p>\u201dVarmasti kaduttaa, vaikka en ole ollut eduskunnassa. Naiset ovat olleet vuosikymmeni\u00e4 palkkakuopassa. Nyt on tullut ryhtiliike, ett\u00e4 kutsumuksella ei makseta kauppalaskua. Tarvitaan arvostusta ja palkkarahaa\u201d, kristillisdemokraattien&nbsp;<strong>Tiina Tuomela<\/strong>&nbsp;kommentoi.<\/p>\n\n\n\n<p>Liike nyt -puoleen&nbsp;<strong>Karoliina K\u00e4h\u00f6nen<\/strong>&nbsp;puolestaan muistutti, ett\u00e4 hoitajapulasta keskustellessa on kiinnitett\u00e4v\u00e4 huomiota my\u00f6s siihen, ett\u00e4 nykyisetkin hoitajat olisi saatava pidetty\u00e4 alalla.<\/p>\n\n\n\n<p><strong>PANELISTEILTA TIEDUSTELTIIN,<\/strong>&nbsp;mit\u00e4 he voivat poliitikkoina tehd\u00e4 hoitajapulan ratkaisemiseksi.&nbsp;<\/p>\n\n\n\n<p>\u201dT\u00e4m\u00e4 ei mene kuin vanhat piruetit. Nyt on otettava uusia keinoja k\u00e4ytt\u00f6\u00f6n\u201d, Krista Kiuru sanoi. H\u00e4nen mukaansa sote-j\u00e4rjestelm\u00e4ss\u00e4 on ymm\u00e4rrett\u00e4v\u00e4 entist\u00e4 paremmin hoitoty\u00f6n merkitys.<\/p>\n\n\n\n<p>Vihreiden kansanedustaja&nbsp;<strong>Iiris Suomela<\/strong>&nbsp;puhui riitt\u00e4v\u00e4n rahoituksen t\u00e4rkeydest\u00e4. \u201dKeskeinen ongelma on rahapula, etenkin perusterveydenhuollossa.\u201d<\/p>\n\n\n\n<p>\u201dSote-alalle tarvitaan my\u00f6s parempaa ty\u00f6terveyshuoltoa.\u201d<\/p>\n\n\n\n<p>\"Voimme m\u00e4\u00e4ritell\u00e4 kehyksi\u00e4 mitoituksen kautta\u201d, sanoi Ruotsalaisen kansanpuolueen kansanedustaja&nbsp;<strong>Anders Adlercreutz.&nbsp;<\/strong>H\u00e4n korosti my\u00f6s kokonaisuuden tarkastelua.&nbsp;\u201dSiihen liittyv\u00e4t rahat ja opiskelupaikat.\u201d<\/p>\n\n\n\n<p>Kokoomuksen kansanedustaja&nbsp;<strong>Sari Sarkomaa<\/strong>&nbsp;nosti esiin johtamisen. H\u00e4n muistutti, ett\u00e4 hoitoty\u00f6n johtajien asema on turvattava uusilla hyvinvointialueilla. Lis\u00e4ksi h\u00e4n korosti koulutuksen merkityst\u00e4.<\/p>\n\n\n\n<p>\u201dKiitos Tehylle, ett\u00e4 Helsingin yliopistoon saatiin terveystieteiden maisterikoulutus. Hoitajat haluavat urapolkuja.\u201d<\/p>\n\n\n\n<p>Terveystieteiden maisterikoulutus alkaa t\u00e4n\u00e4 vuonna uudelleen Helsingin yliopistossa.&nbsp;Tehy, Sairaanhoitajaliitto ja Helsingin ja Uudenmaan sairaanhoitopiiri puhuivat pitk\u00e4\u00e4n sen puolesta.&nbsp;<\/p>\n\n\n\n<p><strong>MY\u00d6S YLEIS\u00d6 OLI SAANUT ESITT\u00c4\u00c4&nbsp;<\/strong>panelisteille kysymyksi\u00e4. Yksi kysymyksist\u00e4 koski vanhustenhuoltoa:&nbsp;<em>Kun olet vanha, millaista hoitoa arvioit saavasi ja mink\u00e4laisessa paikassa?<\/em><\/p>\n\n\n\n<p>Valtaosa panelisteista toivoi voivansa vanhoina asua yhteis\u00f6llisesti ja saavansa hoitoa tarpeen mukaan.&nbsp;<\/p>\n\n\n\n<p>\u201dToivoisin, ett\u00e4 minun ei tarvitsisi ajaa ambulanssirallia\u201d, Krista Kiuru totesi.&nbsp;<\/p>\n\n\n\n<p>Tiina Merikanto kysyi panelisteilta, ovatkohan heid\u00e4n toiveensa toteutettavissa. Yhteis\u00f6kodissa asumista toivova Sari Sarkomaa uskoi, ett\u00e4 on.<\/p>\n\n\n\n<p>\u201dKyll\u00e4 se on mahdollista, mutta meid\u00e4n pit\u00e4\u00e4 rakentaa vaihtoehtoja kotihoidon, omaishoidon ja laitoshoidon v\u00e4liin.\u201d<\/p>\n\n\n\n<p>\u201dKun tarvitsen hoitoa, haluan olla paikassa, jossa on hoitoalan ammattilaisia. Ei ole muuta mahdollisuutta kuin yritt\u00e4\u00e4 huolehtia, ett\u00e4 n\u00e4in olisi. Ja toivon, ett\u00e4 joku voisi laittaa radion p\u00e4\u00e4lle tai vied\u00e4 minut ulos\u201d, Li Andersson sanoi.&nbsp;<\/p>\n\n\n\n<p><em><a href=\"https:\/\/www.tehylehti.fi\/fi\/uutiset\/kuka-teidat-hoitaa-vanhana-tehyn-vaalipaneelissa-poliitikot-vastasivat-tiukkoihin\">Voit katsoa paneelin tallenteen Tehyn nettisivuilla<\/a><\/em><\/p>\n","protected":false},"excerpt":{"rendered":"<p>Julkaistu Tehyn nettisivuilla 15.3.2023 Tehyn suuressa sote-keskustelussa poliitikot kertoivat ratkaisujaan sote-alan polttaviin ongelmiin. He vastasivat my\u00f6s kysymykseen siit\u00e4, millaista hoitoa he itse vanhuudessa toivoisivat saavansa. KuvatekstiTehyn Suuri sote-keskustelu kokosi poliitikot keskustelemaan sote-alan ongelmista ja kertomaan niihin ratkaisujaan. Linkki keskustelun tallenteeseen l\u00f6ytyy jutun lopusta. TEHYN SUURESSA SOTE-KESKUSTELUSSA&nbsp;puolueiden edustajat puivat kiihke\u00e4sti sote-alan ongelmia. Keskustelun aluksi Tehyn puheenjohtaja&nbsp;Millariikka <a href=\"https:\/\/www.sarisarkomaa.fi\/?p=11931\" class=\"more-link\">...jatka lukemista<span class=\"screen-reader-text\"> \"Kuka teid\u00e4t hoitaa vanhana? Tehyn vaalipaneelissa poliitikot vastasivat tiukkoihin kysymyksiin sote-alan ongelmista\"<\/span><\/a><\/p>\n","protected":false},"author":1,"featured_media":0,"comment_status":"closed","ping_status":"open","sticky":false,"template":"","format":"standard","meta":[],"categories":[4],"tags":[],"_links":{"self":[{"href":"https:\/\/www.sarisarkomaa.fi\/index.php?rest_route=\/wp\/v2\/posts\/11931"}],"collection":[{"href":"https:\/\/www.sarisarkomaa.fi\/index.php?rest_route=\/wp\/v2\/posts"}],"about":[{"href":"https:\/\/www.sarisarkomaa.fi\/index.php?rest_route=\/wp\/v2\/types\/post"}],"author":[{"embeddable":true,"href":"https:\/\/www.sarisarkomaa.fi\/index.php?rest_route=\/wp\/v2\/users\/1"}],"replies":[{"embeddable":true,"href":"https:\/\/www.sarisarkomaa.fi\/index.php?rest_route=%2Fwp%2Fv2%2Fcomments&post=11931"}],"version-history":[{"count":1,"href":"https:\/\/www.sarisarkomaa.fi\/index.php?rest_route=\/wp\/v2\/posts\/11931\/revisions"}],"predecessor-version":[{"id":11932,"href":"https:\/\/www.sarisarkomaa.fi\/index.php?rest_route=\/wp\/v2\/posts\/11931\/revisions\/11932"}],"wp:attachment":[{"href":"https:\/\/www.sarisarkomaa.fi\/index.php?rest_route=%2Fwp%2Fv2%2Fmedia&parent=11931"}],"wp:term":[{"taxonomy":"category","embeddable":true,"href":"https:\/\/www.sarisarkomaa.fi\/index.php?rest_route=%2Fwp%2Fv2%2Fcategories&post=11931"},{"taxonomy":"post_tag","embeddable":true,"href":"https:\/\/www.sarisarkomaa.fi\/index.php?rest_route=%2Fwp%2Fv2%2Ftags&post=11931"}],"curies":[{"name":"wp","href":"https:\/\/api.w.org\/{rel}","templated":true}]}}