{"id":12072,"date":"2023-04-11T15:46:03","date_gmt":"2023-04-11T13:46:03","guid":{"rendered":"https:\/\/www.sarisarkomaa.fi\/?p=12072"},"modified":"2023-04-11T15:46:03","modified_gmt":"2023-04-11T13:46:03","slug":"tiedote-11-4-2023-kokoomus-esittaa-eduskunnan-puhemieheksi-petteri-orpoa","status":"publish","type":"post","link":"https:\/\/www.sarisarkomaa.fi\/?p=12072","title":{"rendered":"Tiedote 11.4.2023: Kokoomus esitt\u00e4\u00e4 eduskunnan puhemieheksi Petteri Orpoa"},"content":{"rendered":"\n<p><strong>Kokoomuksen eduskuntaryhm\u00e4n ehdokas eduskunnan puhemieheksi on Petteri Orpo. Eduskuntaryhm\u00e4n puheenjohtajana jatkaa Kai Mykk\u00e4nen.<\/strong><\/p>\n\n\n\n<p>Kokoomuksen eduskuntaryhm\u00e4 piti j\u00e4rjest\u00e4ytymiskokouksen tiistaiaamuna. Eduskuntaryhm\u00e4 valitsi puolueen puheenjohtajan&nbsp;<strong>Petteri Orpon<\/strong>&nbsp;ehdokkaakseen eduskunnan puhemieheksi.&nbsp;<\/p>\n\n\n\n<p>Eduskuntaryhm\u00e4n puheenjohtajana jatkaa&nbsp;<strong>Kai Mykk\u00e4nen<\/strong>&nbsp;(Uusimaa). Mykk\u00e4nen on hoitanut teht\u00e4v\u00e4\u00e4 kes\u00e4kuusta 2019 alkaen. Aiemmin h\u00e4n on toiminut muun muassa ulkomaankauppa- ja kehitysministerin\u00e4 sek\u00e4 sis\u00e4ministerin\u00e4.<\/p>\n\n\n\n<p>\"On kunnia johtaa tuntuvasti kasvanutta Kokoomuksen eduskuntaryhm\u00e4\u00e4. Kev\u00e4\u00e4n t\u00e4rke\u00e4 teht\u00e4v\u00e4 on muodostaa maahan hallitus, joka k\u00e4\u00e4nt\u00e4\u00e4 Suomen kest\u00e4v\u00e4n kasvun tielle jatkuvan velkaelvytyksen sijaan. Eduskuntaryhm\u00e4 tukee t\u00e4ss\u00e4 ty\u00f6ss\u00e4 puolueen puheenjohtaja Orpoa kaikin tavoin\", Mykk\u00e4nen sanoo.<\/p>\n\n\n\n<p>Eduskuntaryhm\u00e4n ensimm\u00e4isen\u00e4 varapuheenjohtajana jatkaa&nbsp;<strong>Sari Sarkomaa<\/strong>&nbsp;(Helsinki), toisena varapuheenjohtajana&nbsp;<strong>Jukka Kopra<\/strong>&nbsp;(Kaakkois-Suomi) ja kolmantena varapuheenjohtajana&nbsp;<strong>Pia Kauman<\/strong>&nbsp;(Uusimaa).<\/p>\n","protected":false},"excerpt":{"rendered":"<p>Kokoomuksen eduskuntaryhm\u00e4n ehdokas eduskunnan puhemieheksi on Petteri Orpo. Eduskuntaryhm\u00e4n puheenjohtajana jatkaa Kai Mykk\u00e4nen. Kokoomuksen eduskuntaryhm\u00e4 piti j\u00e4rjest\u00e4ytymiskokouksen tiistaiaamuna. Eduskuntaryhm\u00e4 valitsi puolueen puheenjohtajan&nbsp;Petteri Orpon&nbsp;ehdokkaakseen eduskunnan puhemieheksi.&nbsp; Eduskuntaryhm\u00e4n puheenjohtajana jatkaa&nbsp;Kai Mykk\u00e4nen&nbsp;(Uusimaa). Mykk\u00e4nen on hoitanut teht\u00e4v\u00e4\u00e4 kes\u00e4kuusta 2019 alkaen. Aiemmin h\u00e4n on toiminut muun muassa ulkomaankauppa- ja kehitysministerin\u00e4 sek\u00e4 sis\u00e4ministerin\u00e4. \"On kunnia johtaa tuntuvasti kasvanutta Kokoomuksen eduskuntaryhm\u00e4\u00e4. Kev\u00e4\u00e4n <a href=\"https:\/\/www.sarisarkomaa.fi\/?p=12072\" class=\"more-link\">...jatka lukemista<span class=\"screen-reader-text\"> \"Tiedote 11.4.2023: Kokoomus esitt\u00e4\u00e4 eduskunnan puhemieheksi Petteri Orpoa\"<\/span><\/a><\/p>\n","protected":false},"author":1,"featured_media":0,"comment_status":"closed","ping_status":"open","sticky":false,"template":"","format":"standard","meta":[],"categories":[4],"tags":[],"_links":{"self":[{"href":"https:\/\/www.sarisarkomaa.fi\/index.php?rest_route=\/wp\/v2\/posts\/12072"}],"collection":[{"href":"https:\/\/www.sarisarkomaa.fi\/index.php?rest_route=\/wp\/v2\/posts"}],"about":[{"href":"https:\/\/www.sarisarkomaa.fi\/index.php?rest_route=\/wp\/v2\/types\/post"}],"author":[{"embeddable":true,"href":"https:\/\/www.sarisarkomaa.fi\/index.php?rest_route=\/wp\/v2\/users\/1"}],"replies":[{"embeddable":true,"href":"https:\/\/www.sarisarkomaa.fi\/index.php?rest_route=%2Fwp%2Fv2%2Fcomments&post=12072"}],"version-history":[{"count":1,"href":"https:\/\/www.sarisarkomaa.fi\/index.php?rest_route=\/wp\/v2\/posts\/12072\/revisions"}],"predecessor-version":[{"id":12073,"href":"https:\/\/www.sarisarkomaa.fi\/index.php?rest_route=\/wp\/v2\/posts\/12072\/revisions\/12073"}],"wp:attachment":[{"href":"https:\/\/www.sarisarkomaa.fi\/index.php?rest_route=%2Fwp%2Fv2%2Fmedia&parent=12072"}],"wp:term":[{"taxonomy":"category","embeddable":true,"href":"https:\/\/www.sarisarkomaa.fi\/index.php?rest_route=%2Fwp%2Fv2%2Fcategories&post=12072"},{"taxonomy":"post_tag","embeddable":true,"href":"https:\/\/www.sarisarkomaa.fi\/index.php?rest_route=%2Fwp%2Fv2%2Ftags&post=12072"}],"curies":[{"name":"wp","href":"https:\/\/api.w.org\/{rel}","templated":true}]}}