{"id":1215,"date":"2011-09-28T12:59:46","date_gmt":"2011-09-28T10:59:46","guid":{"rendered":"http:\/\/www.kaikupuro.fi\/SariSarkomaa\/?p=1215"},"modified":"2011-09-28T12:59:46","modified_gmt":"2011-09-28T10:59:46","slug":"keskustan-kuntapolitiikkaan-ei-ole-enaa-varaa","status":"publish","type":"post","link":"https:\/\/www.sarisarkomaa.fi\/?p=1215","title":{"rendered":"Keskustan kuntapolitiikkaan ei ole en\u00e4\u00e4 varaa"},"content":{"rendered":"<p><a href=\"http:\/\/www.verkkouutiset.fi\/index.php?option=com_content&amp;view=article&amp;id=63405:sarkomaa-keskustan-kuntapolitiikkaan-ei-ole-enaeae-varaa&amp;catid=72:vieras-blogi-uusin-blogi&amp;Itemid=15\">28.9.2011 Verkkouutisten blogi<\/a><\/p>\n<p><strong>Kataisen hallituksen vauhdittama kunta- ja palvelurakenneuudistus ei tule pyyt\u00e4m\u00e4tt\u00e4 ja yll\u00e4tyksen\u00e4 vaikka Keskusta niin v\u00e4itt\u00e4\u00e4.<\/strong> Ty\u00f6 on suoraa jatkumoa edellisten hallitusten ja etenkin keskustalaisten kuntaministereiden ty\u00f6lle, joissa tavoitteena on ollut ja on l\u00e4hipalveluiden turvaaminen ja kunnallisen itsehallinnon vahvistaminen<em>.<\/em> <strong>Onkin perin kummallista, ett\u00e4 keskusta on nyt oppositioon siirrytty\u00e4\u00e4n yht\u00e4kki\u00e4 omaa ty\u00f6t\u00e4\u00e4n vastaan.<\/strong><\/p>\n<p>Uusi hallitus on tietenkin pyrkinyt ottamaan oppia tehdyist\u00e4 virheist\u00e4. <strong>Kunta- ja palvelurakenneuudistuksen on oltava joka suhteessa parempi kuin se mit\u00e4 t\u00e4h\u00e4n asti on tehty.<\/strong> Uudistuksen onnistuminen on aivan v\u00e4ltt\u00e4m\u00e4t\u00f6nt\u00e4 ihmisten arjen sujuvuuden, ik\u00e4\u00e4ntyv\u00e4n Suomen voimavarojen riitt\u00e4vyyden sek\u00e4 velkaantumiskierteemme katkaisemisen kannalta. <strong>Keskustankin pit\u00e4isi my\u00f6nt\u00e4\u00e4, ett\u00e4 ilman uutta vauhtia ja Paras - hanketta parempaa otetta emme onnistu peruspalveluiden turvaamisessa.<\/strong><\/p>\n<p><strong>Paras-hanke ei ollut paras vaan paremminkin kehnohko. Sen tulokset olivat aivan liian laihoja. Kuntakentt\u00e4 on edelleen pirstaleinen sek\u00e4 pienkuntavaltainen ja palvelutarjonta on eriarvoistumassa.<\/strong> Syyn\u00e4 on osin se, ett\u00e4 kaikki kuntap\u00e4\u00e4tt\u00e4j\u00e4t eiv\u00e4t halunneet ryhty\u00e4 v\u00e4ltt\u00e4m\u00e4tt\u00f6miin toimiin kuntarakenteiden tervehdytt\u00e4miseksi. Osin my\u00f6s siksi, ett\u00e4 valtiovalta ei riitt\u00e4v\u00e4n laadukkaasti ohjannut uudistusta.<\/p>\n<p>Palveluiden j\u00e4rjest\u00e4misvastuu ei ole miss\u00e4\u00e4n Euroopan maassa niin pirstaloitunut kuin Suomessa. <strong>Jos kunnat keksitt\u00e4isiin ja perustettaisiin t\u00e4n\u00e4 p\u00e4iv\u00e4n\u00e4, niin en usko, ett\u00e4 kukaan keksisi esitt\u00e4\u00e4 nykyist\u00e4 kuntarakennetta erilaisine yhteisty\u00f6muotoineen. <\/strong>Jos joku esitt\u00e4isi, niin esitt\u00e4j\u00e4\u00e4 pidett\u00e4isiin v\u00e4hint\u00e4\u00e4nkin \u201dsein\u00e4hulluna\u201d.<\/p>\n<p><strong>Tuoreimmassa valtiontalouden tarkastusviraston kertomuksessa todetaankin, ett\u00e4 Paras -lain yleisluonteisuus ja ohjauksen ongelmat ovat johtaneet hajanaisiin k\u00e4yt\u00e4nt\u00f6ihin ja eriarvoisuuteen palveluiden saatavuudessa. <\/strong><\/p>\n<p><strong>Hallitus ei ole viel\u00e4 p\u00e4\u00e4tt\u00e4nyt kunta- ja palvelurakenneuudistuksen vauhdituskeinoista mutta pakollisia ja v\u00e4ltt\u00e4m\u00e4tt\u00f6mi\u00e4 ne ovat. Ilman lis\u00e4keppi\u00e4 ja -porkkanaa ei uudistus onnistu.<\/strong> V\u00e4ltt\u00e4m\u00e4t\u00f6nt\u00e4 on my\u00f6s se, ett\u00e4 uudistusta valmistellaan aidossa yhteisty\u00f6ss\u00e4 kuntakent\u00e4n ja kuntalaisten kanssa, aivan kuten Kataisen hallitus on linjannutkin.<strong><span style=\"text-decoration: underline;\"> <\/span><\/strong><\/p>\n<p>Paras-hankkeen tavoitteiden t\u00e4ytt\u00e4m\u00e4tt\u00f6myyden syyn\u00e4 on tarkastusvirastonkin mukaan se, ett\u00e4 palveluita ohjaavat lains\u00e4\u00e4d\u00e4nt\u00f6ratkaisut ovat osin avoinna. <strong>Keskusta kampitti harmillisesti edellisen hallituksen yrityksen sopia terveydenhuollon rakenteista. <\/strong>T\u00e4m\u00e4n hallituksen on linjattava ripe\u00e4sti ja selke\u00e4sti sosiaali- ja terveydenhuollon rakenteista, rahoituksesta ja j\u00e4rjest\u00e4misvastuista. Yht\u00e4 t\u00e4rke\u00e4\u00e4 on, ett\u00e4 kunnat tekev\u00e4t saumatonta yhteisty\u00f6t\u00e4 yksityisten sektorin ja j\u00e4rjest\u00f6jen kanssa.<\/p>\n<p><strong>On pakko ihmetell\u00e4 sit\u00e4, miksi keskusta kaivaa l\u00e4hipalvelulaki-idean esille vasta oppositiossa. <\/strong>Keskustan puheenjohtaja Kiviniemi on ollut kuntaministerin\u00e4 ja p\u00e4\u00e4ministerin\u00e4 eik\u00e4 silloin l\u00e4hipalvelulaki ole ollut edes asialistalla. Jos yhdell\u00e4 lailla saisi taattua kaikille laadukkaat palvelut, olisi laki varmasti jo s\u00e4\u00e4detty. <strong>Keskustan heitto l\u00e4hipalvelulaista onkin vain silm\u00e4nk\u00e4\u00e4nt\u00f6temppu.<\/strong><\/p>\n<p><strong>Keskustan hellim\u00e4lle ajatukselle kunnollisen kuntaremontin sijaan luoda uutta v\u00e4liportaan hallintoa on sanottava ehdoton ei.<\/strong> Suomalaiset eiv\u00e4t tarvitse lis\u00e4\u00e4 byrokratiaa eiv\u00e4tk\u00e4 veroja, vaan parempia palveluja nykyist\u00e4 kustannustehokkaammin tuotettuna. Kuntien vaakunoita ja kunnantaloja t\u00e4rke\u00e4mpi asia on ihmisten peruspalvelut. <strong>On t\u00e4ysin varmaa, ett\u00e4 esimerkiksi sairastuttuaan ja terveydenhuoltopalveluja tarvitessaan ihmisille ei ole niink\u00e4\u00e4n t\u00e4rke\u00e4\u00e4 se, miss\u00e4 kuntaraja kulkee vaan se, ett\u00e4 palvelun saa.<\/strong><\/p>\n<p>Sari Sarkomaa (kok)<br \/>\nKansanedustaja<br \/>\nValtiovarainvaliokunnan kunta- ja terveysjaoston puheenjohtaja<\/p>\n","protected":false},"excerpt":{"rendered":"<p>28.9.2011 Verkkouutisten blogi Kataisen hallituksen vauhdittama kunta- ja palvelurakenneuudistus ei tule pyyt\u00e4m\u00e4tt\u00e4 ja yll\u00e4tyksen\u00e4 vaikka Keskusta niin v\u00e4itt\u00e4\u00e4. Ty\u00f6 on suoraa jatkumoa edellisten hallitusten ja etenkin keskustalaisten kuntaministereiden ty\u00f6lle, joissa tavoitteena on ollut ja on l\u00e4hipalveluiden turvaaminen ja kunnallisen itsehallinnon vahvistaminen. Onkin perin kummallista, ett\u00e4 keskusta on nyt oppositioon siirrytty\u00e4\u00e4n yht\u00e4kki\u00e4 omaa ty\u00f6t\u00e4\u00e4n vastaan. Uusi <a href=\"https:\/\/www.sarisarkomaa.fi\/?p=1215\" class=\"more-link\">...jatka lukemista<span class=\"screen-reader-text\"> \"Keskustan kuntapolitiikkaan ei ole en\u00e4\u00e4 varaa\"<\/span><\/a><\/p>\n","protected":false},"author":1,"featured_media":0,"comment_status":"closed","ping_status":"closed","sticky":false,"template":"","format":"standard","meta":[],"categories":[8,1],"tags":[],"_links":{"self":[{"href":"https:\/\/www.sarisarkomaa.fi\/index.php?rest_route=\/wp\/v2\/posts\/1215"}],"collection":[{"href":"https:\/\/www.sarisarkomaa.fi\/index.php?rest_route=\/wp\/v2\/posts"}],"about":[{"href":"https:\/\/www.sarisarkomaa.fi\/index.php?rest_route=\/wp\/v2\/types\/post"}],"author":[{"embeddable":true,"href":"https:\/\/www.sarisarkomaa.fi\/index.php?rest_route=\/wp\/v2\/users\/1"}],"replies":[{"embeddable":true,"href":"https:\/\/www.sarisarkomaa.fi\/index.php?rest_route=%2Fwp%2Fv2%2Fcomments&post=1215"}],"version-history":[{"count":2,"href":"https:\/\/www.sarisarkomaa.fi\/index.php?rest_route=\/wp\/v2\/posts\/1215\/revisions"}],"predecessor-version":[{"id":1217,"href":"https:\/\/www.sarisarkomaa.fi\/index.php?rest_route=\/wp\/v2\/posts\/1215\/revisions\/1217"}],"wp:attachment":[{"href":"https:\/\/www.sarisarkomaa.fi\/index.php?rest_route=%2Fwp%2Fv2%2Fmedia&parent=1215"}],"wp:term":[{"taxonomy":"category","embeddable":true,"href":"https:\/\/www.sarisarkomaa.fi\/index.php?rest_route=%2Fwp%2Fv2%2Fcategories&post=1215"},{"taxonomy":"post_tag","embeddable":true,"href":"https:\/\/www.sarisarkomaa.fi\/index.php?rest_route=%2Fwp%2Fv2%2Ftags&post=1215"}],"curies":[{"name":"wp","href":"https:\/\/api.w.org\/{rel}","templated":true}]}}