{"id":12204,"date":"2023-10-09T09:20:02","date_gmt":"2023-10-09T07:20:02","guid":{"rendered":"https:\/\/www.sarisarkomaa.fi\/?p=12204"},"modified":"2023-10-09T09:20:02","modified_gmt":"2023-10-09T07:20:02","slug":"vakivalta-ei-kuulu-tyopaikoille","status":"publish","type":"post","link":"https:\/\/www.sarisarkomaa.fi\/?p=12204","title":{"rendered":"V\u00e4kivalta ei kuulu ty\u00f6paikoille"},"content":{"rendered":"\n<p>Kirit\u00e4n\u00a0p\u00e4\u00e4ministeri Petteri Orpon hallitusta viem\u00e4\u00e4n ripe\u00e4sti eteenp\u00e4in hallitusohjelman v\u00e4ltt\u00e4m\u00e4tt\u00f6mi\u00e4 ja tervetulleita kirjauksia ty\u00f6turvallisuuden ja ty\u00f6el\u00e4m\u00e4n v\u00e4kivaltatilanteiden ennaltaehk\u00e4isemiseksi.<\/p>\n\n\n\n<p>Sote-, pelastus-, kasvatus- ja opetusalojen turvallisuustilanne on h\u00e4lytt\u00e4v\u00e4. On vakava tosiasia, ett\u00e4 v\u00e4kivalta ja sen uhka ovat l\u00e4hes p\u00e4ivitt\u00e4isi\u00e4 ongelmia n\u00e4iden alojen ty\u00f6paikoilla. Sosiaali-, terveys- ja kasvatusalan ammattij\u00e4rjest\u00f6 Tehyn tuoreimman tutkimuksen mukaan 69 prosenttia vastaajista on kokenut ty\u00f6ss\u00e4\u00e4n v\u00e4kivaltaa tai sen uhkaa. V\u00e4kivaltaa on esiintynyt esimerkiksi potkimisena, ly\u00f6misen\u00e4 ja jopa tappouhkauksina.<\/p>\n\n\n\n<p>On kiitett\u00e4v\u00e4\u00e4, ett\u00e4 hallitusneuvotteluissa ymm\u00e4rrettiin tarve toimille sote- ja pelastusalan ty\u00f6turvallisuuden parantamiseksi. Hallitus on ohjelmassaan sitoutunut muun muassa vahvistamaan hoito- ja pelastushenkil\u00f6kunnan oikeussuojaa ty\u00f6h\u00f6n liittyviss\u00e4 v\u00e4kivaltatilanteissa. Ty\u00f6ntekij\u00f6iden oikeussuoja vastaisi jatkossa virkamiehen suojaa.<\/p>\n\n\n\n<p>On t\u00e4rke\u00e4\u00e4, ett\u00e4 asiasta saadaan esitykset eduskuntaan mahdollisimman pian. Tarve muutokselle on ollut jo pitk\u00e4\u00e4n huutava.<\/p>\n\n\n\n<p>Esit\u00e4n, ett\u00e4 Suomeen perustettaisiin sote-, pelastus-, kasvatus- ja opetusaloja kokonaisuudessaan koskeva valtakunnallinen ty\u00f6turvallisuushanke, joka toteutettaisiin sosiaali- ja terveysministeri\u00f6n, opetusministeri\u00f6n, oikeusministeri\u00f6n ja sis\u00e4ministeri\u00f6n tiiviin\u00e4 yhteisty\u00f6n\u00e4.<\/p>\n\n\n\n<p>Tavoitteena olisi kartoittaa alojen v\u00e4kivaltatilannetta ja luoda toimintamalli, jolla v\u00e4kivaltaa voidaan konkreettisesti ennaltaehk\u00e4ist\u00e4. Ty\u00f6ryhm\u00e4\u00e4n tulisi koota keskeiset ty\u00f6ntekij\u00f6iden ja ty\u00f6nantajien edustajat. Esit\u00e4n, ett\u00e4 hallitus nime\u00e4isi ty\u00f6ryhm\u00e4n viipym\u00e4tt\u00e4. Esimerkiksi Tehy on perustellusti esitt\u00e4nyt vastaavan kaltaisen ty\u00f6ryhm\u00e4n perustamista.<\/p>\n\n\n\n<p>Ty\u00f6nantajien toimenpiteill\u00e4 voidaan merkitt\u00e4v\u00e4sti v\u00e4hent\u00e4\u00e4 henkil\u00f6st\u00f6\u00f6n kohdistuvaa v\u00e4kivaltaa ja sen uhkaa. Nykyinen s\u00e4\u00e4ntely ty\u00f6nantajan puuttumisvelvollisuudesta v\u00e4kivaltatilanteissa ei ole riitt\u00e4v\u00e4n tiukkaa ja t\u00e4sm\u00e4llist\u00e4. Lains\u00e4\u00e4d\u00e4nn\u00f6n pit\u00e4isi paremmin tukea tavoitetta ty\u00f6paikkojen ehdottomasta nollatoleranssista v\u00e4kivallan ja sen uhan suhteen.<\/p>\n\n\n\n<p>V\u00e4kivaltatilanteisiin on kyett\u00e4v\u00e4 puuttumaan nykyist\u00e4 huomattavasti tehokkaammin. Tehyn tuoreimmassa tutkimuksessa 39 prosenttia vastaajista kertoi, ettei v\u00e4kivaltatilanteesta eteenp\u00e4in kertominen johtanut mink\u00e4\u00e4nlaisiin jatkotoimenpiteisiin. Kirit\u00e4n kuntia ja hyvinvointialueita sek\u00e4 muita ty\u00f6nantajia lis\u00e4toimiin v\u00e4kivallan kitkemiseksi ty\u00f6paikoilta. My\u00f6s valtiovallan on siihen nykyist\u00e4 vahvemmin ohjattava.<\/p>\n\n\n\n<p>Ty\u00f6paikkojen turvallisuudesta huolehtiminen on yksi keskeinen toimi sote-, pelastus-, kasvatus- ja opetusalojen pito- ja vetovoiman vahvistamisessa. V\u00e4kivalta ei kuulu ty\u00f6p\u00e4iv\u00e4\u00e4n.<\/p>\n","protected":false},"excerpt":{"rendered":"<p>Kirit\u00e4n\u00a0p\u00e4\u00e4ministeri Petteri Orpon hallitusta viem\u00e4\u00e4n ripe\u00e4sti eteenp\u00e4in hallitusohjelman v\u00e4ltt\u00e4m\u00e4tt\u00f6mi\u00e4 ja tervetulleita kirjauksia ty\u00f6turvallisuuden ja ty\u00f6el\u00e4m\u00e4n v\u00e4kivaltatilanteiden ennaltaehk\u00e4isemiseksi. Sote-, pelastus-, kasvatus- ja opetusalojen turvallisuustilanne on h\u00e4lytt\u00e4v\u00e4. On vakava tosiasia, ett\u00e4 v\u00e4kivalta ja sen uhka ovat l\u00e4hes p\u00e4ivitt\u00e4isi\u00e4 ongelmia n\u00e4iden alojen ty\u00f6paikoilla. Sosiaali-, terveys- ja kasvatusalan ammattij\u00e4rjest\u00f6 Tehyn tuoreimman tutkimuksen mukaan 69 prosenttia vastaajista on kokenut ty\u00f6ss\u00e4\u00e4n <a href=\"https:\/\/www.sarisarkomaa.fi\/?p=12204\" class=\"more-link\">...jatka lukemista<span class=\"screen-reader-text\"> \"V\u00e4kivalta ei kuulu ty\u00f6paikoille\"<\/span><\/a><\/p>\n","protected":false},"author":1,"featured_media":12160,"comment_status":"closed","ping_status":"open","sticky":false,"template":"","format":"standard","meta":[],"categories":[8],"tags":[],"_links":{"self":[{"href":"https:\/\/www.sarisarkomaa.fi\/index.php?rest_route=\/wp\/v2\/posts\/12204"}],"collection":[{"href":"https:\/\/www.sarisarkomaa.fi\/index.php?rest_route=\/wp\/v2\/posts"}],"about":[{"href":"https:\/\/www.sarisarkomaa.fi\/index.php?rest_route=\/wp\/v2\/types\/post"}],"author":[{"embeddable":true,"href":"https:\/\/www.sarisarkomaa.fi\/index.php?rest_route=\/wp\/v2\/users\/1"}],"replies":[{"embeddable":true,"href":"https:\/\/www.sarisarkomaa.fi\/index.php?rest_route=%2Fwp%2Fv2%2Fcomments&post=12204"}],"version-history":[{"count":1,"href":"https:\/\/www.sarisarkomaa.fi\/index.php?rest_route=\/wp\/v2\/posts\/12204\/revisions"}],"predecessor-version":[{"id":12205,"href":"https:\/\/www.sarisarkomaa.fi\/index.php?rest_route=\/wp\/v2\/posts\/12204\/revisions\/12205"}],"wp:featuredmedia":[{"embeddable":true,"href":"https:\/\/www.sarisarkomaa.fi\/index.php?rest_route=\/wp\/v2\/media\/12160"}],"wp:attachment":[{"href":"https:\/\/www.sarisarkomaa.fi\/index.php?rest_route=%2Fwp%2Fv2%2Fmedia&parent=12204"}],"wp:term":[{"taxonomy":"category","embeddable":true,"href":"https:\/\/www.sarisarkomaa.fi\/index.php?rest_route=%2Fwp%2Fv2%2Fcategories&post=12204"},{"taxonomy":"post_tag","embeddable":true,"href":"https:\/\/www.sarisarkomaa.fi\/index.php?rest_route=%2Fwp%2Fv2%2Ftags&post=12204"}],"curies":[{"name":"wp","href":"https:\/\/api.w.org\/{rel}","templated":true}]}}